{"id":42651,"date":"2024-03-21T13:41:08","date_gmt":"2024-03-21T16:41:08","guid":{"rendered":"https:\/\/culturalizabh.com.br\/?p=42651"},"modified":"2024-03-21T13:43:16","modified_gmt":"2024-03-21T16:43:16","slug":"paulinho-alabart-apresenta-show-de-lancamento-do-novo-ep-rosas-e-amor","status":"publish","type":"post","link":"https:\/\/culturalizabh.com.br\/index.php\/2024\/03\/21\/paulinho-alabart-apresenta-show-de-lancamento-do-novo-ep-rosas-e-amor\/","title":{"rendered":"Paulinho Alabart apresenta show de lan\u00e7amento do novo EP &#8220;Rosas e Amor&#8221;"},"content":{"rendered":"<p><strong>Paulinho Alabart &#8211; Foto: Francisco Dumont.<\/strong><\/p>\n<p>&nbsp;<\/p>\n<p>&nbsp;<\/p>\n<p style=\"text-align: center;\"><strong><i>Com 15 faixas no total, o trabalho, registrado ao vivo em BH no final do ano passado, traz uma viagem pelos caminhos dos amores e grandes can\u00e7\u00f5es que perduram ao tempo e habitam na alma do povo brasileiro; apresenta\u00e7\u00e3o das cinco can\u00e7\u00f5es do EP01 \u00a0acontece na pr\u00f3xima ter\u00e7a-feira, na Dome Lounge<\/i><\/strong><\/p>\n<p>&nbsp;<\/p>\n<div><center>\u00a0<\/center><\/p>\n<p style=\"text-align: left;\">O cantor e compositor Paulinho Alabart vai come\u00e7ar a acalmar a ansiedade dos f\u00e3s que acompanham a sua carreira. Ap\u00f3s o sucesso do show de grava\u00e7\u00e3o do projeto audiovisual \u201cRosas e Amor\u201d, no final do ano passado, ele inicia a divulga\u00e7\u00e3o do trabalho. Na pr\u00f3xima ter\u00e7a-feira, 26 de mar\u00e7o, \u00e0s 23h o artista estar\u00e1 na Dome Lounge (Av. Presidente Carlos Luz, 847 &#8211; Alto Cai\u00e7aras, Belo Horizonte \u2013 MG) para a apresenta\u00e7\u00e3o que celebra o lan\u00e7amento do primeiro EP, com 5 faixas, al\u00e9m do v\u00eddeo da can\u00e7\u00e3o in\u00e9dita \u2018Lamento (Flores e Chocolate)&#8217;.<\/p>\n<p>&nbsp;<\/p>\n<p style=\"text-align: left;\">O novo trabalho de Paulinho Alabart conta com 15 can\u00e7\u00f5es que foram divididas em tr\u00eas EP\u2019s. \u201cEscolhi trazer m\u00fasicas que fazem parte do nosso subconsciente e cotidiano, nos transportando no tempo. Temos Ritchie, M\u00e1rcio Greyck, Amado Batista e v\u00e1rias outras refer\u00eancias da m\u00fasica brasileira al\u00e9m, \u00e9 claro, dos meus trabalhos autorais, como\u00a0<em>Pega Fogo Cabar\u00e9, Dias Perfeitos<\/em>\u00a0<em>e\u00a0<\/em><em>Sonho Americano<\/em><em>\u201d,\u00a0<\/em><em>revela o cantor, que neste primeiro lan\u00e7amento apresenta cinco faixas e, nos pr\u00f3ximos meses, vai disponibilizar os outros dois EP\u2019s.<\/em><\/p>\n<p>&nbsp;<\/p>\n<p style=\"text-align: left;\">Paulinho Alabart, que acaba de assinar com a ONErpm, destaca que este trabalho \u00e9 um marco na sua trajet\u00f3ria como artista. \u201cCelebramos e retratamos o amor neste novo projeto, com um repert\u00f3rio de obras primas de grandes mestres int\u00e9rpretes e compositores, al\u00e9m de m\u00fasicas autorais que marcaram a minha jornada e de toda uma gera\u00e7\u00e3o\u201d, diz o cantor, que al\u00e9m de lan\u00e7ar o EP, vai liberar semanalmente os v\u00eddeos do registro audiovisual em seu canal no YouTube.<\/p>\n<p>&nbsp;<\/p>\n<p style=\"text-align: left;\">Fa\u00e7a o pr\u00e9-save do EP:\u00a0<a href=\"https:\/\/onerpm.link\/rosaseamor\" target=\"_blank\" rel=\"noopener\" data-saferedirecturl=\"https:\/\/www.google.com\/url?q=https:\/\/onerpm.link\/rosaseamor&amp;source=gmail&amp;ust=1711121755761000&amp;usg=AOvVaw04PZXHWFvAoj0FcctL-wFF\">https:\/\/onerpm.link\/rosaseamor<\/a><\/p>\n<p>&nbsp;<\/p>\n<p style=\"text-align: left;\"><strong>Sobre\u00a0<\/strong><strong>Paulinho<\/strong><strong>\u00a0<\/strong><strong>Alabart<\/strong><\/p>\n<p>&nbsp;<\/p>\n<p style=\"text-align: left;\">Nascido e criado na cidade de Belo Horizonte,\u00a0Paulinho\u00a0sempre esteve envolvido com a m\u00fasica e, desde crian\u00e7a, demonstrou uma voca\u00e7\u00e3o para esse dom que, posteriormente, se tornaria seu trabalho. Sua inf\u00e2ncia e vida n\u00e3o apenas moldaram a personalidade do homem, mas tamb\u00e9m influenciaram o perfil do artista, refletindo-se em seu estilo, forma de cantar e nas letras de suas m\u00fasicas.<\/p>\n<p>&nbsp;<\/p>\n<p style=\"text-align: left;\">Sua estreia na m\u00fasica sertaneja ocorreu em 2002. Durante oito anos, o cantor se apresentou em diversas casas de shows da capital mineira, Belo Horizonte, at\u00e9 se tornar residente da Ter\u00e7a Sertaneja mais famosa do BH, a mesma que revelou C\u00e9sar Menotti e Fabiano (Observat\u00f3rio), ao lado do parceiro Fred, formou a dupla Fred &amp;\u00a0Paulinho. Percorreram cerca de 400 cidades brasileiras e lan\u00e7aram m\u00fasicas que se tornaram conhecidas do p\u00fablico, como &#8220;Pega fogo Cabar\u00e9,&#8221; &#8220;Dias perfeitos&#8221; e &#8220;Sonho Americano.&#8221;<\/p>\n<p>&nbsp;<\/p>\n<p style=\"text-align: left;\">Ap\u00f3s o t\u00e9rmino da dupla, em 2010,\u00a0Paulinho\u00a0Alabart\u00a0seguiu sua carreira solo, levando seu show para diversos cantos do Brasil, inclusive cativando o p\u00fablico na terra do Ax\u00e9. Com oito CDs gravados e mais de 20 anos de experi\u00eancia at\u00e9 2023, ap\u00f3s aprendizados ao longo desse per\u00edodo, agora comanda o Domingo do Botequim de Lourdes em BH, ele passa a gest\u00e3o de seu projeto para Romualdo Bueno, um produtor com vasta experi\u00eancia no showbusiness e que possui v\u00e1rios cases de sucesso em seu curr\u00edculo.<\/p>\n<p>&nbsp;<\/p>\n<p style=\"text-align: left;\"><strong>Youtube do\u00a0<\/strong><strong>Paulinho<\/strong><strong>\u00a0<\/strong><strong>Alabart<\/strong><strong>:<\/strong>\u00a0<a href=\"https:\/\/youtube.com\/@PaulinhoAlabart\" target=\"_blank\" rel=\"noopener\" data-saferedirecturl=\"https:\/\/www.google.com\/url?q=https:\/\/youtube.com\/@PaulinhoAlabart&amp;source=gmail&amp;ust=1711121755761000&amp;usg=AOvVaw353hMAp02y1DgWZpFFOJ2l\">https:\/\/<wbr \/>youtube.com\/@PaulinhoAlabart<\/a><\/p>\n<p>&nbsp;<\/p>\n<p style=\"text-align: left;\"><strong>Instagram\u00a0<\/strong><strong>Paulinho<\/strong><strong>\u00a0<\/strong><strong>Alabart<\/strong><strong>:<\/strong>\u00a0<a href=\"https:\/\/instagram.com\/paulinhoalabart\" target=\"_blank\" rel=\"noopener\" data-saferedirecturl=\"https:\/\/www.google.com\/url?q=https:\/\/instagram.com\/paulinhoalabart&amp;source=gmail&amp;ust=1711121755761000&amp;usg=AOvVaw2Op7A-AefnVsM5xOTWBe5B\">ht<wbr \/>tps:\/\/instagram.com\/<wbr \/>paulinhoalabart<\/a><\/p>\n<p>&nbsp;<\/p>\n<p style=\"text-align: left;\"><strong>Spotify\u00a0<\/strong><strong>Paulinho<\/strong><strong>\u00a0<\/strong><strong>Alabart<\/strong><strong>:<\/strong>\u00a0<a href=\"https:\/\/spotify.link\/odMtJCbDsCb\" target=\"_blank\" rel=\"noopener\" data-saferedirecturl=\"https:\/\/www.google.com\/url?q=https:\/\/spotify.link\/odMtJCbDsCb&amp;source=gmail&amp;ust=1711121755762000&amp;usg=AOvVaw07TUwQ27e54WwvyGdt1J1k\">http<wbr \/>s:\/\/spotify.link\/odMtJCbDsCb<\/a><\/p>\n<p style=\"text-align: left;\"><strong>\u00a0<\/strong><\/p>\n<p style=\"text-align: left;\"><strong>Servi\u00e7o<\/strong><\/p>\n<p>&nbsp;<\/p>\n<p style=\"text-align: left;\"><strong>Paulinho<\/strong><strong>\u00a0Alabart\u00a0lan\u00e7a novo EP \u201cRosas e Amor\u201d<\/strong><\/p>\n<p>&nbsp;<\/p>\n<p style=\"text-align: left;\">Data: 26 de mar\u00e7o, ter\u00e7a-feira<\/p>\n<p>&nbsp;<\/p>\n<p style=\"text-align: left;\">Hor\u00e1rio: 23h<\/p>\n<p>&nbsp;<\/p>\n<p style=\"text-align: left;\">Local: Dome Lounge (Av. Presidente Carlos Luz, 847 &#8211; Alto Cai\u00e7aras, Belo Horizonte \u2013 MG)<\/p>\n<p>&nbsp;<\/p>\n<p style=\"text-align: left;\">Ingressos:\u00a0<a href=\"https:\/\/www.sympla.com.br\/evento\/lancamento-do-dvd-rosas-e-amor-paulinho-alabart\/2386789?referrer=www.google.com\" target=\"_blank\" rel=\"noopener\" data-saferedirecturl=\"https:\/\/www.google.com\/url?q=https:\/\/www.sympla.com.br\/evento\/lancamento-do-dvd-rosas-e-amor-paulinho-alabart\/2386789?referrer%3Dwww.google.com&amp;source=gmail&amp;ust=1711121755762000&amp;usg=AOvVaw2SqEYPqHOA7ma3apYjBRqw\">https:\/\/www.sympla.<wbr \/>com.br\/evento\/lancamento-do-<wbr \/>dvd-rosas-e-amor-paulinho-<wbr \/>alabart\/2386789?referrer=www.<wbr \/>google.com<\/a><\/p>\n<p>&nbsp;<\/p>\n<\/div>\n","protected":false},"excerpt":{"rendered":"<p>Paulinho Alabart &#8211; Foto: Francisco Dumont. &nbsp; &nbsp; Com 15 faixas no total, o trabalho, registrado ao vivo em BH no final do ano passado, traz uma viagem pelos caminhos dos amores e grandes can\u00e7\u00f5es que perduram ao tempo e habitam na alma do povo brasileiro; apresenta\u00e7\u00e3o das cinco can\u00e7\u00f5es do EP01 \u00a0acontece na pr\u00f3xima [&hellip;]<\/p>\n","protected":false},"author":28,"featured_media":42652,"comment_status":"closed","ping_status":"closed","sticky":false,"template":"","format":"standard","meta":{"jetpack_post_was_ever_published":false,"_jetpack_newsletter_access":"","_jetpack_dont_email_post_to_subs":false,"_jetpack_newsletter_tier_id":0,"_jetpack_memberships_contains_paywalled_content":false,"_jetpack_memberships_contains_paid_content":false,"footnotes":"","jetpack_publicize_message":"","jetpack_publicize_feature_enabled":true,"jetpack_social_post_already_shared":true,"jetpack_social_options":{"image_generator_settings":{"template":"highway","enabled":false},"version":2}},"categories":[1,19,14,8902],"tags":[],"class_list":["post-42651","post","type-post","status-publish","format-standard","has-post-thumbnail","hentry","category-culturaliza","category-destaque","category-dicas","category-lancamento-musical"],"jetpack_publicize_connections":[],"jetpack_featured_media_url":"https:\/\/culturalizabh.com.br\/wp-content\/uploads\/2024\/03\/01112023-6U7A5764-1-scaled.jpg","jetpack_sharing_enabled":true,"jetpack_shortlink":"https:\/\/wp.me\/p864jz-b5V","_links":{"self":[{"href":"https:\/\/culturalizabh.com.br\/index.php\/wp-json\/wp\/v2\/posts\/42651","targetHints":{"allow":["GET"]}}],"collection":[{"href":"https:\/\/culturalizabh.com.br\/index.php\/wp-json\/wp\/v2\/posts"}],"about":[{"href":"https:\/\/culturalizabh.com.br\/index.php\/wp-json\/wp\/v2\/types\/post"}],"author":[{"embeddable":true,"href":"https:\/\/culturalizabh.com.br\/index.php\/wp-json\/wp\/v2\/users\/28"}],"replies":[{"embeddable":true,"href":"https:\/\/culturalizabh.com.br\/index.php\/wp-json\/wp\/v2\/comments?post=42651"}],"version-history":[{"count":3,"href":"https:\/\/culturalizabh.com.br\/index.php\/wp-json\/wp\/v2\/posts\/42651\/revisions"}],"predecessor-version":[{"id":42655,"href":"https:\/\/culturalizabh.com.br\/index.php\/wp-json\/wp\/v2\/posts\/42651\/revisions\/42655"}],"wp:featuredmedia":[{"embeddable":true,"href":"https:\/\/culturalizabh.com.br\/index.php\/wp-json\/wp\/v2\/media\/42652"}],"wp:attachment":[{"href":"https:\/\/culturalizabh.com.br\/index.php\/wp-json\/wp\/v2\/media?parent=42651"}],"wp:term":[{"taxonomy":"category","embeddable":true,"href":"https:\/\/culturalizabh.com.br\/index.php\/wp-json\/wp\/v2\/categories?post=42651"},{"taxonomy":"post_tag","embeddable":true,"href":"https:\/\/culturalizabh.com.br\/index.php\/wp-json\/wp\/v2\/tags?post=42651"}],"curies":[{"name":"wp","href":"https:\/\/api.w.org\/{rel}","templated":true}]}}