{"id":4139,"date":"2017-04-26T14:07:46","date_gmt":"2017-04-26T17:07:46","guid":{"rendered":"http:\/\/culturalizabh.com.br\/?p=4139"},"modified":"2017-04-27T09:52:32","modified_gmt":"2017-04-27T12:52:32","slug":"a-menina-e-o-urso-no-teatro-bradesco","status":"publish","type":"post","link":"https:\/\/culturalizabh.com.br\/index.php\/2017\/04\/26\/a-menina-e-o-urso-no-teatro-bradesco\/","title":{"rendered":"A Menina e o Urso, no Teatro Bradesco"},"content":{"rendered":"<p style=\"text-align: left;\"><span style=\"color: #000000;\">A crian\u00e7ada tem espa\u00e7o no teatro em Belo Horizonte e neste fim de semana tem o espet\u00e1culo muito fofo <strong>A Menina e o Urso<\/strong>, que \u00e9 uma adapta\u00e7\u00e3o livre de um conto de fadas do folclore russo e conta a hist\u00f3ria da pequena garotinha que apronta todas na floresta onde mora. \u00a0O seu melhor amigo \u00e9 o urso que passa poucas e boas com \u00a0a menina, mas n\u00e3o consegue viver sem ela.<\/span><\/p>\n<p style=\"text-align: left;\"><span style=\"color: #000000;\">\u00a0<\/span><\/p>\n<p style=\"text-align: left;\"><span style=\"color: #000000;\">Papais e Mam\u00e3es n\u00e3o deixem de levar os pequenos pra se divertirem no teatro.<\/span><\/p>\n<p>&nbsp;<\/p>\n<p style=\"text-align: left;\"><span style=\"color: #000000;\"><strong>A Menina e o Urso<\/strong><\/span><\/p>\n<p style=\"text-align: left;\">\u00a0<\/p>\n<p style=\"text-align: left;\"><span style=\"color: #000000;\"><strong>Quando: <\/strong>29 e 30 de abril &#8211;\u00a0S\u00e1bado e Domingo, 16h<\/span><\/p>\n<p style=\"text-align: left;\"><span style=\"color: #000000;\"><strong>Onde:\u00a0<\/strong>Teatro Bradesco<strong> &#8211;<\/strong>\u00a0rua da Bahia, 2244 &#8211; Belo Horizonte &#8211; MG<\/span><br \/>\n<span style=\"color: #000000;\"> <strong>Classifica\u00e7\u00e3o<\/strong>: Livre<\/span><br \/>\n<span style=\"color: #000000;\"> <strong>Ingressos: <\/strong>Consultar na bilheteria (3516-1360)<\/span><\/p>\n","protected":false},"excerpt":{"rendered":"<p>A crian\u00e7ada tem espa\u00e7o no teatro em Belo Horizonte e neste fim de semana tem o espet\u00e1culo muito fofo A Menina e o Urso, que \u00e9 uma adapta\u00e7\u00e3o livre de um conto de fadas do folclore russo e conta a hist\u00f3ria da pequena garotinha que apronta todas na floresta onde mora. \u00a0O seu melhor amigo [&hellip;]<\/p>\n","protected":false},"author":48,"featured_media":0,"comment_status":"open","ping_status":"closed","sticky":false,"template":"","format":"standard","meta":{"jetpack_post_was_ever_published":false,"_jetpack_newsletter_access":"","_jetpack_dont_email_post_to_subs":true,"_jetpack_newsletter_tier_id":0,"_jetpack_memberships_contains_paywalled_content":false,"_jetpack_memberships_contains_paid_content":false,"footnotes":"","jetpack_publicize_message":"","jetpack_publicize_feature_enabled":true,"jetpack_social_post_already_shared":true,"jetpack_social_options":{"image_generator_settings":{"template":"highway","enabled":false},"version":2}},"categories":[1,13,3],"tags":[1240,145,46,36,796],"class_list":["post-4139","post","type-post","status-publish","format-standard","hentry","category-culturaliza","category-infantil","category-teatro","tag-a-menina-e-o-urso","tag-criancas","tag-infantil","tag-teatro","tag-teatro-bradesco"],"jetpack_publicize_connections":[],"jetpack_featured_media_url":"","jetpack_sharing_enabled":true,"jetpack_shortlink":"https:\/\/wp.me\/p864jz-14L","_links":{"self":[{"href":"https:\/\/culturalizabh.com.br\/index.php\/wp-json\/wp\/v2\/posts\/4139","targetHints":{"allow":["GET"]}}],"collection":[{"href":"https:\/\/culturalizabh.com.br\/index.php\/wp-json\/wp\/v2\/posts"}],"about":[{"href":"https:\/\/culturalizabh.com.br\/index.php\/wp-json\/wp\/v2\/types\/post"}],"author":[{"embeddable":true,"href":"https:\/\/culturalizabh.com.br\/index.php\/wp-json\/wp\/v2\/users\/48"}],"replies":[{"embeddable":true,"href":"https:\/\/culturalizabh.com.br\/index.php\/wp-json\/wp\/v2\/comments?post=4139"}],"version-history":[{"count":3,"href":"https:\/\/culturalizabh.com.br\/index.php\/wp-json\/wp\/v2\/posts\/4139\/revisions"}],"predecessor-version":[{"id":4174,"href":"https:\/\/culturalizabh.com.br\/index.php\/wp-json\/wp\/v2\/posts\/4139\/revisions\/4174"}],"wp:attachment":[{"href":"https:\/\/culturalizabh.com.br\/index.php\/wp-json\/wp\/v2\/media?parent=4139"}],"wp:term":[{"taxonomy":"category","embeddable":true,"href":"https:\/\/culturalizabh.com.br\/index.php\/wp-json\/wp\/v2\/categories?post=4139"},{"taxonomy":"post_tag","embeddable":true,"href":"https:\/\/culturalizabh.com.br\/index.php\/wp-json\/wp\/v2\/tags?post=4139"}],"curies":[{"name":"wp","href":"https:\/\/api.w.org\/{rel}","templated":true}]}}