{"id":40684,"date":"2023-02-08T19:11:24","date_gmt":"2023-02-08T22:11:24","guid":{"rendered":"https:\/\/culturalizabh.com.br\/?p=40684"},"modified":"2023-02-08T19:11:24","modified_gmt":"2023-02-08T22:11:24","slug":"biblioteca-publica-estadual-e-reaberta-com-todas-as-atividades","status":"publish","type":"post","link":"https:\/\/culturalizabh.com.br\/index.php\/2023\/02\/08\/biblioteca-publica-estadual-e-reaberta-com-todas-as-atividades\/","title":{"rendered":"Biblioteca P\u00fablica Estadual \u00e9 reaberta com todas as atividades"},"content":{"rendered":"<p style=\"text-align: left\">A<strong> Biblioteca P\u00fablica Estadual<\/strong> foi reaberta nesta <strong>quinta-feira (27)<\/strong> em solenidade realizada no pr\u00e9dio anexo <strong>Professor Francisco Iglesias<\/strong>, onde est\u00e1 a maior parte do acevo composto por mais de 500 mil itens. O encontro marcou a retomada completa das atividades, especialmente nos setores de Refer\u00eancia e de Empr\u00e9stimo no anexo, que estava fechado desde 2019.<\/p>\n<figure id=\"attachment_40685\" aria-describedby=\"caption-attachment-40685\" style=\"width: 300px\" class=\"wp-caption aligncenter\"><img loading=\"lazy\" decoding=\"async\" class=\"size-medium wp-image-40685\" src=\"https:\/\/culturalizabh.com.br\/wp-content\/uploads\/2023\/02\/Biblioteca2-300x225.jpeg\" alt=\"\" width=\"300\" height=\"225\" srcset=\"https:\/\/culturalizabh.com.br\/wp-content\/uploads\/2023\/02\/Biblioteca2-300x225.jpeg 300w, https:\/\/culturalizabh.com.br\/wp-content\/uploads\/2023\/02\/Biblioteca2-1024x768.jpeg 1024w, https:\/\/culturalizabh.com.br\/wp-content\/uploads\/2023\/02\/Biblioteca2-768x576.jpeg 768w, https:\/\/culturalizabh.com.br\/wp-content\/uploads\/2023\/02\/Biblioteca2-233x175.jpeg 233w, https:\/\/culturalizabh.com.br\/wp-content\/uploads\/2023\/02\/Biblioteca2.jpeg 1280w\" sizes=\"auto, (max-width: 300px) 100vw, 300px\" \/><figcaption id=\"caption-attachment-40685\" class=\"wp-caption-text\"><strong>Foto: Biblioteca P\u00fablica Estadual de Minas Gerais<\/strong><\/figcaption><\/figure>\n<p style=\"text-align: left\">Revitalizada, com mais estantes de livros, al\u00e9m da cria\u00e7\u00e3o do recente <strong>espa\u00e7o<\/strong> <strong>Geek<\/strong>, voltado \u00e0 cultura nerd, a biblioteca voltar\u00e1 a funcionar a partir de segunda-feira (30), com hor\u00e1rio de visita\u00e7\u00e3o de segunda a sexta-feira, das 10h \u00e0s 16h.<\/p>\n<p>&nbsp;<\/p>\n<div style=\"text-align: left\">As consultas \u00e0 <strong>Hemeroteca Hist\u00f3rica, Cole\u00e7\u00f5es Especiais<\/strong> e ao jornal Minas Gerais est\u00e3o sendo realizadas mediante agendamento pelos e-mails:<strong>\u00a0<a href=\"mailto:mineiriana.biblioteca@secult.mg.gov.br\" target=\"_blank\" rel=\"noopener\">mineiriana.biblioteca@secult.mg.gov.br<\/a>,\u00a0<a href=\"mailto:xerox.biblioteca@secult.mg.gov.br\" target=\"_blank\" rel=\"noopener\">xerox.biblioteca@secult.mg.gov.br<\/a>\u00a0e\u00a0<a href=\"mailto:hemeroteca.biblioteca@secult.mg.gov.br\" target=\"_blank\" rel=\"noopener\">hemeroteca.biblioteca@secult.mg.gov.br<\/a><\/strong>.<\/div>\n","protected":false},"excerpt":{"rendered":"<p>A Biblioteca P\u00fablica Estadual foi reaberta nesta quinta-feira (27) em solenidade realizada no pr\u00e9dio anexo Professor Francisco Iglesias, onde est\u00e1 a maior parte do acevo composto por mais de 500 mil itens. O encontro marcou a retomada completa das atividades, especialmente nos setores de Refer\u00eancia e de Empr\u00e9stimo no anexo, que estava fechado desde 2019. [&hellip;]<\/p>\n","protected":false},"author":48,"featured_media":40685,"comment_status":"closed","ping_status":"closed","sticky":false,"template":"","format":"standard","meta":{"jetpack_post_was_ever_published":false,"_jetpack_newsletter_access":"","_jetpack_dont_email_post_to_subs":false,"_jetpack_newsletter_tier_id":0,"_jetpack_memberships_contains_paywalled_content":false,"_jetpack_memberships_contains_paid_content":false,"footnotes":"","jetpack_publicize_message":"","jetpack_publicize_feature_enabled":true,"jetpack_social_post_already_shared":true,"jetpack_social_options":{"image_generator_settings":{"template":"highway","enabled":false},"version":2}},"categories":[1,19],"tags":[12840],"class_list":["post-40684","post","type-post","status-publish","format-standard","has-post-thumbnail","hentry","category-culturaliza","category-destaque","tag-biblioteca-publica-estadual"],"jetpack_publicize_connections":[],"jetpack_featured_media_url":"https:\/\/culturalizabh.com.br\/wp-content\/uploads\/2023\/02\/Biblioteca2.jpeg","jetpack_sharing_enabled":true,"jetpack_shortlink":"https:\/\/wp.me\/p864jz-aAc","_links":{"self":[{"href":"https:\/\/culturalizabh.com.br\/index.php\/wp-json\/wp\/v2\/posts\/40684","targetHints":{"allow":["GET"]}}],"collection":[{"href":"https:\/\/culturalizabh.com.br\/index.php\/wp-json\/wp\/v2\/posts"}],"about":[{"href":"https:\/\/culturalizabh.com.br\/index.php\/wp-json\/wp\/v2\/types\/post"}],"author":[{"embeddable":true,"href":"https:\/\/culturalizabh.com.br\/index.php\/wp-json\/wp\/v2\/users\/48"}],"replies":[{"embeddable":true,"href":"https:\/\/culturalizabh.com.br\/index.php\/wp-json\/wp\/v2\/comments?post=40684"}],"version-history":[{"count":1,"href":"https:\/\/culturalizabh.com.br\/index.php\/wp-json\/wp\/v2\/posts\/40684\/revisions"}],"predecessor-version":[{"id":40686,"href":"https:\/\/culturalizabh.com.br\/index.php\/wp-json\/wp\/v2\/posts\/40684\/revisions\/40686"}],"wp:featuredmedia":[{"embeddable":true,"href":"https:\/\/culturalizabh.com.br\/index.php\/wp-json\/wp\/v2\/media\/40685"}],"wp:attachment":[{"href":"https:\/\/culturalizabh.com.br\/index.php\/wp-json\/wp\/v2\/media?parent=40684"}],"wp:term":[{"taxonomy":"category","embeddable":true,"href":"https:\/\/culturalizabh.com.br\/index.php\/wp-json\/wp\/v2\/categories?post=40684"},{"taxonomy":"post_tag","embeddable":true,"href":"https:\/\/culturalizabh.com.br\/index.php\/wp-json\/wp\/v2\/tags?post=40684"}],"curies":[{"name":"wp","href":"https:\/\/api.w.org\/{rel}","templated":true}]}}