{"id":38145,"date":"2022-01-18T11:08:14","date_gmt":"2022-01-18T14:08:14","guid":{"rendered":"http:\/\/culturalizabh.com.br\/?p=38145"},"modified":"2022-01-19T15:31:40","modified_gmt":"2022-01-19T18:31:40","slug":"ferias-eventos-infantis-gratuitos-ou-a-baixo-custo-para-curtir-em-janeiro","status":"publish","type":"post","link":"https:\/\/culturalizabh.com.br\/index.php\/2022\/01\/18\/ferias-eventos-infantis-gratuitos-ou-a-baixo-custo-para-curtir-em-janeiro\/","title":{"rendered":"F\u00e9rias: eventos infantis gratuitos ou a baixo custo para curtir em janeiro"},"content":{"rendered":"<p><script async src=\"https:\/\/pagead2.googlesyndication.com\/pagead\/js\/adsbygoogle.js?client=ca-pub-9623699055991002\" crossorigin=\"anonymous\"><\/script><\/p>\n<p>&nbsp;<\/p>\n<p style=\"text-align: left;\"><span style=\"color: #000000;\">Janeiro n\u00e3o \u00e9 o m\u00eas das crian\u00e7as, mas \u00e9 quase isso, pois todas est\u00e3o sem aulas e PRECISAM de rolezinhos divertidos e diferentes para curtirem esse tempinho ao lado de seus familiares e amiguinhos\u2026<\/span><\/p>\n<p>&nbsp;<\/p>\n<p style=\"text-align: left;\"><span style=\"color: #000000;\"><strong>PS:<\/strong> Os papais tamb\u00e9m precisam disso (e muito)! Como sei que temos v\u00e1rios acompanhando o nosso site, resolvi reunir aqui, neste post, alguns programas bem legais que j\u00e1 est\u00e3o rolando e que v\u00e3o rolar em BH nos pr\u00f3ximos dias. <strong>Tudo com um precinho acess\u00edvel ou gratuito!<\/strong><\/span><\/p>\n<p>&nbsp;<\/p>\n<p style=\"text-align: left;\"><span style=\"color: #000000;\">Ah, mas antes de compartilhar, quero refor\u00e7ar a import\u00e2ncia de continuarmos com os cuidados, hein?! Fuja de lugares muito cheios, fique SEMPRE com m\u00e1scaras e ande sempre com seu potinho de \u00e1lcool na bolsa. <strong>Cuide-se e cuide dos pequenos tamb\u00e9m!<\/strong><\/span><\/p>\n<p><script async src=\"https:\/\/pagead2.googlesyndication.com\/pagead\/js\/adsbygoogle.js?client=ca-pub-9623699055991002\" crossorigin=\"anonymous\"><\/script><br \/>\n<ins class=\"adsbygoogle\" style=\"display: block;\" data-ad-format=\"fluid\" data-ad-layout-key=\"-6e+cd+1b-14+b1\" data-ad-client=\"ca-pub-9623699055991002\" data-ad-slot=\"5056156063\"><\/ins><br \/>\n<script>\n     (adsbygoogle = window.adsbygoogle || []).push({});\n<\/script><\/p>\n<p>&nbsp;<\/p>\n<h3 style=\"text-align: left;\"><span style=\"color: #ff6600;\"><b>Rol\u00eas nos espa\u00e7os culturais\u00a0<\/b><\/span><\/h3>\n<p>&nbsp;<\/p>\n<figure id=\"attachment_38148\" aria-describedby=\"caption-attachment-38148\" style=\"width: 300px\" class=\"wp-caption aligncenter\"><img loading=\"lazy\" decoding=\"async\" class=\"wp-image-38148 size-medium\" src=\"https:\/\/culturalizabh.com.br\/wp-content\/uploads\/2022\/01\/Cora\u00e7\u00f5es1-300x243.jpg\" alt=\"\" width=\"300\" height=\"243\" srcset=\"https:\/\/culturalizabh.com.br\/wp-content\/uploads\/2022\/01\/Cora\u00e7\u00f5es1-300x243.jpg 300w, https:\/\/culturalizabh.com.br\/wp-content\/uploads\/2022\/01\/Cora\u00e7\u00f5es1-1024x828.jpg 1024w, https:\/\/culturalizabh.com.br\/wp-content\/uploads\/2022\/01\/Cora\u00e7\u00f5es1-768x621.jpg 768w, https:\/\/culturalizabh.com.br\/wp-content\/uploads\/2022\/01\/Cora\u00e7\u00f5es1-1536x1242.jpg 1536w, https:\/\/culturalizabh.com.br\/wp-content\/uploads\/2022\/01\/Cora\u00e7\u00f5es1-2048x1656.jpg 2048w, https:\/\/culturalizabh.com.br\/wp-content\/uploads\/2022\/01\/Cora\u00e7\u00f5es1-216x175.jpg 216w\" sizes=\"auto, (max-width: 300px) 100vw, 300px\" \/><figcaption id=\"caption-attachment-38148\" class=\"wp-caption-text\">Foto: Divulga\u00e7\u00e3o Memorial Vale<\/figcaption><\/figure>\n<p>&nbsp;<\/p>\n<p style=\"text-align: left;\"><span style=\"color: #000000;\"><span style=\"font-weight: 400;\">O <\/span><a href=\"https:\/\/www.instagram.com\/ccbbbh\/\"><b>Centro Cultural Banco do Brasil (CCBB) <\/b><\/a><span style=\"font-weight: 400;\">conta <strong>durante os finais de semana de janeiro com v\u00e1rias oficinas de cria\u00e7\u00e3o<\/strong>. As pr\u00f3ximas s\u00e3o: Oficina de Saberes (15\/01), Jogos de Arte (22\/01) e Oficina de Hist\u00f3rias (29\/01). A entrada \u00e9 gratuita, <a href=\"http:\/\/ccbbeducativo.com\/atividades-infantis\">com retirada de ingressos pelo site<\/a>.\u00a0<\/span><\/span><\/p>\n<p>&nbsp;<\/p>\n<p style=\"text-align: left;\"><span style=\"color: #000000;\"><span style=\"font-weight: 400;\">O <\/span><a href=\"https:\/\/www.instagram.com\/mmgerdau\/\"><b>Museu das Minas e do Metal (MM Gerdau)<\/b><\/a><span style=\"font-weight: 400;\"> preparou uma <strong>programa\u00e7\u00e3o especial de f\u00e9rias<\/strong> que come\u00e7a no dia 13\/01 com oficinas, conta\u00e7\u00e3o de hist\u00f3rias e jogos educativos. A participa\u00e7\u00e3o \u00e9 totalmente gratuita.\u00a0<\/span><\/span><\/p>\n<p>&nbsp;<\/p>\n<p style=\"text-align: left;\"><span style=\"color: #000000;\"><span style=\"font-weight: 400;\">O <\/span><a href=\"https:\/\/www.instagram.com\/memorial.vale\/\"><b>Memorial Vale<\/b><\/a><span style=\"font-weight: 400;\"> inicia sua programa\u00e7\u00e3o de 2022 com o <strong>\u201cF\u00e9rias Divertidas\u201d<\/strong> que apresenta uma programa\u00e7\u00e3o com oficinas e brincadeiras presenciais a partir do dia 15\/01. A entrada \u00e9 gratuita.\u00a0<\/span><\/span><\/p>\n<p>&nbsp;<\/p>\n<p style=\"text-align: left;\"><span style=\"color: #000000;\"><span style=\"font-weight: 400;\">Os <\/span><a href=\"http:\/\/portalbelohorizonte.com.br\/2022\/eventos\/oficina\/cultural\/ferias-nos-centros-culturais-publicos-municipais\"><b>Centros Culturais municipais<\/b><\/a><span style=\"font-weight: 400;\"> oferecem <strong>mais de<\/strong> <strong>30 atividades gratuitas que acontecem em diversas regionais da cidade<\/strong>, entre os dias 5 e 31 de janeiro, em formato h\u00edbrido, com atividades presenciais e on-line.\u00a0<\/span><\/span><\/p>\n<p>&nbsp;<\/p>\n<p style=\"text-align: left;\"><span style=\"color: #000000;\"><span style=\"font-weight: 400;\">O <\/span><b>Cine Santa Tereza<\/b><span style=\"font-weight: 400;\"> exibe na <strong>sess\u00e3o infantil uma sele\u00e7\u00e3o especial de longas brasileiros de anima\u00e7\u00e3o<\/strong>, que estar\u00e3o em cartaz de quarta-feira a domingo, sempre \u00e0s 16h30. <span style=\"color: #000000;\">A entrada gratuita mediante retirada de ingressos no site <span style=\"color: #ff6600;\"><a style=\"color: #ff6600;\" href=\"http:\/\/diskingressos.com.br\/\" target=\"_blank\" rel=\"noopener noreferrer\" data-saferedirecturl=\"https:\/\/www.google.com\/url?q=http:\/\/diskingressos.com.br&amp;source=gmail&amp;ust=1641991300772000&amp;usg=AOvVaw2zZfJ2La2gYLVTNP_0uOY4\">diskingressos.com.br<\/a> <\/span>ou na bilheteria do Cinema.<\/span><\/span><\/span><\/p>\n<p>&nbsp;<\/p>\n<p style=\"text-align: left;\"><span style=\"color: #000000;\"><span style=\"font-weight: 400;\">A <\/span><b>Casa do Baile &#8211; Centro de Refer\u00eancia de Arquitetura, Urbanismo e Design<\/b><span style=\"font-weight: 400;\"> oferece, para crian\u00e7as a partir dos 7 anos, a a\u00e7\u00e3o educativa <strong>&#8220;Rostos da Pampulha\u201d<\/strong>, que apresenta e contextualiza a participa\u00e7\u00e3o dos diferentes agentes envolvidos na concep\u00e7\u00e3o e constru\u00e7\u00e3o do Conjunto Moderno da Pampulha.<\/span><\/span><\/p>\n<p>&nbsp;<\/p>\n<p style=\"text-align: left;\"><span style=\"font-weight: 400; color: #000000;\">Para participa\u00e7\u00e3o na atividade \u00e9 necess\u00e1rio fazer agendamento pr\u00e9vio por meio do telefone <strong>(31) 3277-7443<\/strong> ou no contato <strong>cb.fmc@pbh.gov.br<\/strong>, de acordo com a disponibilidade do educativo do museu.<\/span><\/p>\n<p>&nbsp;<\/p>\n<p style=\"text-align: left;\"><span style=\"color: #000000;\"><span style=\"font-weight: 400;\">O <\/span><b>Museu Casa Kubitschek<\/b><span style=\"font-weight: 400;\"> oferece nos dias 15, 22 e 29 de janeiro, \u00e0s 10h, a <strong>visita mediada aos jardins, dedicada ao p\u00fablico infantil<\/strong>, em que os participantes s\u00e3o convidados a percorrer os jardins do museu, projetados por Roberto Burle Marx, explorando suas caracter\u00edsticas bot\u00e2nicas, art\u00edsticas e hist\u00f3ricas.\u00a0<\/span><\/span><\/p>\n<p>&nbsp;<\/p>\n<p style=\"text-align: left;\"><span style=\"color: #000000;\"><span style=\"font-weight: 400;\">A atividade \u00e9 gratuita, sendo necess\u00e1ria a inscri\u00e7\u00e3o pr\u00e9via, no e-mail <\/span><strong>educativos.ck@pbh.gov.br<\/strong><span style=\"font-weight: 400;\">.<\/span><\/span><\/p>\n<p>&nbsp;<\/p>\n<h3 style=\"text-align: left;\"><span style=\"color: #ff6600;\"><b>47\u00aa Campanha de Populariza\u00e7\u00e3o do Teatro e da Dan\u00e7a\u00a0<\/b><\/span><\/h3>\n<p>&nbsp;<\/p>\n<p style=\"text-align: left;\"><span style=\"font-weight: 400; color: #000000;\">Al\u00e9m de todos esses eventos, <strong>diversos teatros de BH<\/strong> recebem <strong>espet\u00e1culos infantis<\/strong> dentro da programa\u00e7\u00e3o da Campanha que vai at\u00e9 o dia <strong>07\/02\/2021<\/strong>.\u00a0<\/span><\/p>\n<p style=\"text-align: left;\"><span style=\"font-weight: 400; color: #000000;\">Confira a programa\u00e7\u00e3o infantil<strong><a href=\"https:\/\/culturalizabh.com.br\/index.php\/2022\/01\/19\/programacao-completa-da-47a-campanha-de-popularizacao-do-teatro-danca\/\"> clicando aqui<\/a>.<\/strong>\u00a0<\/span><\/p>\n<p>&nbsp;<\/p>\n<p>&nbsp;<\/p>\n<p><script async src=\"https:\/\/pagead2.googlesyndication.com\/pagead\/js\/adsbygoogle.js?client=ca-pub-9623699055991002\" crossorigin=\"anonymous\"><\/script><br \/>\n<ins class=\"adsbygoogle\" style=\"display: block;\" data-ad-format=\"fluid\" data-ad-layout-key=\"-6e+cd+1b-14+b1\" data-ad-client=\"ca-pub-9623699055991002\" data-ad-slot=\"5056156063\"><\/ins><br \/>\n<script>\n     (adsbygoogle = window.adsbygoogle || []).push({});\n<\/script><\/p>\n<p>&nbsp;<\/p>\n<h3 style=\"text-align: left;\"><span style=\"color: #ff6600;\"><b>Rol\u00eas nos shoppings\u00a0<\/b><\/span><\/h3>\n<figure id=\"attachment_38149\" aria-describedby=\"caption-attachment-38149\" style=\"width: 169px\" class=\"wp-caption aligncenter\"><img loading=\"lazy\" decoding=\"async\" class=\"wp-image-38149 size-medium\" src=\"https:\/\/culturalizabh.com.br\/wp-content\/uploads\/2022\/01\/As_aventuras_do_Lobinho_do_Bem_no_Shopping_Cidade_cr\u00e9ditos_divulga\u00e7\u00e3o_6-169x300.jpg\" alt=\"\" width=\"169\" height=\"300\" srcset=\"https:\/\/culturalizabh.com.br\/wp-content\/uploads\/2022\/01\/As_aventuras_do_Lobinho_do_Bem_no_Shopping_Cidade_cr\u00e9ditos_divulga\u00e7\u00e3o_6-169x300.jpg 169w, https:\/\/culturalizabh.com.br\/wp-content\/uploads\/2022\/01\/As_aventuras_do_Lobinho_do_Bem_no_Shopping_Cidade_cr\u00e9ditos_divulga\u00e7\u00e3o_6-576x1024.jpg 576w, https:\/\/culturalizabh.com.br\/wp-content\/uploads\/2022\/01\/As_aventuras_do_Lobinho_do_Bem_no_Shopping_Cidade_cr\u00e9ditos_divulga\u00e7\u00e3o_6-98x175.jpg 98w, https:\/\/culturalizabh.com.br\/wp-content\/uploads\/2022\/01\/As_aventuras_do_Lobinho_do_Bem_no_Shopping_Cidade_cr\u00e9ditos_divulga\u00e7\u00e3o_6.jpg 675w\" sizes=\"auto, (max-width: 169px) 100vw, 169px\" \/><figcaption id=\"caption-attachment-38149\" class=\"wp-caption-text\">Foto: Divulga\u00e7\u00e3o Shopping Cidade<\/figcaption><\/figure>\n<p>&nbsp;<\/p>\n<p>&nbsp;<\/p>\n<p>&nbsp;<\/p>\n<p style=\"text-align: left;\"><span style=\"color: #000000;\"><span style=\"font-weight: 400;\">O <\/span><a href=\"https:\/\/www.instagram.com\/boulevardbh\/\"><b>Boulevard Shopping <\/b><\/a><span style=\"font-weight: 400;\">recebe at\u00e9 o dia 23\/01 o circuito <strong>Escola de G\u00eanios<\/strong>, inspirado na s\u00e9rie do Gloob, que conta com v\u00e1rias atividades cient\u00edficas em diferentes espa\u00e7os. A atra\u00e7\u00e3o tem entrada gratuita.\u00a0<\/span><\/span><\/p>\n<p>&nbsp;<\/p>\n<p style=\"text-align: left;\"><span style=\"color: #000000;\"><span style=\"font-weight: 400;\">Bem no Centro de BH, o <\/span><b><a href=\"https:\/\/www.instagram.com\/shoppingcidade\/\">Shopping Cidade<\/a> <\/b><span style=\"font-weight: 400;\">anunciou que o seu novo mascote \u00e9 o Lobo Guar\u00e1 e ter\u00e1 diversas a\u00e7\u00f5es incluindo o novo personagem Lobinho do Bem durante o ano. A primeira delas \u00e9 <strong>\u201cAs Aventuras do Lobinho do Bem&#8221;<\/strong>, um local l\u00fadico dentro do shopping com v\u00e1rias atividades bem legais. A entrada custa R$30, por 30 minutos.\u00a0<\/span><\/span><\/p>\n<p>&nbsp;<\/p>\n<p style=\"text-align: left;\"><span style=\"color: #000000;\"><span style=\"font-weight: 400;\">O <\/span><a href=\"https:\/\/www.instagram.com\/shoppingestacaobh\/\"><b>Esta\u00e7\u00e3o BH<\/b><\/a><span style=\"font-weight: 400;\"> preparou uma <strong>\u201cSelva Encantada\u201d<\/strong> que d\u00e1 direito a uma escalada na casa da \u00e1rvore para depois ter uma escorregada em um tobog\u00e3 que d\u00e1 em uma piscina com mais de 100 mil bolinhas, at\u00e9 01\/03. A entrada est\u00e1 R$10 por 10 minutos e R$1 a cada minuto excedente.\u00a0<\/span><\/span><\/p>\n<p>&nbsp;<\/p>\n<p style=\"text-align: left;\"><span style=\"color: #000000;\"><span style=\"font-weight: 400;\">J\u00e1 o <\/span><a href=\"https:\/\/www.instagram.com\/shoppingdelrey\/\"><b>Shopping DelRey <\/b><\/a><span style=\"font-weight: 400;\">recebe em sua Pra\u00e7a Central o <strong>Mundo dos Blocos<\/strong> que proporciona mil possibilidades de brincadeiras e divers\u00e3o. A entrada \u00e9 R$ 16,00, nos primeiros 15 minutos de brincadeira.\u00a0<\/span><\/span><\/p>\n<p>&nbsp;<\/p>\n<p style=\"text-align: left;\"><span style=\"color: #000000;\"><span style=\"font-weight: 400;\">O <\/span><a href=\"https:\/\/www.instagram.com\/bhshopping\/\"><b>BH Shopping<\/b><\/a><span style=\"font-weight: 400;\"> conta at\u00e9 30\/01 com um circuito cheio de atividades e desafios de <strong>Fidget Toys<\/strong> (aqueles brinquedos gostosinhos e coloridos). A entrada \u00e9 gratuita por meio de agendamentos feitos pelo App Multi.\u00a0<\/span><\/span><\/p>\n<p>&nbsp;<\/p>\n<p style=\"text-align: left;\"><span style=\"color: #000000;\"><span style=\"font-weight: 400;\">O<\/span><b><a href=\"https:\/\/www.instagram.com\/meupatiosavassi\/\"> P\u00e1tio Savassi<\/a> <\/b><span style=\"font-weight: 400;\">recebe at\u00e9 30\/01 o <strong>Espa\u00e7o Tem\u00e1tico do \u201cHomem-Aranha: Sem Volta para Casa\u201d.<\/strong> A experi\u00eancia no mall \u00e9 gratuita e re\u00fane diversos espa\u00e7os interativos. A retirada de ingressos \u00e9 feita no local. Al\u00e9m disso, o shopping conta com outros eventos, como o Mundo Pinguim, com entradas a partir de R$30.\u00a0<\/span><\/span><\/p>\n<p>&nbsp;<\/p>\n<p style=\"text-align: right;\"><span style=\"color: #000000;\"><em><strong>Foto em destaque: Divulga\u00e7\u00e3o CCBB Educativo<\/strong><\/em><\/span><\/p>\n","protected":false},"excerpt":{"rendered":"<p>&nbsp; Janeiro n\u00e3o \u00e9 o m\u00eas das crian\u00e7as, mas \u00e9 quase isso, pois todas est\u00e3o sem aulas e PRECISAM de rolezinhos divertidos e diferentes para curtirem esse tempinho ao lado de seus familiares e amiguinhos\u2026 &nbsp; PS: Os papais tamb\u00e9m precisam disso (e muito)! Como sei que temos v\u00e1rios acompanhando o nosso site, resolvi reunir [&hellip;]<\/p>\n","protected":false},"author":1,"featured_media":38147,"comment_status":"closed","ping_status":"closed","sticky":false,"template":"","format":"standard","meta":{"jetpack_post_was_ever_published":false,"_jetpack_newsletter_access":"","_jetpack_dont_email_post_to_subs":false,"_jetpack_newsletter_tier_id":0,"_jetpack_memberships_contains_paywalled_content":false,"_jetpack_memberships_contains_paid_content":false,"footnotes":"","jetpack_publicize_message":"","jetpack_publicize_feature_enabled":true,"jetpack_social_post_already_shared":true,"jetpack_social_options":{"image_generator_settings":{"template":"highway","enabled":false},"version":2}},"categories":[1,19,3537,13],"tags":[39,50,10691,11331,4882,60,665],"class_list":["post-38145","post","type-post","status-publish","format-standard","has-post-thumbnail","hentry","category-culturaliza","category-destaque","category-gratuito-ou-a-baixo-custo","category-infantil","tag-bh","tag-cultura","tag-cultura-bh","tag-esacos-culturais","tag-eventos-infantis","tag-ferias","tag-shopping"],"jetpack_publicize_connections":[],"jetpack_featured_media_url":"https:\/\/culturalizabh.com.br\/wp-content\/uploads\/2022\/01\/CCBB-Educativo-Fotos-CCBB-Educativo-Divulga\u00e7\u00e3o-2-scaled.jpg","jetpack_sharing_enabled":true,"jetpack_shortlink":"https:\/\/wp.me\/p864jz-9Vf","_links":{"self":[{"href":"https:\/\/culturalizabh.com.br\/index.php\/wp-json\/wp\/v2\/posts\/38145","targetHints":{"allow":["GET"]}}],"collection":[{"href":"https:\/\/culturalizabh.com.br\/index.php\/wp-json\/wp\/v2\/posts"}],"about":[{"href":"https:\/\/culturalizabh.com.br\/index.php\/wp-json\/wp\/v2\/types\/post"}],"author":[{"embeddable":true,"href":"https:\/\/culturalizabh.com.br\/index.php\/wp-json\/wp\/v2\/users\/1"}],"replies":[{"embeddable":true,"href":"https:\/\/culturalizabh.com.br\/index.php\/wp-json\/wp\/v2\/comments?post=38145"}],"version-history":[{"count":10,"href":"https:\/\/culturalizabh.com.br\/index.php\/wp-json\/wp\/v2\/posts\/38145\/revisions"}],"predecessor-version":[{"id":38278,"href":"https:\/\/culturalizabh.com.br\/index.php\/wp-json\/wp\/v2\/posts\/38145\/revisions\/38278"}],"wp:featuredmedia":[{"embeddable":true,"href":"https:\/\/culturalizabh.com.br\/index.php\/wp-json\/wp\/v2\/media\/38147"}],"wp:attachment":[{"href":"https:\/\/culturalizabh.com.br\/index.php\/wp-json\/wp\/v2\/media?parent=38145"}],"wp:term":[{"taxonomy":"category","embeddable":true,"href":"https:\/\/culturalizabh.com.br\/index.php\/wp-json\/wp\/v2\/categories?post=38145"},{"taxonomy":"post_tag","embeddable":true,"href":"https:\/\/culturalizabh.com.br\/index.php\/wp-json\/wp\/v2\/tags?post=38145"}],"curies":[{"name":"wp","href":"https:\/\/api.w.org\/{rel}","templated":true}]}}