{"id":36297,"date":"2021-05-26T21:54:56","date_gmt":"2021-05-27T00:54:56","guid":{"rendered":"http:\/\/culturalizabh.com.br\/?p=36297"},"modified":"2021-05-26T21:54:56","modified_gmt":"2021-05-27T00:54:56","slug":"cia-ananda-estreia-movimento-derivado","status":"publish","type":"post","link":"https:\/\/culturalizabh.com.br\/index.php\/2021\/05\/26\/cia-ananda-estreia-movimento-derivado\/","title":{"rendered":"Cia. Ananda estreia &#8220;Movimento Derivado&#8221;"},"content":{"rendered":"<p style=\"text-align: left;\">A <b>Cia Ananda \u2013 Cia de Dan\u00e7a Contempor\u00e2nea<\/b> (coletivo de artistas que nasceu na UFMG e investiga novos modos de ser e fazer dan\u00e7a), estreia nesta sexta-feira, 28 de maio, &#8220;<b>Movimento Derivado\u201d.<\/b><\/p>\n<p>&nbsp;<\/p>\n<p style=\"text-align: left;\">O espet\u00e1culo traz di\u00e1logos entre o movimento dos corpos e as artes visuais, com a pintura como ponto de partida.\u00a0As apresenta\u00e7\u00f5es ser\u00e3o ao vivo e cada artista estar\u00e1 sintonizado da sua pr\u00f3pria casa, encontrando-se com o p\u00fablico em tempo real pelo Youtube da Cia, via streaming, resultando em um \u00fanico espet\u00e1culo.<em>\u00a0<\/em>No momento da transmiss\u00e3o, pinturas da artista de dan\u00e7a, literatura e pintora, <strong>Graziela Andrade<\/strong>, ser\u00e3o projetadas nas paredes da casa de cada dan\u00e7arino, que ir\u00e1 reverberar suas sensa\u00e7\u00f5es sobre as pinturas, por meio da dan\u00e7a e das suas sensa\u00e7\u00f5es naquele momento.<\/p>\n<p>&nbsp;<\/p>\n<p style=\"text-align: left;\">O espet\u00e1culo \u00e9 dirigido pela\u00a0dan\u00e7arina, core\u00f3grafa e fundadora da companhia, <strong>Anamaria Fernandes<\/strong>,\u00a0e foi todo criado, montado e ensaiado \u00e0 dist\u00e2ncia. As\u00a0apresenta\u00e7\u00f5es ser\u00e3o nos\u00a0<strong>dias<\/strong>\u00a0<strong>28 e 29 de maio, sexta e s\u00e1bado, \u00e0s 19h,\u00a0<\/strong>ao vivo, pelo Youtube da Cia (Cia Ananda).<\/p>\n<p style=\"font-weight: 400; text-align: left;\">\n","protected":false},"excerpt":{"rendered":"<p>A Cia Ananda \u2013 Cia de Dan\u00e7a Contempor\u00e2nea (coletivo de artistas que nasceu na UFMG e investiga novos modos de ser e fazer dan\u00e7a), estreia nesta sexta-feira, 28 de maio, &#8220;Movimento Derivado\u201d. &nbsp; O espet\u00e1culo traz di\u00e1logos entre o movimento dos corpos e as artes visuais, com a pintura como ponto de partida.\u00a0As apresenta\u00e7\u00f5es ser\u00e3o [&hellip;]<\/p>\n","protected":false},"author":22,"featured_media":36298,"comment_status":"open","ping_status":"closed","sticky":false,"template":"","format":"standard","meta":{"jetpack_post_was_ever_published":false,"_jetpack_newsletter_access":"","_jetpack_dont_email_post_to_subs":false,"_jetpack_newsletter_tier_id":0,"_jetpack_memberships_contains_paywalled_content":false,"_jetpack_memberships_contains_paid_content":false,"footnotes":"","jetpack_publicize_message":"","jetpack_publicize_feature_enabled":true,"jetpack_social_post_already_shared":true,"jetpack_social_options":{"image_generator_settings":{"template":"highway","enabled":false},"version":2}},"categories":[1,7451,34,3537],"tags":[10639,299,4707],"class_list":["post-36297","post","type-post","status-publish","format-standard","has-post-thumbnail","hentry","category-culturaliza","category-danca","category-diversao","category-gratuito-ou-a-baixo-custo","tag-cia-ananda","tag-danca","tag-pintura"],"jetpack_publicize_connections":[],"jetpack_featured_media_url":"https:\/\/culturalizabh.com.br\/wp-content\/uploads\/2021\/05\/Juliana-Rodrigues-02.jpeg","jetpack_sharing_enabled":true,"jetpack_shortlink":"https:\/\/wp.me\/p864jz-9rr","_links":{"self":[{"href":"https:\/\/culturalizabh.com.br\/index.php\/wp-json\/wp\/v2\/posts\/36297","targetHints":{"allow":["GET"]}}],"collection":[{"href":"https:\/\/culturalizabh.com.br\/index.php\/wp-json\/wp\/v2\/posts"}],"about":[{"href":"https:\/\/culturalizabh.com.br\/index.php\/wp-json\/wp\/v2\/types\/post"}],"author":[{"embeddable":true,"href":"https:\/\/culturalizabh.com.br\/index.php\/wp-json\/wp\/v2\/users\/22"}],"replies":[{"embeddable":true,"href":"https:\/\/culturalizabh.com.br\/index.php\/wp-json\/wp\/v2\/comments?post=36297"}],"version-history":[{"count":1,"href":"https:\/\/culturalizabh.com.br\/index.php\/wp-json\/wp\/v2\/posts\/36297\/revisions"}],"predecessor-version":[{"id":36299,"href":"https:\/\/culturalizabh.com.br\/index.php\/wp-json\/wp\/v2\/posts\/36297\/revisions\/36299"}],"wp:featuredmedia":[{"embeddable":true,"href":"https:\/\/culturalizabh.com.br\/index.php\/wp-json\/wp\/v2\/media\/36298"}],"wp:attachment":[{"href":"https:\/\/culturalizabh.com.br\/index.php\/wp-json\/wp\/v2\/media?parent=36297"}],"wp:term":[{"taxonomy":"category","embeddable":true,"href":"https:\/\/culturalizabh.com.br\/index.php\/wp-json\/wp\/v2\/categories?post=36297"},{"taxonomy":"post_tag","embeddable":true,"href":"https:\/\/culturalizabh.com.br\/index.php\/wp-json\/wp\/v2\/tags?post=36297"}],"curies":[{"name":"wp","href":"https:\/\/api.w.org\/{rel}","templated":true}]}}