{"id":36134,"date":"2021-05-07T14:15:32","date_gmt":"2021-05-07T17:15:32","guid":{"rendered":"http:\/\/culturalizabh.com.br\/?p=36134"},"modified":"2021-05-13T17:34:25","modified_gmt":"2021-05-13T20:34:25","slug":"centro-cultural-la-favelinha-promove-oficina-de-danca-online","status":"publish","type":"post","link":"https:\/\/culturalizabh.com.br\/index.php\/2021\/05\/07\/centro-cultural-la-favelinha-promove-oficina-de-danca-online\/","title":{"rendered":"Centro Cultural L\u00e1 da Favelinha promove Oficina de Dan\u00e7a Online"},"content":{"rendered":"<p style=\"text-align: left;\">O\u00a0 <strong>Centro Cultural L\u00e1 da Favelinha<\/strong>, promove neste m\u00eas de mar\u00e7o uma <strong>Oficina de Dan\u00e7a Online<\/strong>. Se voc\u00ea \u00e9 daqueles que adora mexer o esqueleto, j\u00e1 pode juntar toda fam\u00edlia, arredar o sof\u00e1 e se divertir. As atra\u00e7\u00f5es s\u00e3o gratuitas e voc\u00ea pode escolher entre oficinas das oficinas de Funk , Pilates, viol\u00e3o e arte do bordado, todas transmitidas\u00a0 at\u00e9 o dia <strong>31\/05<\/strong>, pela plataforma youtube. Entre os ministrantes das oficinas est\u00e3o: Rafaela Borges da Yoga, Tete Moreira oficinas de Vogue,\u00a0 Nath Rodrigues oficina de canto entre outros. O objetivo do projeto \u00e9 fomentar a educa\u00e7\u00e3o, arte e cultura para a comunidade do Aglomerado da Serra.<\/p>\n<p>&nbsp;<\/p>\n<p style=\"text-align: left;\">Confira a programa\u00e7\u00e3o, e bom divertimento!<\/p>\n<p style=\"text-align: left;\"><strong>O que?<\/strong> Oficina de Dan\u00e7a Online<\/p>\n<p style=\"text-align: left;\"><strong>Quando?\u00a0 <\/strong>De 01 at\u00e9 31 de maio<\/p>\n<p style=\"text-align: left;\"><strong>Onde?<\/strong> \u00a0<a href=\"https:\/\/www.youtube.com\/channel\/UCwk6NRU1Lef5BNfoRUm_ThA\" data-saferedirecturl=\"https:\/\/www.google.com\/url?q=https:\/\/www.youtube.com\/channel\/UCwk6NRU1Lef5BNfoRUm_ThA&amp;source=gmail&amp;ust=1620490959611000&amp;usg=AFQjCNHeLQQE69EZMFGL_nLmarBqmtamEw\">L\u00e1 da Favelinha no YouTube<\/a><\/p>\n<p style=\"text-align: left;\"><strong>Quanto?<\/strong> Gratuito<\/p>\n<p>&nbsp;<\/p>\n<table class=\" alignleft\">\n<tbody>\n<tr>\n<td width=\"189\">7 de maio, \u00e0s 19h<\/td>\n<td width=\"189\">\u00a0Vogue<\/td>\n<td width=\"189\">\u00a0Tete Moreira<\/td>\n<\/tr>\n<tr>\n<td width=\"189\">10 de maio, \u00e0s 14h<\/td>\n<td width=\"189\">\u00a0 Pilates<\/td>\n<td width=\"189\">\u00a0Sara Petinelli<\/td>\n<\/tr>\n<tr>\n<td width=\"189\">10 de maio, \u00e0s 19h<\/td>\n<td width=\"189\">\u00a0Funk<\/td>\n<td width=\"189\">\u00a0Dudu Sorriso<\/td>\n<\/tr>\n<tr>\n<td width=\"189\">11 de maio, \u00e0s 14h<\/td>\n<td width=\"189\">\u00a0Canto<\/td>\n<td width=\"189\">\u00a0Nath Rodrigues<\/td>\n<\/tr>\n<tr>\n<td width=\"189\">12 de maio, \u00e0s 14h<\/td>\n<td width=\"189\">\u00a0Bordado<\/td>\n<td width=\"189\">\u00a0Luiza Luz e Dane Luz<\/td>\n<\/tr>\n<tr>\n<td width=\"189\">12 de maio, \u00e0s 19h<\/td>\n<td width=\"189\">\u00a0Viol\u00e3o<\/td>\n<td width=\"189\">\u00a0Chico Bueno<\/td>\n<\/tr>\n<tr>\n<td width=\"189\">13 de maio, \u00e0s 10h<\/td>\n<td width=\"189\">\u00a0Yoga<\/td>\n<td width=\"189\">\u00a0Rafaela Borges<\/td>\n<\/tr>\n<tr>\n<td width=\"189\">14 de maio, \u00e0s 19h<\/td>\n<td width=\"189\">\u00a0Vogue<\/td>\n<td width=\"189\">\u00a0Tete Moreira<\/td>\n<\/tr>\n<tr>\n<td width=\"189\">17 de maio, \u00e0s 14h<\/td>\n<td width=\"189\">\u00a0Pilates<\/td>\n<td width=\"189\">\u00a0Sara Petinelli<\/td>\n<\/tr>\n<tr>\n<td width=\"189\">17 de maio, \u00e0s 19h<\/td>\n<td width=\"189\">\u00a0Funk<\/td>\n<td width=\"189\">\u00a0Tiphany Gomes<\/td>\n<\/tr>\n<tr>\n<td width=\"189\">18 de maio, \u00e0s 14h<\/td>\n<td width=\"189\">\u00a0Canto<\/td>\n<td width=\"189\">\u00a0Nath Rodrigues<\/td>\n<\/tr>\n<tr>\n<td width=\"189\">19 de maio, \u00e0s 14h<\/td>\n<td width=\"189\">\u00a0Bordado<\/td>\n<td width=\"189\">\u00a0Luiza Luz e Dane Luz<\/td>\n<\/tr>\n<tr>\n<td width=\"189\">19 de maio, \u00e0s 19h<\/td>\n<td width=\"189\">\u00a0Viol\u00e3o<\/td>\n<td width=\"189\">\u00a0Chico Bueno<\/td>\n<\/tr>\n<tr>\n<td width=\"189\">20 de maio, \u00e0s 10h<\/td>\n<td width=\"189\">\u00a0Yoga<\/td>\n<td width=\"189\">\u00a0Rafaela Borges<\/td>\n<\/tr>\n<tr>\n<td width=\"189\">21 de maio, \u00e0s 19h<\/td>\n<td width=\"189\">\u00a0Vogue<\/td>\n<td width=\"189\">\u00a0Tete Moreira<\/td>\n<\/tr>\n<tr>\n<td width=\"189\">24 de maio, \u00e0s 14h<\/td>\n<td width=\"189\">\u00a0Pilates<\/td>\n<td width=\"189\">\u00a0Sara Petinelli<\/td>\n<\/tr>\n<tr>\n<td width=\"189\">24 de maio, \u00e0s 19h<\/td>\n<td width=\"189\">\u00a0Funk<\/td>\n<td width=\"189\">\u00a0Samara Oliveira<\/td>\n<\/tr>\n<tr>\n<td width=\"189\">25 de maio, \u00e0s 14h<\/td>\n<td width=\"189\">\u00a0Canto<\/td>\n<td width=\"189\">\u00a0Nath Rodrigues<\/td>\n<\/tr>\n<tr>\n<td width=\"189\">26 de maio, \u00e0s 14h<\/td>\n<td width=\"189\">\u00a0Bordado<\/td>\n<td width=\"189\">\u00a0Luiza Luz e Dane Luz<\/td>\n<\/tr>\n<tr>\n<td width=\"189\">26 de maio, \u00e0s 19h<\/td>\n<td width=\"189\">\u00a0Viol\u00e3o<\/td>\n<td width=\"189\">\u00a0Chico Bueno<\/td>\n<\/tr>\n<tr>\n<td width=\"189\">27 de maio, \u00e0s 10h<\/td>\n<td width=\"189\">\u00a0Yoga<\/td>\n<td width=\"189\">\u00a0Rafaela Borges<\/td>\n<\/tr>\n<tr>\n<td width=\"189\">28 de maio, \u00e0s 19h<\/td>\n<td width=\"189\">\u00a0Vogue<\/td>\n<td width=\"189\">\u00a0Tete Moreira<\/td>\n<\/tr>\n<tr>\n<td width=\"189\">31 de maio, \u00e0s 14h<\/td>\n<td width=\"189\">\u00a0Pilates<\/td>\n<td width=\"189\">\u00a0Sara Petinelli<\/td>\n<\/tr>\n<tr>\n<td width=\"189\">31 de maio, \u00e0s 19h<\/td>\n<td width=\"189\">\u00a0Funk<\/td>\n<td width=\"189\">\u00a0Negona Dance<\/td>\n<\/tr>\n<\/tbody>\n<\/table>\n<h2 style=\"text-align: left;\"><\/h2>\n<p style=\"font-weight: 400; text-align: left;\">\n","protected":false},"excerpt":{"rendered":"<p>O\u00a0 Centro Cultural L\u00e1 da Favelinha, promove neste m\u00eas de mar\u00e7o uma Oficina de Dan\u00e7a Online. Se voc\u00ea \u00e9 daqueles que adora mexer o esqueleto, j\u00e1 pode juntar toda fam\u00edlia, arredar o sof\u00e1 e se divertir. As atra\u00e7\u00f5es s\u00e3o gratuitas e voc\u00ea pode escolher entre oficinas das oficinas de Funk , Pilates, viol\u00e3o e arte [&hellip;]<\/p>\n","protected":false},"author":48,"featured_media":36137,"comment_status":"open","ping_status":"closed","sticky":false,"template":"","format":"standard","meta":{"jetpack_post_was_ever_published":false,"_jetpack_newsletter_access":"","_jetpack_dont_email_post_to_subs":false,"_jetpack_newsletter_tier_id":0,"_jetpack_memberships_contains_paywalled_content":false,"_jetpack_memberships_contains_paid_content":false,"footnotes":"","jetpack_publicize_message":"","jetpack_publicize_feature_enabled":true,"jetpack_social_post_already_shared":true,"jetpack_social_options":{"image_generator_settings":{"template":"highway","enabled":false},"version":2}},"categories":[1,7451,3537,7650],"tags":[10556,299,990],"class_list":["post-36134","post","type-post","status-publish","format-standard","has-post-thumbnail","hentry","category-culturaliza","category-danca","category-gratuito-ou-a-baixo-custo","category-oficinas","tag-centroculturallafavelinha","tag-danca","tag-oficinas"],"jetpack_publicize_connections":[],"jetpack_featured_media_url":"https:\/\/culturalizabh.com.br\/wp-content\/uploads\/2021\/05\/Sara-Petinelli-Foto-L\u00e1-Da-Favelinha.jpeg","jetpack_sharing_enabled":true,"jetpack_shortlink":"https:\/\/wp.me\/p864jz-9oO","_links":{"self":[{"href":"https:\/\/culturalizabh.com.br\/index.php\/wp-json\/wp\/v2\/posts\/36134","targetHints":{"allow":["GET"]}}],"collection":[{"href":"https:\/\/culturalizabh.com.br\/index.php\/wp-json\/wp\/v2\/posts"}],"about":[{"href":"https:\/\/culturalizabh.com.br\/index.php\/wp-json\/wp\/v2\/types\/post"}],"author":[{"embeddable":true,"href":"https:\/\/culturalizabh.com.br\/index.php\/wp-json\/wp\/v2\/users\/48"}],"replies":[{"embeddable":true,"href":"https:\/\/culturalizabh.com.br\/index.php\/wp-json\/wp\/v2\/comments?post=36134"}],"version-history":[{"count":5,"href":"https:\/\/culturalizabh.com.br\/index.php\/wp-json\/wp\/v2\/posts\/36134\/revisions"}],"predecessor-version":[{"id":36175,"href":"https:\/\/culturalizabh.com.br\/index.php\/wp-json\/wp\/v2\/posts\/36134\/revisions\/36175"}],"wp:featuredmedia":[{"embeddable":true,"href":"https:\/\/culturalizabh.com.br\/index.php\/wp-json\/wp\/v2\/media\/36137"}],"wp:attachment":[{"href":"https:\/\/culturalizabh.com.br\/index.php\/wp-json\/wp\/v2\/media?parent=36134"}],"wp:term":[{"taxonomy":"category","embeddable":true,"href":"https:\/\/culturalizabh.com.br\/index.php\/wp-json\/wp\/v2\/categories?post=36134"},{"taxonomy":"post_tag","embeddable":true,"href":"https:\/\/culturalizabh.com.br\/index.php\/wp-json\/wp\/v2\/tags?post=36134"}],"curies":[{"name":"wp","href":"https:\/\/api.w.org\/{rel}","templated":true}]}}