{"id":35550,"date":"2021-03-16T15:40:23","date_gmt":"2021-03-16T18:40:23","guid":{"rendered":"http:\/\/culturalizabh.com.br\/?p=35550"},"modified":"2021-03-17T21:57:57","modified_gmt":"2021-03-18T00:57:57","slug":"filmes-de-fernanda-montenegro-e-mariana-ximenes-estao-entre-os-escolhidos-para-a-mostra-miragem","status":"publish","type":"post","link":"https:\/\/culturalizabh.com.br\/index.php\/2021\/03\/16\/filmes-de-fernanda-montenegro-e-mariana-ximenes-estao-entre-os-escolhidos-para-a-mostra-miragem\/","title":{"rendered":"Filmes de Fernanda Montenegro e Mariana Ximenes est\u00e3o entre os escolhidos para a Mostra Miragem"},"content":{"rendered":"<p style=\"text-align: left;\"><strong>Fernanda Montenegro<\/strong>, <strong>Mariana Ximenes<\/strong>, <strong>Laerte<\/strong> e <strong>Greg\u00f3rio Duvivier<\/strong> protagonizam filmes que ser\u00e3o exibidos na edi\u00e7\u00e3o comemorativa de 30 anos do <strong>Festival Curta Cinema<\/strong>, que ser\u00e1 totalmente virtual. Entre os dias <strong>17 e 24 de mar\u00e7o<\/strong>, <strong>108 curtas<\/strong> espalhados por cinco mostras diferentes ser\u00e3o exibidos atrav\u00e9s da plataforma <strong>Festhome TV<\/strong> e ficar\u00e3o dispon\u00edveis por 24 horas. O festival \u00e9 <strong>gratuito<\/strong>.<\/p>\n<p>&nbsp;<\/p>\n<p style=\"text-align: left;\"><strong>&#8220;A Dama do Est\u00e1cio&#8221;<\/strong>\u00a0traz Fernanda Montenegro como a protagonista Zulmira, uma velha prostituta que um dia acorda obcecada com a ideia de que vai morrer e percebe que precisa de um caix\u00e3o.\u00a0Mariana Ximenes estrela\u00a0<strong>&#8220;Uma estrela para Ioi\u00f4&#8221;<\/strong>, que gira em torno do desejo de Ant\u00f4nio Cleide (Gustavo Falc\u00e3o) de oferecer uma vida melhor \u00e0 sua namorada, a prostituta Ioi\u00f4. Uma chance imperd\u00edvel surge quando um vendedor aparece oferecendo as estrelas do c\u00e9u.<\/p>\n<p>&nbsp;<\/p>\n<p style=\"text-align: left;\">Fic\u00e7\u00e3o e realidade s\u00e3o misturadas no curta\u00a0<strong>&#8220;O Vestido de Laerte&#8221;<\/strong>, estrelado pelo pr\u00f3prio cartunista. Entre fatos de sua vida e outros inventados, o filme acompanha Laerte pela cidade de S\u00e3o Paulo em busca do direito de frequentar o banheiro feminino.\u00a0Greg\u00f3rio Duvivier integra o elenco de\u00a0<strong>&#8220;O Velho e O Novo&#8221;<\/strong>, que conta a hist\u00f3ria de um inspetor de pol\u00edcia franc\u00eas e um enviado da embaixada brasileira que investigam as causas da morte de uma jovem rep\u00f3rter brasileira em 1989 e acabam fazendo uma descoberta sobre o ex-presidente JK.<\/p>\n<p>&nbsp;<\/p>\n<p style=\"text-align: left;\">O Festival Curta Cinema \u00e9 dedicado \u00e0 difus\u00e3o e promo\u00e7\u00e3o de obras audiovisuais em formato curta metragem. Exibe t\u00edtulos com at\u00e9<strong> trinta minutos de dura\u00e7\u00e3o<\/strong> e se dedica exclusivamente ao formato. \u00c9 um festival qualificador para importantes pr\u00eamios da ind\u00fastria audiovisual, como o <strong>Oscars<\/strong>, o <strong>BAFTA<\/strong>, os pr\u00eamios <strong>Goya<\/strong> e o <strong>Grande Pr\u00eamio do Cinema Brasileiro<\/strong>.<\/p>\n<p>&nbsp;<\/p>\n<p><b>Servi\u00e7o:<\/b><\/p>\n<p>&nbsp;<\/p>\n<p><b>&#8220;A Dama do Est\u00e1cio&#8221;<\/b><\/p>\n<p>Panorama Miragem 2 &#8211; quinta, 18 de mar\u00e7o, \u00e0s 17h<\/p>\n<p>&nbsp;<\/p>\n<p><b>&#8220;Uma Estrela Para Ioi\u00f4&#8221;<\/b><\/p>\n<p>Panorama Miragem 2 &#8211; quinta, 18 de mar\u00e7o, \u00e0s 17h<\/p>\n<p>&nbsp;<\/p>\n<p><b>&#8220;O Vestido de Laerte&#8221;\u00a0<\/b><\/p>\n<p>Panorama Miragem 3 &#8211; sexta, 19 de mar\u00e7o, \u00e0s 17h<\/p>\n<p>&nbsp;<\/p>\n<p><b>&#8220;O Velho e o Novo&#8221;\u00a0<\/b><\/p>\n<p>Panorama Miragem 5 &#8211; domingo, 21 de mar\u00e7o, \u00e0s 17h<\/p>\n<p>&nbsp;<\/p>\n<p><strong><a href=\"https:\/\/curtacinema.com.br\/anual\/programacao\/\"><span style=\"color: #000000;\">Confira a programa\u00e7\u00e3o completa clicando aqui.\u00a0<\/span><\/a><\/strong><\/p>\n<p>&nbsp;<\/p>\n","protected":false},"excerpt":{"rendered":"<p>Fernanda Montenegro, Mariana Ximenes, Laerte e Greg\u00f3rio Duvivier protagonizam filmes que ser\u00e3o exibidos na edi\u00e7\u00e3o comemorativa de 30 anos do Festival Curta Cinema, que ser\u00e1 totalmente virtual. Entre os dias 17 e 24 de mar\u00e7o, 108 curtas espalhados por cinco mostras diferentes ser\u00e3o exibidos atrav\u00e9s da plataforma Festhome TV e ficar\u00e3o dispon\u00edveis por 24 horas. [&hellip;]<\/p>\n","protected":false},"author":48,"featured_media":35554,"comment_status":"open","ping_status":"closed","sticky":false,"template":"","format":"standard","meta":{"jetpack_post_was_ever_published":false,"_jetpack_newsletter_access":"","_jetpack_dont_email_post_to_subs":false,"_jetpack_newsletter_tier_id":0,"_jetpack_memberships_contains_paywalled_content":false,"_jetpack_memberships_contains_paid_content":false,"footnotes":"","jetpack_publicize_message":"","jetpack_publicize_feature_enabled":true,"jetpack_social_post_already_shared":true,"jetpack_social_options":{"image_generator_settings":{"template":"highway","enabled":false},"version":2}},"categories":[1,8974],"tags":[10342,10341,10343],"class_list":["post-35550","post","type-post","status-publish","format-standard","has-post-thumbnail","hentry","category-culturaliza","category-quarentena","tag-fernanda-montenegro","tag-festival-curta-cinema","tag-mariana-ximenes"],"jetpack_publicize_connections":[],"jetpack_featured_media_url":"https:\/\/culturalizabh.com.br\/wp-content\/uploads\/2021\/03\/sUTvXrzw-1.jpeg","jetpack_sharing_enabled":true,"jetpack_shortlink":"https:\/\/wp.me\/p864jz-9fo","_links":{"self":[{"href":"https:\/\/culturalizabh.com.br\/index.php\/wp-json\/wp\/v2\/posts\/35550","targetHints":{"allow":["GET"]}}],"collection":[{"href":"https:\/\/culturalizabh.com.br\/index.php\/wp-json\/wp\/v2\/posts"}],"about":[{"href":"https:\/\/culturalizabh.com.br\/index.php\/wp-json\/wp\/v2\/types\/post"}],"author":[{"embeddable":true,"href":"https:\/\/culturalizabh.com.br\/index.php\/wp-json\/wp\/v2\/users\/48"}],"replies":[{"embeddable":true,"href":"https:\/\/culturalizabh.com.br\/index.php\/wp-json\/wp\/v2\/comments?post=35550"}],"version-history":[{"count":4,"href":"https:\/\/culturalizabh.com.br\/index.php\/wp-json\/wp\/v2\/posts\/35550\/revisions"}],"predecessor-version":[{"id":35565,"href":"https:\/\/culturalizabh.com.br\/index.php\/wp-json\/wp\/v2\/posts\/35550\/revisions\/35565"}],"wp:featuredmedia":[{"embeddable":true,"href":"https:\/\/culturalizabh.com.br\/index.php\/wp-json\/wp\/v2\/media\/35554"}],"wp:attachment":[{"href":"https:\/\/culturalizabh.com.br\/index.php\/wp-json\/wp\/v2\/media?parent=35550"}],"wp:term":[{"taxonomy":"category","embeddable":true,"href":"https:\/\/culturalizabh.com.br\/index.php\/wp-json\/wp\/v2\/categories?post=35550"},{"taxonomy":"post_tag","embeddable":true,"href":"https:\/\/culturalizabh.com.br\/index.php\/wp-json\/wp\/v2\/tags?post=35550"}],"curies":[{"name":"wp","href":"https:\/\/api.w.org\/{rel}","templated":true}]}}