{"id":34021,"date":"2020-09-12T10:00:43","date_gmt":"2020-09-12T13:00:43","guid":{"rendered":"http:\/\/culturalizabh.com.br\/?p=34021"},"modified":"2020-09-15T16:57:40","modified_gmt":"2020-09-15T19:57:40","slug":"elza-soares-seu-jorge-festival-desperta-e-muito-mais-confira-as-lives-deste-sabado-12-09","status":"publish","type":"post","link":"https:\/\/culturalizabh.com.br\/index.php\/2020\/09\/12\/elza-soares-seu-jorge-festival-desperta-e-muito-mais-confira-as-lives-deste-sabado-12-09\/","title":{"rendered":"Elza Soares, Seu Jorge, Festival Desperta e muito mais; confira as lives deste s\u00e1bado (12\/09)"},"content":{"rendered":"<p><span style=\"color: #000000;\">S\u00e1bado tamb\u00e9m pede lives, n\u00e9?! Olha s\u00f3 que temos pra hoje:\u00a0<\/span><\/p>\n<p>&nbsp;<\/p>\n<p><span style=\"color: #000000;\"><strong>12h:<\/strong> Yeda Maranh\u00e3o &#8211; <a href=\"https:\/\/www.youtube.com\/watch?v=ji9RdiMIyts&amp;feature=youtu.be\">YouTube<\/a><\/span><br \/>\n<span style=\"color: #000000;\"><strong>14h:<\/strong> Coala Festival (Gilberto Gil, Gilsons, Novos Baianos, Nego Bala e mais) &#8211; <a href=\"https:\/\/www.youtube.com\/user\/coalafestival\">YouTube<\/a><\/span><br \/>\n<span style=\"color: #000000;\"><strong>16h:<\/strong> Carlos &amp; Jader \u2013 <a href=\"https:\/\/www.youtube.com\/watch?v=8_DjdOEwNBI&amp;feature=youtu.be\">YouTube<\/a><br \/>\n<strong>18h: Festival Desperta &#8211; Espet\u00e1culo Elis &amp; Eu &#8211; <a href=\"https:\/\/www.youtube.com\/user\/unimedbh\/featured\">YouTube<\/a><br \/>\nA partir de 19h: Festival DDM \u2013 Dia da M\u00fasica Barreiro\u00a0 \u2013 <a href=\"https:\/\/www.youtube.com\/InstitutoMacuna%C3%ADma\">YouTube<\/a><\/strong><\/span><br \/>\n<span style=\"color: #000000;\"><strong>19h:<\/strong> Livia e Arthur Nestrovski \u2013\u00a0 <a href=\"https:\/\/www.youtube.com\/sescsp\">YouTube<\/a><\/span><br \/>\n<span style=\"color: #000000;\"><strong>20h:<\/strong> Z\u00e9 Neto e Cristiano \u2013\u00a0 <a href=\"https:\/\/www.youtube.com\/zncoficial\">YouTube<\/a><\/span><br \/>\n<span style=\"color: #000000;\"><strong>20h:<\/strong> Gian e Giovani \u2013 <a href=\"https:\/\/www.youtube.com\/gianegiovanioficial\">YouTube<\/a><\/span><br \/>\n<span style=\"color: #000000;\"><strong>20h:<\/strong> Elza Soares, Seu Jorge e Agnes Nunes \u2013 <a href=\"https:\/\/www.youtube.com\/channel\/UCdnGnck8goh_AvWmOlZ6zDw\">YouTube<\/a><\/span><br \/>\n<span style=\"color: #000000;\"><strong>20h:<\/strong> Ivan Gadelha \u2013 <a href=\"https:\/\/www.youtube.com\/ivangadelha\">YouTube<\/a><\/span><br \/>\n<span style=\"color: #000000;\"><strong>21h:<\/strong> Rose Nascimento \u2013 <a href=\"https:\/\/www.youtube.com\/watch?v=3c_tS3BOjSc&amp;feature=youtu.be\">YouTube<\/a><\/span><\/p>\n<p>&nbsp;<\/p>\n","protected":false},"excerpt":{"rendered":"<p>S\u00e1bado tamb\u00e9m pede lives, n\u00e9?! Olha s\u00f3 que temos pra hoje:\u00a0 &nbsp; 12h: Yeda Maranh\u00e3o &#8211; YouTube 14h: Coala Festival (Gilberto Gil, Gilsons, Novos Baianos, Nego Bala e mais) &#8211; YouTube 16h: Carlos &amp; Jader \u2013 YouTube 18h: Festival Desperta &#8211; Espet\u00e1culo Elis &amp; Eu &#8211; YouTube A partir de 19h: Festival DDM \u2013 Dia [&hellip;]<\/p>\n","protected":false},"author":1,"featured_media":34022,"comment_status":"open","ping_status":"closed","sticky":false,"template":"","format":"standard","meta":{"jetpack_post_was_ever_published":false,"_jetpack_newsletter_access":"","_jetpack_dont_email_post_to_subs":false,"_jetpack_newsletter_tier_id":0,"_jetpack_memberships_contains_paywalled_content":false,"_jetpack_memberships_contains_paid_content":false,"footnotes":"","jetpack_publicize_message":"","jetpack_publicize_feature_enabled":true,"jetpack_social_post_already_shared":true,"jetpack_social_options":{"image_generator_settings":{"template":"highway","enabled":false},"version":2}},"categories":[9065],"tags":[9606,1161,9031,3865],"class_list":["post-34021","post","type-post","status-publish","format-standard","has-post-thumbnail","hentry","category-live","tag-ao-vivp","tag-elza-soares","tag-live","tag-seu-jorge"],"jetpack_publicize_connections":[],"jetpack_featured_media_url":"https:\/\/culturalizabh.com.br\/wp-content\/uploads\/2020\/09\/elza-soares-sesc-guarulhos-sp-foto-daryan-dornelles.jpg","jetpack_sharing_enabled":true,"jetpack_shortlink":"https:\/\/wp.me\/p864jz-8QJ","_links":{"self":[{"href":"https:\/\/culturalizabh.com.br\/index.php\/wp-json\/wp\/v2\/posts\/34021","targetHints":{"allow":["GET"]}}],"collection":[{"href":"https:\/\/culturalizabh.com.br\/index.php\/wp-json\/wp\/v2\/posts"}],"about":[{"href":"https:\/\/culturalizabh.com.br\/index.php\/wp-json\/wp\/v2\/types\/post"}],"author":[{"embeddable":true,"href":"https:\/\/culturalizabh.com.br\/index.php\/wp-json\/wp\/v2\/users\/1"}],"replies":[{"embeddable":true,"href":"https:\/\/culturalizabh.com.br\/index.php\/wp-json\/wp\/v2\/comments?post=34021"}],"version-history":[{"count":1,"href":"https:\/\/culturalizabh.com.br\/index.php\/wp-json\/wp\/v2\/posts\/34021\/revisions"}],"predecessor-version":[{"id":34023,"href":"https:\/\/culturalizabh.com.br\/index.php\/wp-json\/wp\/v2\/posts\/34021\/revisions\/34023"}],"wp:featuredmedia":[{"embeddable":true,"href":"https:\/\/culturalizabh.com.br\/index.php\/wp-json\/wp\/v2\/media\/34022"}],"wp:attachment":[{"href":"https:\/\/culturalizabh.com.br\/index.php\/wp-json\/wp\/v2\/media?parent=34021"}],"wp:term":[{"taxonomy":"category","embeddable":true,"href":"https:\/\/culturalizabh.com.br\/index.php\/wp-json\/wp\/v2\/categories?post=34021"},{"taxonomy":"post_tag","embeddable":true,"href":"https:\/\/culturalizabh.com.br\/index.php\/wp-json\/wp\/v2\/tags?post=34021"}],"curies":[{"name":"wp","href":"https:\/\/api.w.org\/{rel}","templated":true}]}}