{"id":33333,"date":"2020-07-06T12:33:47","date_gmt":"2020-07-06T15:33:47","guid":{"rendered":"http:\/\/culturalizabh.com.br\/?p=33333"},"modified":"2020-07-07T13:48:05","modified_gmt":"2020-07-07T16:48:05","slug":"sandra-de-sa-toquinho-e-muito-mais-confira-as-lives-desta-segunda-06-07","status":"publish","type":"post","link":"https:\/\/culturalizabh.com.br\/index.php\/2020\/07\/06\/sandra-de-sa-toquinho-e-muito-mais-confira-as-lives-desta-segunda-06-07\/","title":{"rendered":"Sandra de S\u00e1, Toquinho e muito mais; confira as lives desta segunda (06\/07)"},"content":{"rendered":"<p><span style=\"color: #000000;\">Segunda tamb\u00e9m \u00e9 dia de live!<\/span><\/p>\n<p><span style=\"color: #000000;\">Confira a programa\u00e7\u00e3o:\u00a0<\/span><\/p>\n<p>&nbsp;<\/p>\n<p><span style=\"color: #000000;\"><strong>19h:<\/strong> Roberta Valente e Alexandre Ribeiro &#8211;<\/span> <a href=\"http:\/\/youtube.com\/sescsp\">YouTube<\/a><\/p>\n<p><span style=\"color: #000000;\"><strong>20h:<\/strong> Sandra de S\u00e1 &#8211; <a href=\"https:\/\/www.youtube.com\/watch?v=1NNQUMnWas8&amp;feature=youtu.be\">YouTube<\/a><\/span><\/p>\n<p><span style=\"color: #000000;\"><strong>20h:<\/strong> Toquinho &#8211;<\/span> <a href=\"http:\/\/www.toquinho.com.br\/lives\/\">Site oficial<\/a> <span style=\"color: #000000;\">&#8211; Valor: R$20\u00a0<\/span><\/p>\n<p><span style=\"color: #000000;\"><strong>21h:<\/strong> Cecitonio Coelho toca Luiz Melodia &#8211;<\/span> <a href=\"https:\/\/www.instagram.com\/cecitonio\/\">Instagram<\/a> e <a href=\"https:\/\/www.facebook.com\/cecitoniocoelhooficial\">Facebook<\/a><\/p>\n<p><span style=\"color: #000000;\"><strong>21h30:<\/strong> Teatro &#8211; Katierina Iv\u00e2novna em \u201cOndina Clais\u201d &#8211; <a href=\"http:\/\/youtube.com\/sescsp\">YouTube\u00a0<\/a><\/span><\/p>\n<p>&nbsp;<\/p>\n","protected":false},"excerpt":{"rendered":"<p>Segunda tamb\u00e9m \u00e9 dia de live! Confira a programa\u00e7\u00e3o:\u00a0 &nbsp; 19h: Roberta Valente e Alexandre Ribeiro &#8211; YouTube 20h: Sandra de S\u00e1 &#8211; YouTube 20h: Toquinho &#8211; Site oficial &#8211; Valor: R$20\u00a0 21h: Cecitonio Coelho toca Luiz Melodia &#8211; Instagram e Facebook 21h30: Teatro &#8211; Katierina Iv\u00e2novna em \u201cOndina Clais\u201d &#8211; YouTube\u00a0 &nbsp;<\/p>\n","protected":false},"author":1,"featured_media":33334,"comment_status":"open","ping_status":"closed","sticky":false,"template":"","format":"standard","meta":{"jetpack_post_was_ever_published":false,"_jetpack_newsletter_access":"","_jetpack_dont_email_post_to_subs":false,"_jetpack_newsletter_tier_id":0,"_jetpack_memberships_contains_paywalled_content":false,"_jetpack_memberships_contains_paid_content":false,"footnotes":"","jetpack_publicize_message":"","jetpack_publicize_feature_enabled":true,"jetpack_social_post_already_shared":true,"jetpack_social_options":{"image_generator_settings":{"template":"highway","enabled":false},"version":2}},"categories":[9065],"tags":[8941,9031,4528,718],"class_list":["post-33333","post","type-post","status-publish","format-standard","has-post-thumbnail","hentry","category-live","tag-quarentena","tag-live","tag-sandra-de-sa","tag-toquinho"],"jetpack_publicize_connections":[],"jetpack_featured_media_url":"https:\/\/culturalizabh.com.br\/wp-content\/uploads\/2020\/07\/a-cantora-sandra-de-sa-faz-no-em-vitoria-no-dia-22-de-fevereiro-189721-article.jpg","jetpack_sharing_enabled":true,"jetpack_shortlink":"https:\/\/wp.me\/p864jz-8FD","_links":{"self":[{"href":"https:\/\/culturalizabh.com.br\/index.php\/wp-json\/wp\/v2\/posts\/33333","targetHints":{"allow":["GET"]}}],"collection":[{"href":"https:\/\/culturalizabh.com.br\/index.php\/wp-json\/wp\/v2\/posts"}],"about":[{"href":"https:\/\/culturalizabh.com.br\/index.php\/wp-json\/wp\/v2\/types\/post"}],"author":[{"embeddable":true,"href":"https:\/\/culturalizabh.com.br\/index.php\/wp-json\/wp\/v2\/users\/1"}],"replies":[{"embeddable":true,"href":"https:\/\/culturalizabh.com.br\/index.php\/wp-json\/wp\/v2\/comments?post=33333"}],"version-history":[{"count":1,"href":"https:\/\/culturalizabh.com.br\/index.php\/wp-json\/wp\/v2\/posts\/33333\/revisions"}],"predecessor-version":[{"id":33335,"href":"https:\/\/culturalizabh.com.br\/index.php\/wp-json\/wp\/v2\/posts\/33333\/revisions\/33335"}],"wp:featuredmedia":[{"embeddable":true,"href":"https:\/\/culturalizabh.com.br\/index.php\/wp-json\/wp\/v2\/media\/33334"}],"wp:attachment":[{"href":"https:\/\/culturalizabh.com.br\/index.php\/wp-json\/wp\/v2\/media?parent=33333"}],"wp:term":[{"taxonomy":"category","embeddable":true,"href":"https:\/\/culturalizabh.com.br\/index.php\/wp-json\/wp\/v2\/categories?post=33333"},{"taxonomy":"post_tag","embeddable":true,"href":"https:\/\/culturalizabh.com.br\/index.php\/wp-json\/wp\/v2\/tags?post=33333"}],"curies":[{"name":"wp","href":"https:\/\/api.w.org\/{rel}","templated":true}]}}