{"id":32679,"date":"2020-04-07T17:35:51","date_gmt":"2020-04-07T20:35:51","guid":{"rendered":"http:\/\/culturalizabh.com.br\/?p=32679"},"modified":"2020-04-07T17:35:51","modified_gmt":"2020-04-07T20:35:51","slug":"portal-belorizontino-lanca-seu-primeiro-curso-on-line-voltado-para-divulgacao-de-negocios-criativos","status":"publish","type":"post","link":"https:\/\/culturalizabh.com.br\/index.php\/2020\/04\/07\/portal-belorizontino-lanca-seu-primeiro-curso-on-line-voltado-para-divulgacao-de-negocios-criativos\/","title":{"rendered":"Portal belorizontino lan\u00e7a seu primeiro curso on-line voltado para Divulga\u00e7\u00e3o de Neg\u00f3cios criativos"},"content":{"rendered":"<p style=\"text-align: left;\">Nos dias 14 e 15 de abril o portal <strong>Culturadoria<\/strong>, por meio do <strong>Culturadoria<\/strong> <strong>Lab<\/strong>, expande sua atividade e lan\u00e7a o primeiro curso on-line do portal voltado para a <strong>Divulga\u00e7\u00e3o de Neg\u00f3cios criativos<\/strong>. As aulas ser\u00e3o on-line e ao vivo, por meio da <strong>plataforma<\/strong> <strong>Zoom<\/strong>, entre 15h e 17h15. Divido em dois m\u00f3dulos, o objetivo \u00e9 capacitar profissionais da cadeia criativa para o uso estrat\u00e9gico das ferramentas dispon\u00edveis para <strong>comunica\u00e7\u00e3o digital<\/strong>.<\/p>\n<p>&nbsp;<\/p>\n<p style=\"text-align: left;\">\u00a0O conte\u00fado ser\u00e1 ministrado pela <strong>Carol Braga<\/strong>, jornalista cultural desde 2001, com experi\u00eancias na <strong>R\u00e1dio Guarani<\/strong>, <strong>TV<\/strong> <strong>Alterosa<\/strong> e como rep\u00f3rter e cr\u00edtica do caderno de cultura do <strong>Jornal<\/strong> <strong>Estado<\/strong> <strong>de Minas<\/strong>, professora nos cursos de comunica\u00e7\u00e3o do <strong>UNI-BH <\/strong>e consultora no <strong>Sebrae-MG,<\/strong> entre outros. Carol \u00e9 doutora em Comunica\u00e7\u00e3o e sociabilidade contempor\u00e2nea pela Universidad Aut\u00f3noma de Barcelona em conv\u00eanio com a UFMG, mestre em Jornalismo e novas linguagens tamb\u00e9m pela Universidad Aut\u00f3noma de Barcelona e p\u00f3s-graduada em Cr\u00edtica de m\u00fasica pop e cinema pela Universidad Ramon Llull, de Barcelona. Realizou est\u00e1gio p\u00f3s-doutoral na Universidade Federal de Minas Gerais com projeto sobre narrativas transm\u00eddia no jornalismo.<\/p>\n<p>&nbsp;<\/p>\n<p style=\"text-align: left;\">Al\u00e9m de um momento dedicado \u00e0 compreens\u00e3o te\u00f3rica sobre o que caracteriza as l\u00f3gicas de comunica\u00e7\u00e3o na contemporaneidade, o curso \u00e9 voltado para o crescimento de neg\u00f3cios em <strong>redes<\/strong> <strong>sociais<\/strong> nas \u00e1reas da <strong>moda<\/strong>, <strong>artesanato<\/strong>, <strong>m\u00eddias<\/strong>, <strong>editorial<\/strong>, <strong>gastronomia<\/strong>, <strong>servi\u00e7os culturais <\/strong>em geral, m\u00fasica e artes c\u00eanicas. E prev\u00ea tamb\u00e9m uma efetiva parte pr\u00e1tica. Ou seja, com o auxilio de <strong>Carol Braga<\/strong>, os participantes v\u00e3o planejar o conte\u00fado paras pr\u00f3prias redes sociais al\u00e9m de definir as estrat\u00e9gias de a\u00e7\u00e3o nos respectivos espa\u00e7os digitais.<\/p>\n<p>&nbsp;<\/p>\n<p style=\"text-align: left;\">As inscri\u00e7\u00f5es no valor promocional de R$89,00 pode ser feito pelo link <a href=\"https:\/\/www.sympla.com.br\/divulgacao-de-negocios-criativos-com-carol-braga__831128\">https:\/\/www.sympla.com.br\/divulgacao-de-negocios-criativos-com-carol-braga__831128<\/a><\/p>\n<p>&nbsp;<\/p>\n<p style=\"text-align: left;\"><strong>O link de acesso a plataforma <\/strong><strong>Zoom<\/strong><strong> ser\u00e1 distribu\u00eddo no dia da aula.<\/strong><\/p>\n<p>&nbsp;<\/p>\n<p style=\"text-align: left;\">Abaixo mais informa\u00e7\u00f5es sobre o curso:<\/p>\n<p style=\"text-align: left;\"><strong><u>DIA<\/u><\/strong> <strong><u>01 \u2013 2h com intervalo de 15 min \u2013 15h \u00e0s 17h15<\/u><\/strong><br \/>\n&gt;&gt; Introdu\u00e7\u00e3o<br \/>\nPor que as redes sociais s\u00e3o fundamentais para os neg\u00f3cios criativos?<br \/>\nEntendendo as l\u00f3gicas de comunica\u00e7\u00e3o para fazer uso delas;<br \/>\n&gt;&gt; Ecossistema midi\u00e1tico contempor\u00e2neo<br \/>\nHist\u00f3ria das m\u00eddias sociais<br \/>\nCaracter\u00edsticas predominantes Instagram, YouTube, Twitter, Facebook, WhatsApp<\/p>\n<p>&nbsp;<\/p>\n<p style=\"text-align: left;\">\n<strong><u>DIA 02 \u2013 2h com intervalo de 15 min &#8211; \u00a015h \u00e0s 17h15<br \/>\n<\/u><\/strong>&gt;&gt; Planejamento estrat\u00e9gico para redes sociais<br \/>\nO que s\u00e3o algoritmos: de que forma isso afeta meu neg\u00f3cio criativo?<br \/>\nCria\u00e7\u00e3o de conte\u00fado<br \/>\nPlanejamento Editorial<br \/>\nEstrat\u00e9gias de engajamento em textos, fotos e v\u00eddeos<br \/>\n&gt;&gt; M\u00e9tricas<br \/>\nM\u00e9tricas espec\u00edficas dos principais canais<br \/>\nAn\u00e1lise de desempenho, relev\u00e2ncia e envolvimento<\/p>\n<p style=\"text-align: left;\">\n<p style=\"text-align: left;\">\n<p style=\"text-align: left;\">\n","protected":false},"excerpt":{"rendered":"<p>Nos dias 14 e 15 de abril o portal Culturadoria, por meio do Culturadoria Lab, expande sua atividade e lan\u00e7a o primeiro curso on-line do portal voltado para a Divulga\u00e7\u00e3o de Neg\u00f3cios criativos. As aulas ser\u00e3o on-line e ao vivo, por meio da plataforma Zoom, entre 15h e 17h15. Divido em dois m\u00f3dulos, o objetivo [&hellip;]<\/p>\n","protected":false},"author":22,"featured_media":32683,"comment_status":"open","ping_status":"closed","sticky":false,"template":"","format":"standard","meta":{"jetpack_post_was_ever_published":false,"_jetpack_newsletter_access":"","_jetpack_dont_email_post_to_subs":false,"_jetpack_newsletter_tier_id":0,"_jetpack_memberships_contains_paywalled_content":false,"_jetpack_memberships_contains_paid_content":false,"footnotes":"","jetpack_publicize_message":"","jetpack_publicize_feature_enabled":true,"jetpack_social_post_already_shared":true,"jetpack_social_options":{"image_generator_settings":{"template":"highway","enabled":false},"version":2}},"categories":[14,7875,8974],"tags":[9000,8999,9001],"class_list":["post-32679","post","type-post","status-publish","format-standard","has-post-thumbnail","hentry","category-dicas","category-economia-cultura","category-quarentena","tag-carol-braga","tag-culturadoria","tag-midias-sociais"],"jetpack_publicize_connections":[],"jetpack_featured_media_url":"https:\/\/culturalizabh.com.br\/wp-content\/uploads\/2020\/04\/Carol-Braga.jpg","jetpack_sharing_enabled":true,"jetpack_shortlink":"https:\/\/wp.me\/p864jz-8v5","_links":{"self":[{"href":"https:\/\/culturalizabh.com.br\/index.php\/wp-json\/wp\/v2\/posts\/32679","targetHints":{"allow":["GET"]}}],"collection":[{"href":"https:\/\/culturalizabh.com.br\/index.php\/wp-json\/wp\/v2\/posts"}],"about":[{"href":"https:\/\/culturalizabh.com.br\/index.php\/wp-json\/wp\/v2\/types\/post"}],"author":[{"embeddable":true,"href":"https:\/\/culturalizabh.com.br\/index.php\/wp-json\/wp\/v2\/users\/22"}],"replies":[{"embeddable":true,"href":"https:\/\/culturalizabh.com.br\/index.php\/wp-json\/wp\/v2\/comments?post=32679"}],"version-history":[{"count":1,"href":"https:\/\/culturalizabh.com.br\/index.php\/wp-json\/wp\/v2\/posts\/32679\/revisions"}],"predecessor-version":[{"id":32684,"href":"https:\/\/culturalizabh.com.br\/index.php\/wp-json\/wp\/v2\/posts\/32679\/revisions\/32684"}],"wp:featuredmedia":[{"embeddable":true,"href":"https:\/\/culturalizabh.com.br\/index.php\/wp-json\/wp\/v2\/media\/32683"}],"wp:attachment":[{"href":"https:\/\/culturalizabh.com.br\/index.php\/wp-json\/wp\/v2\/media?parent=32679"}],"wp:term":[{"taxonomy":"category","embeddable":true,"href":"https:\/\/culturalizabh.com.br\/index.php\/wp-json\/wp\/v2\/categories?post=32679"},{"taxonomy":"post_tag","embeddable":true,"href":"https:\/\/culturalizabh.com.br\/index.php\/wp-json\/wp\/v2\/tags?post=32679"}],"curies":[{"name":"wp","href":"https:\/\/api.w.org\/{rel}","templated":true}]}}