{"id":32325,"date":"2020-02-17T22:35:56","date_gmt":"2020-02-18T01:35:56","guid":{"rendered":"http:\/\/culturalizabh.com.br\/?p=32325"},"modified":"2020-02-22T12:46:25","modified_gmt":"2020-02-22T15:46:25","slug":"programacao-completa-do-carnaval-de-bh-2020-terca-25-02","status":"publish","type":"post","link":"https:\/\/culturalizabh.com.br\/index.php\/2020\/02\/17\/programacao-completa-do-carnaval-de-bh-2020-terca-25-02\/","title":{"rendered":"Programa\u00e7\u00e3o completa do Carnaval de BH 2020 \u2013 Ter\u00e7a (25\/02)"},"content":{"rendered":"<h3 style=\"text-align: left\"><span style=\"color: #ff6600\"><strong>TRUCK DO DESEJO<\/strong><\/span><\/h3>\n<p style=\"text-align: left\"><span style=\"color: #000000\">A Truck do Desejo foi fundada em 2018 com o objetivo de dar maior visibilidade e protagonismo \u00e0 cultura l\u00e9sbica e bissexual, criando um espa\u00e7o em que mulheres l\u00e9s-bi possam se sentir seguras para demonstrar sua afetividade e carnavalizar. O repert\u00f3rio \u00e9 formado por m\u00fasicas populares brasileiras compostas por ou que se tornaram conhecidas nas vozes de mulheres l\u00e9sbicas ou bissexuais, tais como C\u00e1ssia Eller, Mart&#8217;n\u00e1lia, Marina Lima, Angela Ro Ro, Gal Costa, Maria Beth\u00e2nia, Adriana Calcanhotto, Luedji Luna, Ana Carolina, Letrux, Doralyce, dentre outras. Tamb\u00e9m conta com par\u00f3dias in\u00e9ditas feitas pelas integrantes e com um hino.<\/span><\/p>\n<p style=\"text-align: left\"><span style=\"color: #000000\"><strong>Hora:<\/strong> 09:30<\/span><\/p>\n<p style=\"text-align: left\"><span style=\"color: #000000\"><strong>Onde:<\/strong> Avenida Augusto de Lima, 1222, Barro Preto<\/span><\/p>\n<h3 style=\"text-align: left\"><span style=\"color: #ff6600\"><strong>FUNK YOU<\/strong><\/span><\/h3>\n<p style=\"text-align: left\"><span style=\"color: #000000\">O Bloco Funk You surgiu em dezembro de 2016, com a proposta de tocar um estilo musical ainda n\u00e3o explorado pelos blocos j\u00e1 existentes no Carnaval de rua de Belo Horizonte: o Funk brasileiro. Em sua estreia, no Carnaval de 2017, o Funk You levou mais de 40 mil pessoas pras ruas, surpreendendo a todos com um som contagiante. Em 2018, foram mais de 150 mil pessoas na Avenida Brasil dan\u00e7ando at\u00e9 o ch\u00e3o. No terceiro desfile, em 2019, uma multid\u00e3o de quase de 300 mil pessoas acompanhou o Funk You, colocando o Bloco entre os mais expressivos da cidade, que \u00e9 hoje um dos 3 maiores carnavais do Brasil! O repert\u00f3rio \u00e9 composto por hits de funk dos anos 90 at\u00e9 os dias atuais.<\/span><\/p>\n<p style=\"text-align: left\"><span style=\"color: #000000\"><strong>Hora:<\/strong> 10:00<\/span><\/p>\n<p style=\"text-align: left\"><span style=\"color: #000000\"><strong>Onde:<\/strong> Avenida Afonso Pena, 876, centro<\/span><\/p>\n<h3 style=\"text-align: left\"><strong><span style=\"color: #ff6600\">LIBERDADE E \u00c1GUA LIMPA<\/span><\/strong><\/h3>\n<p style=\"text-align: left\">Bloco surgiu de integrantes de capoeira de angola, funcion\u00e1rios p\u00fablicos, estudantes, soci\u00f3logos e necessidade de defender a cultura e o meio ambiente.<\/p>\n<p style=\"text-align: left\"><strong>Hora:<\/strong> 10:00<\/p>\n<p style=\"text-align: left\"><strong>Onde:<\/strong> Rua Padre Rolim, 62, Santa Efig\u00eania<\/p>\n<h3 style=\"text-align: left\"><strong><span style=\"color: #ff6600\">COCO DA GENTE<\/span><\/strong><\/h3>\n<p style=\"text-align: left\"><span style=\"color: #000000\">O bloco Coco da Gente \u00e9 uma das frentes do Coletivo Cultural Coco da Gente e tem como objetivo difundir as tradi\u00e7\u00f5es nordestina de matriz africana e ind\u00edgena no carnaval de Belo Horizonte. O carro chefe s\u00e3o os cocos do nordeste, por\u00e9m tamb\u00e9m tocamos ciranda, ijex\u00e1, bai\u00e3o e folguedo de roda. O repert\u00f3rio mescla cantigas autorais e cl\u00e1ssicos dos velhos mestres, como Luiz Gonzaga, Lia de Itamarac\u00e1 e Selma do Coco. Todo mundo \u00e9 bem vindo em nosso bloco, prezamos pela diversidade e respeito m\u00fatuo e acreditamos na for\u00e7a da cultura como instrumento de transforma\u00e7\u00e3o social. Cola com n\u00f3is!<\/span><\/p>\n<p style=\"text-align: left\"><span style=\"color: #000000\"><strong>Hora:<\/strong> 10:00<\/span><\/p>\n<p style=\"text-align: left\"><span style=\"color: #000000\"><strong>Onde:<\/strong> Rua Ametista, 178, Vila Dias<\/span><\/p>\n<h3 style=\"text-align: left\"><span style=\"color: #ff6600\">JUVENTUDE BRONZEADA<\/span><\/h3>\n<p style=\"text-align: left\"><span style=\"color: #000000\">O bloco Coco da Gente \u00e9 uma das frentes do Coletivo Cultural Coco da Gente e tem como objetivo difundir as tradi\u00e7\u00f5es nordestina de matriz africana e ind\u00edgena no carnaval de Belo Horizonte. O carro chefe s\u00e3o os cocos do nordeste, por\u00e9m tamb\u00e9m tocamos ciranda, ijex\u00e1, bai\u00e3o e folguedo de roda. O repert\u00f3rio mescla cantigas autorais e cl\u00e1ssicos dos velhos mestres, como Luiz Gonzaga, Lia de Itamarac\u00e1 e Selma do Coco. Todo mundo \u00e9 bem vindo em nosso bloco, prezamos pela diversidade e respeito m\u00fatuo e acreditamos na for\u00e7a da cultura como instrumento de transforma\u00e7\u00e3o social. Cola com n\u00f3is!<\/span><\/p>\n<p style=\"text-align: left\"><span style=\"color: #000000\"><strong>Hora:<\/strong> 10:00<\/span><\/p>\n<p style=\"text-align: left\"><span style=\"color: #000000\"><strong>Onde:<\/strong> Avenida Assis Chateaubriand, 127, Floresta<\/span><\/p>\n<h3 style=\"text-align: left\"><strong><span style=\"color: #ff6600\">BLOCO DA KEL E MINAS COM BAHIA<\/span><\/strong><\/h3>\n<p style=\"text-align: left\"><span style=\"color: #000000\">O bloco da kel e Minas com Bahia, surgiu em 2019 somente com o nome de Bloco Minas com Bahia. A vocalista kel Rodrigues com sua ENERGIA,CARISMA e ousadia, acreditou que poderia levar alegria e energia positiva para todas as pessoas e ela conseguiu. Hoje o bloco e composto por 10 componentes em cima do trio, e a inten\u00e7\u00e3o e levar no minimo 50 integrantes na bateria no ch\u00e3o. Instrumentos utilizados, teclado, viol\u00e3o, bateria, guitarra, e percuss\u00e3o. O bloco da kel no pr\u00f3ximo ano de 2020 vem com os estilo mais forte de axe o que n\u00e3o pode faltar de maneira alguma para nossa mineirinha apimentada, mas claro que como ela sempre gosta de inovar ser\u00e3o inclusos os estilos de pagode, samba, funk melody e ate o sertaxe nome criado por ela para o sertanejo tocado no estilo de axe.<\/span><\/p>\n<p style=\"text-align: left\"><span style=\"color: #000000\"><strong>Hora:<\/strong> 10:00<\/span><\/p>\n<p style=\"text-align: left\"><span style=\"color: #000000\"><strong>Onde:<\/strong> Rua Alberto Cintra, 24, Uni\u00e3o<\/span><\/p>\n<h3 style=\"text-align: left\"><span style=\"color: #ff6600\"><strong>BLOCO CHEGA O REI<\/strong><\/span><\/h3>\n<p style=\"text-align: left\"><span style=\"color: #000000\">Encontros musicais ao longo de 2017 e em 2018, o grupo se movimentou e realizou seu primeiro desfile com a ideia de levar os cl\u00e1ssicos de Roberto Carlos a todas as gera\u00e7\u00f5es. Em 2019 sua atua\u00e7\u00e3o cresceu e abriu espa\u00e7o para a forma\u00e7\u00e3o de uma bateria formada por cadeirantes, crian\u00e7as, pessoas em situa\u00e7\u00e3o de rua, jovens e pessoas da terceira idade, tocando surdos, caixas, tamborim, repenique, ganz\u00e1, Agb\u00eae tamb\u00e9m Ag\u00f4g\u00f4. Ritmos de influ\u00eancias da musica afro, misturadas com rock e com o MPB e cria um som \u00fanico e contagiante. O objetivo do bloco \u00e9 fomentar uma rede colaborativa mais ampla e criativa, que possa proporcionar a movimenta\u00e7\u00e3o econ\u00f4mica e social da regi\u00e3o, atrav\u00e9s de projetos inclusivos com o envolvimento da comunidade em geral. O compartilhamento, atrav\u00e9s da m\u00fasica tem proporcionado experi\u00eancias transformadoras e promulgado o capital humano, fomentando e afirmando a cada a\u00e7\u00e3o, o respeito \u00e0 diversidade e a cultura como agentes transformadores de uma sociedade mais igualit\u00e1ria.<\/span><\/p>\n<p style=\"text-align: left\"><span style=\"color: #000000\"><strong>Hora:<\/strong> 10:00<\/span><\/p>\n<p style=\"text-align: left\"><span style=\"color: #000000\"><strong>Onde:<\/strong> Rua Frei Concei\u00e7\u00e3o Veloso, 145, Jo\u00e3o Pinheiro<\/span><\/p>\n<h3 style=\"text-align: left\"><strong><span style=\"color: #ff6600\">O REI E A JOVEM GUARDA<\/span><\/strong><\/h3>\n<p style=\"text-align: left\"><span style=\"color: #000000\">Bloco surgiu atrav\u00e9s da escola de samba Chame Chame, vencedora do Carnaval de Belo Horizonte em 2010. A ideia do bloco \u00e9 reviver um dos principais per\u00edodos da MPB, que \u00e9 a jovem guarda e uma homenagem ao Roberto Carlos.<\/span><\/p>\n<p style=\"text-align: left\"><span style=\"color: #000000\"><strong>Hora:<\/strong> 11:30<\/span><\/p>\n<p style=\"text-align: left\"><span style=\"color: #000000\"><strong>Onde:<\/strong> Pra\u00e7a da Liberdade, 435, Savassi<\/span><\/p>\n<h3 style=\"text-align: left\"><span style=\"color: #ff6600\"><strong>BAIANEIROS<\/strong><\/span><\/h3>\n<p style=\"text-align: left\"><span style=\"color: #000000\">O bloco surgiu em 2015, quando Danniel Maestri e Lelo Lob\u00e3o se juntaram para juntos trazer a atmosfera do carnaval de Salvador para o carnaval de Belo Horizonte. No desfile de 2019, eles gravaram o primeiro DVD da banda. Foi a primeira vez que um DVD \u00e9 registrado em cima de um trio el\u00e9trico fora do carnaval de Salvador.<\/span><\/p>\n<p style=\"text-align: left\"><span style=\"color: #000000\"><strong>Hora:<\/strong> 11:30<\/span><\/p>\n<p style=\"text-align: left\"><span style=\"color: #000000\"><strong>Onde:<\/strong> Avenida Get\u00falio Vargas, 1507, Savassi<\/span><\/p>\n<h3 style=\"text-align: left\"><strong><span style=\"color: #ff6600\">BLOCO DU S\u00d4 TCH\u00ca<\/span><\/strong><\/h3>\n<p style=\"text-align: left\"><span style=\"color: #000000\">Tudo come\u00e7ou com um bate papo entre amigos e familiares, e acabou virando um bloco de carnaval, sendo esse o seu primeiro ano com o tema ax\u00e9 dos anos 90. O Bloco Du S\u00f4 Tch\u00e9 ir\u00e1 fazer a folia em homenagem ao Ex-Policial Reformado da PMMG Tenente C\u00e2mara, mais conhecido como Tch\u00e9, com o objetivo de reunir familiares, amigos e crian\u00e7as em um clima bem descontra\u00eddo e animado. Ideal para quem quer curtir o carnaval sem muita muvuca e relembrar os grandes sucessos do passado. O bloco \u00e9 fixo, localizado na rua Manoel Alexandrino no Bairro S\u00e3o Paulo. O som fica por conta da bateria e de muita gente alegre!<\/span><\/p>\n<p style=\"text-align: left\"><span style=\"color: #000000\"><strong>Hora:<\/strong> 12:00<\/span><\/p>\n<p style=\"text-align: left\"><span style=\"color: #000000\"><strong>Onde:<\/strong> Rua Manoel Alexandrino, 306, S\u00e3o Paulo<\/span><\/p>\n<h3 style=\"text-align: left\"><span style=\"color: #ff6600\"><strong>BLOCO MAGN\u00d3LIA<\/strong><\/span><\/h3>\n<p style=\"text-align: left\"><span style=\"color: #000000\">O Magn\u00f3lia \u00e9 um bloco influenciado pelos cortejos do Mardi Gras no estilo Second Line, tocando jazz pelas ruas do bairro Cai\u00e7aras\/BH-MG na ter\u00e7a feira de carnaval, assim como a tradicional Ter\u00e7a-feira Gorda (Mardi Gras) em New Orleans. Nossa forma\u00e7\u00e3o segue a linha instrumental, com naipes de sopros e uma percuss\u00e3o que se assemelha a uma bateria desmembrada, e perform\u00e1tica sendo, al\u00e9m dos m\u00fasicos, feita por dan\u00e7arinas e dan\u00e7arinos em conex\u00e3o com o p\u00fablico nas intera\u00e7\u00f5es perform\u00e1ticas, mais um regente e uma porta estandarte. A nossa refer\u00eancia est\u00e9tica \u00e9 elaborada atrav\u00e9s de pesquisas de refer\u00eancias a New Orleans em sua diversidade cultural, musical, perform\u00e1tica e, principalmente negra, trazendo as cores e formas que externalizamos em nossas apresenta\u00e7\u00f5es, sendo no carnaval ou em qualquer ocasi\u00e3o musical.<\/span><\/p>\n<p style=\"text-align: left\"><span style=\"color: #000000\"><strong>Hora:<\/strong> 13:00<\/span><\/p>\n<p style=\"text-align: left\"><span style=\"color: #000000\"><strong>Onde:<\/strong> Rua Jos\u00e9 Marra de Freitas, 1000, Nova Esperan\u00e7a<\/span><\/p>\n<h3 style=\"text-align: left\"><span style=\"color: #ff6600\"><strong>CARNAFLORA<\/strong><\/span><\/h3>\n<p style=\"text-align: left\"><span style=\"color: #000000\">O Bloco CARNA FLORA, Carnaval no Floramar, surgiu em 2016 a partir de dois projetos comunit\u00e1rios baseados, principalmente, nas redes sociais. O Projeto Cultural Mem\u00f3ria Fotogr\u00e1fica da Zona Norte ? Belo Horizonte, um projeto l\u00fadico, sem fins lucrativos, cujo objetivo \u00e9 reunir, conservar e disponibilizar a mem\u00f3ria fotogr\u00e1fica da Regi\u00e3o Norte da Cidade de Belo Horizonte e o outro projeto associado \u00e9 o Floramar ? Em Busca de um Espa\u00e7o P\u00fablico de Verdade, este um movimento de mobiliza\u00e7\u00e3o, questionamento e interven\u00e7\u00f5es de rua, alertando e conclamando os moradores do Bairro Floramar a se unirem na luta pela conquista de espa\u00e7os p\u00fablicos de verdade. O bloco conta com uma bateria de 40 integrantes, uma harmonia com 5 m\u00fasicos e cantores, al\u00e9m de 6 instrumentistas de sopro. Acompanham o bloco 5 alas uniformizadas, de institui\u00e7\u00f5es e grupos de amigos do bairro, al\u00e9m dos foli\u00f5es locais e visitantes. Utilizam-se surdos, malacachetas, tamborins, repiniques, ganz\u00e1s.2020 ser\u00e1 o 4\u00ba ano que desfilar\u00e1.<\/span><\/p>\n<p style=\"text-align: left\"><span style=\"color: #000000\"><strong>Hora:<\/strong> 12:00<\/span><\/p>\n<p style=\"text-align: left\"><span style=\"color: #000000\"><strong>Onde:<\/strong> Rua Jos\u00e9 Soares, 147, Floramar<\/span><\/p>\n<h3 style=\"text-align: left\"><span style=\"color: #ff6600\"><strong>BLOCO ESPERANDO O METR\u00d4<\/strong><\/span><\/h3>\n<p style=\"text-align: left\"><span style=\"color: #000000\">O Bloco Carnavalesco e Cultural Esperando o Metr\u00f4 foi fundado em 2017 na regi\u00e3o do Barreiro. O nome foi escolhido como uma s\u00e1tira e cr\u00edtica a diversos governos que j\u00e1 faz 30 anos n\u00e3o cumprem as promessas da chegada do Metr\u00f4 at\u00e9 o Barreiro. A Bateria possui aproximadamente 60 participantes que tocam tamborim, caixa, surdo, agog\u00f4, repinique, chocalho, cu\u00edca e prato. Os estilos musicais predominantes s\u00e3o samba e ax\u00e9. O Bloco \u00e9 aberto e plural, trabalha para valorizar revalorizar o patrim\u00f4nio e mem\u00f3ria do Barreiro, combater todo tipo de discrimina\u00e7\u00e3o, refor\u00e7ar a solidariedade entre as gera\u00e7\u00f5es. Al\u00e9m disso, o Bloco tem um forte car\u00e1ter de contesta\u00e7\u00e3o do p\u00e9ssimo sistema de transporte coletivo, seja \u00f4nibus ou metr\u00f4 em nossa cidade. No Carnaval de 2020 o tema central do Bloco ser\u00e1: Barreiro 165 Anos de Lutas e homenagear\u00e1 Marilene da Concei\u00e7\u00e3o de Souza, militantes hist\u00f3rica das lutas sociais da regi\u00e3o.<\/span><\/p>\n<p style=\"text-align: left\"><span style=\"color: #000000\"><strong>Hora:<\/strong> 13:00<\/span><\/p>\n<p style=\"text-align: left\"><span style=\"color: #000000\"><strong>Onde:<\/strong> Rua Bar\u00e3o de Coromandel, 755, Barreiro<\/span><\/p>\n<h3 style=\"text-align: left\"><span style=\"color: #ff6600\"><strong>TIETE DA VEVETE<\/strong><\/span><\/h3>\n<p style=\"text-align: left\"><span style=\"color: #000000\">Por meio de reuni\u00f5es, planejamentos e o sonho de colaborar com a expans\u00e3o do movimento social carnavalesco de Belo Horizonte, amantes da m\u00fasica que coadunam do mesmo ideal juntaram for\u00e7as para planejar e colocar nas ruas de BH o BLOCO TIETE DA VEVETE. A ideia principal foi fazer uma interlocu\u00e7\u00e3o, \u00e0 m\u00fasica e a alegria da cantora Ivete Sangalo para abrilhantar o carnaval da cidade, prestando assim uma homenagem a Rainha do Carnaval de Salvador.Em junho de 2018 o Bloco fez o seu primeiro Ensaio Geral que reuniu Banda, Bateria, Ala de Dan\u00e7a, Apoio e Produ\u00e7\u00e3o. Todos unidos a fim de fazer com que o Carnaval de Belo Horizonte cres\u00e7a e prospere com muita alegria, cor e ax\u00e9. A ideia \u00e9 ser um bloco para todos e com a participa\u00e7\u00e3o de todos.<\/span><\/p>\n<p style=\"text-align: left\"><span style=\"color: #000000\"><strong>Hora:<\/strong> 13:30<\/span><\/p>\n<p style=\"text-align: left\"><span style=\"color: #000000\"><strong>Onde:<\/strong> Avenida dos Andradas, 3900, Pomp\u00e9ia<\/span><\/p>\n<h3 style=\"text-align: left\"><span style=\"color: #ff6600\"><strong>BLOCO DO PESCO\u00c7\u00c3O<\/strong><\/span><\/h3>\n<p style=\"text-align: left\"><span style=\"color: #000000\">Criado para homenagear os jornalistas mineiros, o Bloco do Pesco\u00e7\u00e3o j\u00e1 tem presen\u00e7a garantida no Carnaval de Rua de Belo Horizonte desde 2015. O grupo \u00e9 formado por jornalistas e aberto a todas as pessoas que gostam de pular carnaval. A finalidade \u00e9 homenagear aqueles que no dia a dia produzem informa\u00e7\u00e3o, bem essencial para a democracia. Segundo os organizadores, grande parte do p\u00fablico \u00e9 formada por pessoas da terceira idade, jornalistas aposentados que t\u00eam no desfile do bloco a oportunidade de rever amigos, contribuindo para o processo de ressocializa\u00e7\u00e3o e aumento da auto-estima.<\/span><\/p>\n<p style=\"text-align: left\"><span style=\"color: #000000\"><strong>Hora:<\/strong> 14:00<\/span><\/p>\n<p style=\"text-align: left\"><span style=\"color: #000000\"><strong>Onde:<\/strong> Avenida Alvares Cabral, 327, Lourdes<\/span><\/p>\n<h3 style=\"text-align: left\"><strong><span style=\"color: #ff6600\">A SANT\u00ca<\/span><\/strong><\/h3>\n<p style=\"text-align: left\"><span style=\"color: #000000\">Bloco de rua A Sant\u00ea , foi criado para suprir a Banda Santa que existia no bairro de Santa Tereza em 2005 devido o t\u00e9rmino do carnaval de bairro que existia em Santa Tereza , O Bloco Caricato Os Inocentes de Santa Tereza resolveu juntos ao seus diretores montar um movimento que n\u00e3o era um carnaval de passarela e sim aquilo que a comunidade e os comerciantes sentia falta o carnaval de brincadeiras onde os foli\u00f5es fazia parte com as fantasias deseja e criadas por eles e sair brincando pelas ruas do bairro de Santa Tereza acompanhando a bateria das crian\u00e7as e adolescentes que tocava no Inocentes aquilo servia para os ritmistas como um teste para o carnaval de passarela e ao mesmo tempo um divertimento para eles e os foli\u00f5es que era do bairro de Santa Tereza e de toda regi\u00e3o da cidade de BH.<\/span><\/p>\n<p style=\"text-align: left\"><span style=\"color: #000000\"><strong>Hora:<\/strong> 13:00<\/span><\/p>\n<p style=\"text-align: left\"><span style=\"color: #000000\"><strong>Onde:<\/strong> Rua M\u00e1rmore, 169, Santa Tereza<\/span><\/p>\n<h3 style=\"text-align: left\"><strong><span style=\"color: #ff6600\">LAV\u00d4, T\u00c1 NOVO!<\/span><\/strong><\/h3>\n<p style=\"text-align: left\"><span style=\"color: #000000\">Um bloco com tudo o que o povo gosta, tudo que o povo quer, tudo que o povo t\u00e1 sentindo falta de ver nos rol\u00eas dessa nossa BeloriHills. O Lav\u00f4, T\u00e1 Novo traz a m\u00fasica bagaceira que todos amam cantar nos chuveiros, karaok\u00eas e rol\u00eas podr\u00f5es preferidos &#8211; mesmo que n\u00e3o admitam. Desde os anos 80 at\u00e9 os anos 2000, passamos por estilos e artistas que marcaram v\u00e1rias \u00e9pocas, entre eles: Sandy &amp; Junior, Felipe Dylon, Kelly Key, Claudinho e Buchecha, Pepe e Nen\u00e9m e Marina Lima. E pra gente rebolar at\u00e9 o ch\u00e3o &#8211; sem dignidade mas com muito glitter e glamour &#8211; pode tirar do arm\u00e1rio a polaina, o biqu\u00edni asa delta, a cuequinha de croch\u00ea, porque aqui, baranga \u00e9 elogio, brega \u00e9 chique e estampa \u00e9 obrigat\u00f3rio! N\u00e3o importa se \u00e9 roupa nova ou usada, se \u00e9 Omo ou sab\u00e3o de coco, se \u00e9 m\u00e1quina de lavar ou tanquinho, vem enfiar o p\u00e9 na jaca com a gente porque somos dessas que lavam roupa suja em p\u00fablico mesmo, em pleno carnaval! Afinal, LAV\u00d4, T\u00c1 NOVO!<\/span><\/p>\n<p style=\"text-align: left\"><span style=\"color: #000000\"><strong>Hora:<\/strong> 14:00<\/span><\/p>\n<p style=\"text-align: left\"><span style=\"color: #000000\"><strong>Onde:<\/strong> Rua Santa Maria, 140, Floresta<\/span><\/p>\n<h3 style=\"text-align: left\"><strong><span style=\"color: #ff6600\">TIOZ\u00d5ES DO PAGODE<\/span><\/strong><\/h3>\n<p style=\"text-align: left\"><span style=\"color: #000000\">Tioz\u00f5es do Pagode \u00e9 um bloco que se apresenta em Belo Horizonte nas ter\u00e7as de carnaval, levando para o p\u00fablico sucessos do pagode que tocaram nos anos 90, tamb\u00e9m como hits da atualidade, al\u00e9m de homenagear figuras consagradas do estilo. O nome veio da nostalgia que o repert\u00f3rio traz, resgatando os pagodes que estouraram nos anos 90, uma d\u00e9cada pela qual existe um saudosismo, pois todos t\u00eam na mem\u00f3ria que foi uma \u00e9poca mais leve para n\u00f3s, brasileiros. Considerando que quem viveu e curtiu bem os anos 90 j\u00e1 passam dos trinta ou est\u00e1 pr\u00f3ximo, o nome Tioz\u00f5es do Pagode pareceu perfeito para demonstrar, logo de cara, qual \u00e9 a vibra\u00e7\u00e3o do bloco. O bloco se apresenta com a harmonia composta por excelentes m\u00fasicos e cantores, suportada pela base da bateria que tem como carro-chefe as alas de surdo e reco-reco.<\/span><\/p>\n<p style=\"text-align: left\"><span style=\"color: #000000\"><strong>Hora:<\/strong> 14:00<\/span><\/p>\n<p style=\"text-align: left\"><span style=\"color: #000000\"><strong>Onde:<\/strong> Rua Matogrosso, 350, Barro Preto<\/span><\/p>\n<h3 style=\"text-align: left\"><strong><span style=\"color: #ff6600\">BLOCO ZOOY NO CAIXA<\/span><\/strong><\/h3>\n<p style=\"text-align: left\"><span style=\"color: #000000\">O bloco Surgiu em uma brincadeira dentro da escolinha de Futebol, localizados no Bairro Bet\u00e2nia desdo do ano de 2018 , em uma espera de visita do Caixa, em \u00e9poca de Carnaval , como ele estava atrasado ai todo carro que passava, as crian\u00e7as gritavem &#8221; Zooy no Caixa &#8221; . \u00e8 composto por aproximadamente 80 pessoas.<\/span><\/p>\n<p style=\"text-align: left\"><span style=\"color: #000000\"><strong>Hora:<\/strong> 14:00<\/span><\/p>\n<p style=\"text-align: left\"><span style=\"color: #000000\"><strong>Onde:<\/strong> Rua Timor, 42, Bet\u00e2nia<\/span><\/p>\n<h3 style=\"text-align: left\"><span style=\"color: #ff6600\"><strong>CARNAAFRO<\/strong><\/span><\/h3>\n<p style=\"text-align: left\"><span style=\"color: #000000\">Em contato com v\u00e1rios blocos afro de Belo Horizonte, foi quando surgiu a ideia de criar nosso Bloco e fazer coro exaltando e enaltecendo a cultura Afro .<\/span><\/p>\n<p style=\"text-align: left\"><span style=\"color: #000000\"><strong>Hora:<\/strong> 14:00<\/span><\/p>\n<p style=\"text-align: left\"><span style=\"color: #000000\"><strong>Onde:<\/strong> Avenida Bernardo Monteiro, 28, Floresta<\/span><\/p>\n<h3 style=\"text-align: left\"><strong><span style=\"color: #ff6600\">LOUCURA PELO GALO<\/span><\/strong><\/h3>\n<p style=\"text-align: left\"><span style=\"color: #000000\">O bloco Loucura Pelo Galo surgiu a partir do desejo de torcedores apaixonados pelo grande time de futebol desta capital, Clube Atl\u00e9tico Mineiro em reunir atleticanos para brincar e fazer um carnaval promovendo a cultura da cidade. Nos \u00faltimos anos, com a popularidade do carnaval de Belo Horizonte, o Bloco Loucura pelo Galo cresceu e, hoje, com um n\u00famero expressivo de participantes &#8211; torcedores foli\u00f5es, j\u00e1 faz parte do calend\u00e1rio cultural de BH e dos atleticanos. Este ano, com a bandeira PAZ NOS EST\u00c1DIOS!<\/span><\/p>\n<p style=\"text-align: left\"><span style=\"color: #000000\"><strong>Hora:<\/strong> 14:00<\/span><\/p>\n<p style=\"text-align: left\"><span style=\"color: #000000\"><strong>Onde:<\/strong> S\u00e3o Felipe, 35, Sagrada Fam\u00edlia<\/span><\/p>\n<h3 style=\"text-align: left\"><strong><span style=\"color: #ff6600\">BARTUCADA<\/span><\/strong><\/h3>\n<p style=\"text-align: left\"><span style=\"color: #000000\">Fundada em Diamantina no carnaval de 1972, a Bartucada \u00e9 precursora no segmento &#8220;bateria&#8221;, onde mistura g\u00eaneros musicais diversos ao ritmo de samba e bateria. Em contagem regressiva para seu cinquenten\u00e1rio, em 2020 completar\u00e1 49 carnavais com cerca de 2 mil apresenta\u00e7\u00f5es realizadas pelo pa\u00eds. Com forma\u00e7\u00e3o cl\u00e1ssica de escola de samba a bateria \u00e9 composta por surdo I, II e III, caixa, repique, tamborim e rocar, que se somam \u00e0 harmonia: guitarra, baixo, teclado e metais e seus vocalistas. A Bartucada atua na promo\u00e7\u00e3o da defesa, conserva\u00e7\u00e3o e preserva\u00e7\u00e3o das tradi\u00e7\u00f5es culturais musicais e art\u00edsticas, por onde passa, estimulando a forma\u00e7\u00e3o \u00e9tica e moral dos cidad\u00e3os, cientes da import\u00e2ncia pol\u00edtica de seus atos e de seu tempo, bem como a pr\u00e1tica cultural volunt\u00e1ria.<\/span><\/p>\n<p style=\"text-align: left\"><span style=\"color: #000000\"><strong>Hora:<\/strong> 15:00<\/span><\/p>\n<p style=\"text-align: left\"><span style=\"color: #000000\"><strong>Onde:<\/strong> Avenida Brasil, 1145, Funcion\u00e1rios<\/span><\/p>\n<h3 style=\"text-align: left\"><span style=\"color: #ff6600\"><strong>UIVO DO LOBO MANSO<\/strong><\/span><\/h3>\n<p style=\"text-align: left\"><span style=\"color: #000000\">Quando fevereiro desponta, v\u00e1rias partes do Brasil se vestem de alegria para curtir os festejos de carnaval. A festa, que j\u00e1 \u00e9 tradi\u00e7\u00e3o em v\u00e1rias partes do pa\u00eds, tem sua particularidade cultural de acordo com os grupos que formam blocos e fazem desfiles pelas ruas durante cinco dias de folia. Se voc\u00ea \u00e9 um desses carnavalescos assumidos, voc\u00ea precisa conhecer o Bloco &#8216;Uivo do Lobo Manso&#8221; . J\u00e1 vivemos grandes momentos no carnaval de 2019 e alcan\u00e7amos muita alegria e divers\u00e3o. E estamos de volta em 2020 e esperamos que n\u00e3o seja diferente. \u00c9 com muita alegria e de bra\u00e7os abertos que hoje recebemos voc\u00ea no mais animado grupo carnavalesco. &#8220;UIVO DO LOBO MANSO&#8221; BEM VINDO A ALCATEIA !!!<\/span><\/p>\n<p style=\"text-align: left\"><span style=\"color: #000000\"><strong>Hora:<\/strong> 15:00<\/span><\/p>\n<p style=\"text-align: left\"><span style=\"color: #000000\"><strong>Onde:<\/strong> Rua Santo Ant\u00f4nio, 127, Venda Nova<\/span><\/p>\n<h3 style=\"text-align: left\"><span style=\"color: #ff6600\"><strong>BLOCO DO JIL\u00d3<\/strong><\/span><\/h3>\n<p style=\"text-align: left\"><span style=\"color: #000000\">Bloco criado pela uma fam\u00edlia e amigos do bairro boa vista, a seis anos desfila na avenida contagem, cantando marchinhas, sambas enredos e ax\u00e9, alegrando o carnaval das fam\u00edlias da regi\u00e3o leste de Belo Horizonte.<\/span><\/p>\n<p style=\"text-align: left\"><span style=\"color: #000000\"><strong>Hora:<\/strong> 15:00<\/span><\/p>\n<p style=\"text-align: left\"><span style=\"color: #000000\"><strong>Onde:<\/strong> Rua Contagem, 686, Boa Vista<\/span><\/p>\n<h3 style=\"text-align: left\"><span style=\"color: #ff6600\"><strong>BLOCO DO CARANGUEIJO<\/strong><\/span><\/h3>\n<p style=\"text-align: left\"><span style=\"color: #000000\">Nasceu em 2015 inspirado na obra de Chico Science e Na\u00e7\u00e3o Zumbi e na vontade de desenvolver culturalmente nossa regi\u00e3o serra\/s\u00e3o Lucas.<\/span><\/p>\n<p style=\"text-align: left\"><span style=\"color: #000000\"><strong>Hora:<\/strong> 16:00<\/span><\/p>\n<p style=\"text-align: left\"><span style=\"color: #000000\"><strong>Onde:<\/strong> Rua Glycon Terra Pinto, 90, Nossa Senhora do Ros\u00e1rio<\/span><\/p>\n<h3 style=\"text-align: left\"><strong><span style=\"color: #ff6600\">BLOCO MAIS 80<\/span><\/strong><\/h3>\n<p style=\"text-align: left\"><span style=\"color: #000000\">Imagine os maiores artistas e bandas do pop e do rock nacional e internacional de todos os tempos reunidos em um \u00fanico. Bloco. Um grande Festival, com muita energia e descontra\u00e7\u00e3o &#8211; este \u00e9 o Bloco MAIS 80, composto pela Banda Mais 80 e uma bateria de primeir\u00edssima qualidade. O Bloco surge da vontade da Banda Mais 80 se inserir no Melhor Carnaval do Brasil: O Carnaval de BH.<\/span><\/p>\n<p style=\"text-align: left\"><span style=\"color: #000000\"><strong>Hora:<\/strong> 15:00<\/span><\/p>\n<p style=\"text-align: left\"><span style=\"color: #000000\"><strong>Onde:<\/strong> Rua Fernandes Tourinho, 481, Savassi<\/span><\/p>\n<h3 style=\"text-align: left\"><strong><span style=\"color: #ff6600\">DISUMILDES<\/span><\/strong><\/h3>\n<p style=\"text-align: left\"><span style=\"color: #000000\">Disumildes surgiu em 2016 como uma brincadeira de Carnaval e nosso lema \u00e9&#8221;Seja Disulmildes para brincar e se divertir&#8221; somos um bloco divertido e irreverente, feito da uni\u00e3o de grandes amigos e de suas fam\u00edlias que nos reunimos para tocar e cantar.<\/span><\/p>\n<p style=\"text-align: left\"><span style=\"color: #000000\"><strong>Hora:<\/strong> 15:00<\/span><\/p>\n<p style=\"text-align: left\"><span style=\"color: #000000\"><strong>Onde:<\/strong> Avenida Catulo da Paix\u00e3o Cearense, 282, Bairro das Ind\u00fastrias I<\/span><\/p>\n<h3 style=\"text-align: left\"><strong><span style=\"color: #ff6600\">BLOCO ZN SAVASSI<\/span><\/strong><\/h3>\n<p style=\"text-align: left\"><span style=\"color: #000000\">Bloco Zn surgiu de uma reuni\u00e3o de amigos atrav\u00e9s de uma festa, que ganhou propor\u00e7\u00f5es maiores at\u00e9 virar um dos maiores blocos da regi\u00e3o norte, contamos com 20 integrantes na bateria,tocamos do funk ao rock, todo p\u00fablico \u00e9 bem vindo!<\/span><\/p>\n<p style=\"text-align: left\"><span style=\"color: #000000\"><strong>Hora:<\/strong> 15:00<\/span><\/p>\n<p style=\"text-align: left\"><span style=\"color: #000000\"><strong>Onde:<\/strong> Rua Sergipe, 811, Savassi<\/span><\/p>\n<h3 style=\"text-align: left\"><span style=\"color: #ff6600\"><strong>SBC SAMBA BOBAGEM CERVEJA<\/strong><\/span><\/h3>\n<p style=\"text-align: left\"><span style=\"color: #000000\">O bloco desfila h\u00e1 7 anos no cai\u00e7ara, onde ele surgiu. Conta com uma bateria de mais ou menos 20 pessoas, tocando marchinhas e sambas<\/span><\/p>\n<p style=\"text-align: left\"><span style=\"color: #000000\"><strong>Hora:<\/strong> 15:00<\/span><\/p>\n<p style=\"text-align: left\"><span style=\"color: #000000\"><strong>Onde:<\/strong> Rua Vila Rica, 1315, Jardim Montanh\u00eas<\/span><\/p>\n<h3 style=\"text-align: left\"><span style=\"color: #ff6600\"><strong>BLOCO DO CLAUDINHO<\/strong><\/span><\/h3>\n<p style=\"text-align: left\"><span style=\"color: #000000\">Claudio Telles musico em BH j\u00e1 h\u00e1 30 anos se apresentando nas mais conceituadas casas de show da cidade e tamb\u00e9m nas melhores festas. pela primeira vez com uma super banda animando o carnaval de belo horizonte com repertorio ecl\u00e9tico e pra cima.<\/span><\/p>\n<p style=\"text-align: left\"><span style=\"color: #000000\"><strong>Hora:<\/strong> 15:30<\/span><\/p>\n<p style=\"text-align: left\"><span style=\"color: #000000\"><strong>Onde:<\/strong> Rua Alberto Cintra, 24, Uni\u00e3o<\/span><\/p>\n<h3 style=\"text-align: left\"><span style=\"color: #ff6600\"><strong>BLOCO ESPANTA CRISE<\/strong><\/span><\/h3>\n<p style=\"text-align: left\"><span style=\"color: #000000\">Se reunindo em frente ao hist\u00f3rico bar Espanta Crise Caf\u00e9, no bairro Floresta, o bloco foi criado por cinco m\u00fasicos em 2013. A partir da\u00ed foi incorporando novos elementos musicais e, a cada ano, variando o seu repert\u00f3rio e testando formatos. O bloco traz, em seu nome, a sua inten\u00e7\u00e3o: Espantar a Crise no \u00faltimo dia de carnaval!<\/span><\/p>\n<p style=\"text-align: left\"><span style=\"color: #000000\"><strong>Hora:<\/strong> 17:00<\/span><\/p>\n<p style=\"text-align: left\"><span style=\"color: #000000\"><strong>Onde:<\/strong> Rua Silva Jardim, 15, Floresta<\/span><\/p>\n<h3 style=\"text-align: left\"><span style=\"color: #ff6600\"><strong>BLOCO HAJA<\/strong><\/span><\/h3>\n<p style=\"text-align: left\"><span style=\"color: #000000\">O Bloco Haja surgiu em 2017 em Divin\u00f3polis para tocar no pr\u00e9-carnaval da cidade, 1 s\u00e1bado antes do Carnaval. Depois de tocar em 2018 e 2019 no pr\u00e9-carnaval, com 60 mil foli\u00f5es em cada desfile, \u00e9 hora de ir para o carnaval de Belo Horizonte levar todo esse p\u00fablico!!! As fundadoras do bloco residem em BH e toca em diversos blocos da capital! O regente do Haja \u00e9 o Di Souza, tamb\u00e9m regente do Ent\u00e3o Brilha e do \u00c9 o Am\u00f4, e os sub-regentes s\u00e3o Pedro Thiago (Pet\u00ea), Jhonatan e Dani Ponce, regentes dos blocos Roda de Timbau, Pisa na Ful\u00f4, Garotas Solteiras, Fara\u00f3, dentre outros. A ala de dan\u00e7a do Haja \u00e9 comandada por Maira, grande nome do carnaval de BH. O Haja possui 160 pessoas em sua bateria e repert\u00f3rio similar ao do Ent\u00e3o Brilha. A proximidade com Di Souza fez com que o bloco tivesse muitas semelhan\u00e7as com o Brilha. Os instrumentos da bateria s\u00e3o: repique, timbau, caixa, surdos, tamborim e agb\u00ea.<\/span><\/p>\n<p style=\"text-align: left\"><span style=\"color: #000000\"><strong>Hora:<\/strong> 16:00<\/span><\/p>\n<p style=\"text-align: left\"><span style=\"color: #000000\"><strong>Onde:<\/strong> Rua Silva Ortiz, 31, Floresta<\/span><\/p>\n<h3 style=\"text-align: left\"><strong><span style=\"color: #ff6600\">BLOCO TIMBALEIROS DO GHETTO<\/span><\/strong><\/h3>\n<p style=\"text-align: left\"><span style=\"color: #000000\">O bloco surgiu no ano de 2017 atrav\u00e9s de uma reuni\u00e3o de amigos.<\/span><\/p>\n<p style=\"text-align: left\"><span style=\"color: #000000\"><strong>Hora:<\/strong> 16:00<\/span><\/p>\n<p style=\"text-align: left\"><span style=\"color: #000000\"><strong>Onde:<\/strong> Rua Caet\u00e9s, 189, centro<\/span><\/p>\n<h3 style=\"text-align: left\"><span style=\"color: #ff6600\"><strong>BLOCO DA PRA\u00c7A<\/strong><\/span><\/h3>\n<p style=\"text-align: left\"><span style=\"color: #000000\">O BLOCO DA PRA\u00c7A surgiu a seis anos. Formado por adultos ( a maioria acima dos 50 anos ) e crian\u00e7as. O Bloco se re\u00fane com cerca de 100 pessoas na Rua Adamina 20, esquina com Rua Salinas, bem pr\u00f3ximo \u00e0 Pra\u00e7a Duque de Caxias. \u00c0s vezes com m\u00fasica ao vivo ou com m\u00fasica eletr\u00f4nica, revivemos os carnavais antigos. O Bloco n\u00e3o desfila . Reunimo-nos todos os dias de carnaval, neste espa\u00e7o, sempre entre 15:00 e 18:00h.<\/span><\/p>\n<p style=\"text-align: left\"><span style=\"color: #000000\"><strong>Hora:<\/strong> 15:00<\/span><\/p>\n<p style=\"text-align: left\"><span style=\"color: #000000\"><strong>Onde:<\/strong> Rua Salinas, 1778, Santa Tereza<\/span><\/p>\n<h3 style=\"text-align: left\"><strong><span style=\"color: #ff6600\">ME BEIJA QUE EU T\u00d4 NO SPC!<\/span><\/strong><\/h3>\n<p style=\"text-align: left\"><span style=\"color: #000000\">O bloco Me Beija Que Eu T\u00f4 No SPC vai para a rua embalando os foli\u00f5es com rock, mpb e outros g\u00eaneros que transpiram brasilidade unindo todos os inadimplentes dessa BH para que pelo menos no quesito amor\/pega\u00e7\u00e3o a gente n\u00e3o fique no atraso!<\/span><\/p>\n<p style=\"text-align: left\"><span style=\"color: #000000\"><strong>Hora:<\/strong> 16:00<\/span><\/p>\n<p style=\"text-align: left\"><span style=\"color: #000000\"><strong>Onde:<\/strong> Rua dos Tabaiares, 93, Floresta<\/span><\/p>\n<h3 style=\"text-align: left\"><strong><span style=\"color: #ff6600\">PISA NA FUL\u00d4<\/span><\/strong><\/h3>\n<p style=\"text-align: left\"><span style=\"color: #000000\">O Pisa surgiu no final de 2014 idealizado pelo artista Di Souza, atrav\u00e9s da intera\u00e7\u00e3o social entre alunos da Percuss\u00e3o Circular e a comunidade residente ao entorno de uma pra\u00e7a no Carlos Prates. Nossa estreia oficial foi no carnaval de 2015 quando sa\u00edmos em cortejo da Pra\u00e7a, hoje batizada Pisa na Ful\u00f4, em dire\u00e7\u00e3o \u00e0 esta\u00e7\u00e3o de metr\u00f4 do bairro. Em junho desse mesmo ano fizemos nosso primeiro Arrai\u00e1, tamb\u00e9m na pra\u00e7a, totalmente gratuito para a popula\u00e7\u00e3o; uma festa junina de rua, tradicional e l\u00fadica! Atualmente contamos com uma bateria de 200 integrantes, sua instrumenta\u00e7\u00e3o \u00e9 zabumbas, tri\u00e2ngulos e agog\u00f4s de coco, instrumenta\u00e7\u00e3o b\u00e1sica do estilo musical Forr\u00f3. Nosso objetivo \u00e9 democratizar o espa\u00e7o p\u00fablico, difundir e valorizar a cultura popular nordestina al\u00e9m de proporcionar um ambiente onde negros, pessoas LGBTQ+, mulheres e pessoas portadoras de necessidades especiais se sintam seguros e bem vindos.<\/span><\/p>\n<p style=\"text-align: left\"><span style=\"color: #000000\"><strong>Hora:<\/strong> 16:30<\/span><\/p>\n<p style=\"text-align: left\"><span style=\"color: #000000\"><strong>Onde:<\/strong> Rua Professor Amaro Xisto de Queiroz, 865, Dom Joaquim<\/span><\/p>\n<h3 style=\"text-align: left\"><span style=\"color: #ff6600\"><strong>BLOCO ENCHE MEU COPO<\/strong><\/span><\/h3>\n<p style=\"text-align: left\"><span style=\"color: #000000\">Cadastrado na Belotur desde 2014, o Bloco Enche Meu Copo anima os domingos e as ter\u00e7as-feiras do Carnaval de Belo Horizonte na Pra\u00e7a Santa Rita no Bairro Esplanada &#8211; Regional Leste da Capital. Mestre Manjado comanda a bateria do bloco com aproximadamente 35 percussionistas, que s\u00e3o acompanhados por 3 vocalistas, 1 guitarrista e 1 baixista. O Bloco Enche Meu Copo se diverte tocando diversos estilos da M\u00fasica Popular Brasileira (pop-rock, MPB e muita m\u00fasica de compositores mineiros) em ritmo de samba. O objetivo do Bloco, que se re\u00fane durante todo o ano em oficinas de percuss\u00e3o e ensaios abertos, \u00e9 trazer alegria, cultura e entretenimento \u00e0 Capital Mineira. Venham conferir e se divertir conosco!<\/span><\/p>\n<p style=\"text-align: left\"><span style=\"color: #000000\"><strong>Hora:<\/strong> 17:00<\/span><\/p>\n<p style=\"text-align: left\"><span style=\"color: #000000\"><strong>Onde:<\/strong> Pra\u00e7a Santa Rita, 157, Esplanada<\/span><\/p>\n<h3 style=\"text-align: left\"><strong><span style=\"color: #ff6600\">MIENTRAS DURA<\/span><\/strong><\/h3>\n<p style=\"text-align: left\"><span style=\"color: #000000\">O Bloco MIENTRAS DURA \u00e9 o cortejo carnavalesco da festa hom\u00f4nima, integrante da cena de festas independentes de Belo Horizonte. Com p\u00fablico primordialmente LGBTQI+, \u00e9 uma op\u00e7\u00e3o para os foli\u00f5es curtirem o carnaval ao som de m\u00fasica eletr\u00f4nica que mistura ritmos do mundo, performances art\u00edsticas e interven\u00e7\u00f5es visuais.<\/span><\/p>\n<p style=\"text-align: left\"><span style=\"color: #000000\"><strong>Hora:<\/strong> 17:30<\/span><\/p>\n<p style=\"text-align: left\"><span style=\"color: #000000\"><strong>Onde:<\/strong> Rua Minerva, 819, Cai\u00e7ara-Adelaide<\/span><\/p>\n<h3 style=\"text-align: left\"><span style=\"color: #ff6600\"><strong>VELOBLOCO<\/strong><\/span><\/h3>\n<p style=\"text-align: left\"><span style=\"color: #000000\">Bloco surgiu a partir de ideias da banda de rock Velotrol composta por 4 integrantes. Visa misturar rock com a bateria de carnaval e criar, ao vivo, vers\u00f5es fora do comum para o que popularmente chamamos de Rock Classico.<\/span><\/p>\n<p style=\"text-align: left\"><span style=\"color: #000000\"><strong>Hora:<\/strong> 18:00<\/span><\/p>\n<p style=\"text-align: left\"><span style=\"color: #000000\"><strong>Onde:<\/strong> Rua Major Lopes, 04, S\u00e3o Pedro<\/span><\/p>\n<h3 style=\"text-align: left\"><span style=\"color: #ff6600\"><strong>BLOCO ARRASTA BLOCO DE FAVELA<\/strong><\/span><\/h3>\n<p style=\"text-align: left\"><span style=\"color: #000000\">O Bloco Arrasta Favela surge pelo enaltecimento da negritude, e de todo o conjunto de heran\u00e7as africanas, que valoriza a cultura afro no mundo e se afirma nas periferias brasileiras. Nos alicerces do nosso surgimento encontram-se as mulheres negras, fundadoras do comando vital do Bloco. Entendemos que a for\u00e7a das mulheres \u00e9 o eixo principal para a plena viv\u00eancia da uni\u00e3o e integra\u00e7\u00e3o da maioria negra. A nossa origem se aprofunda nos tra\u00e7os das familiaridades \u00e9tnicas vivenciadas nas interseccionalidades do caminho hist\u00f3rico da negritude e das diversas alteridades que se relacionam com as mem\u00f3rias e identidades socioculturais afrodescendentes.<\/span><\/p>\n<p style=\"text-align: left\"><span style=\"color: #000000\"><strong>Hora:<\/strong> 19:30<\/span><\/p>\n<p style=\"text-align: left\"><span style=\"color: #000000\"><strong>Onde:<\/strong> Rua Central, 85, Vila Antena<\/span><\/p>\n","protected":false},"excerpt":{"rendered":"<p>TRUCK DO DESEJO A Truck do Desejo foi fundada em 2018 com o objetivo de dar maior visibilidade e protagonismo \u00e0 cultura l\u00e9sbica e bissexual, criando um espa\u00e7o em que mulheres l\u00e9s-bi possam se sentir seguras para demonstrar sua afetividade e carnavalizar. O repert\u00f3rio \u00e9 formado por m\u00fasicas populares brasileiras compostas por ou que se [&hellip;]<\/p>\n","protected":false},"author":48,"featured_media":0,"comment_status":"open","ping_status":"closed","sticky":false,"template":"","format":"standard","meta":{"jetpack_post_was_ever_published":false,"_jetpack_newsletter_access":"","_jetpack_dont_email_post_to_subs":false,"_jetpack_newsletter_tier_id":0,"_jetpack_memberships_contains_paywalled_content":false,"_jetpack_memberships_contains_paid_content":false,"footnotes":"","jetpack_publicize_message":"","jetpack_publicize_feature_enabled":true,"jetpack_social_post_already_shared":true,"jetpack_social_options":{"image_generator_settings":{"template":"highway","enabled":false},"version":2}},"categories":[8701],"tags":[8673,4964,334,8695,8668,8667,8653,8682,8687,8681,8672,8616,8660,8688,8671,8689,640,8683,8690,8685,8677,5008,8678,8670,3171,8684,3179,240,8674,8666,8679,8691,8693,8669,8692,8686,8675,4131,8676,8665,8680,8694],"class_list":["post-32325","post","type-post","status-publish","format-standard","hentry","category-carnaval-2020","tag-a-sante","tag-baianeiros","tag-bartucada","tag-bloco-arrasta-bloco-de-favela","tag-bloco-chega-o-rei","tag-bloco-da-kel-e-minas-com-bahia","tag-bloco-da-praca","tag-bloco-do-carangueijo","tag-bloco-do-claudinho","tag-bloco-do-jilo","tag-bloco-do-pescocao","tag-bloco-du-so-tche","tag-bloco-enche-meu-copo","tag-bloco-espanta-crise","tag-bloco-esperando-o-metro","tag-bloco-haja","tag-bloco-magnolia","tag-bloco-mais-80","tag-bloco-timbaleiros-do-ghetto","tag-bloco-zn-savassi","tag-bloco-zooy-no-caixa","tag-blocos-de-rua","tag-carnaafro","tag-carnaflora","tag-coco-da-gente","tag-disumildes","tag-funk-you","tag-juventude-bronzeada","tag-lavo","tag-liberdade-e-agua-limpa","tag-loucura-pelo-galo","tag-me-beija-que-eu-to-no-spc","tag-mientras-dura","tag-o-rei-e-a-jovem-guarda","tag-pisa-na-fulo","tag-sbs-samba-bobagem-cerveja","tag-ta-novo","tag-tiete-da-vevete","tag-tiozoes-do-pagode","tag-truck-do-desejo","tag-uivo-do-lobo-manso","tag-velobloco"],"jetpack_publicize_connections":[],"jetpack_featured_media_url":"","jetpack_sharing_enabled":true,"jetpack_shortlink":"https:\/\/wp.me\/p864jz-8pn","_links":{"self":[{"href":"https:\/\/culturalizabh.com.br\/index.php\/wp-json\/wp\/v2\/posts\/32325","targetHints":{"allow":["GET"]}}],"collection":[{"href":"https:\/\/culturalizabh.com.br\/index.php\/wp-json\/wp\/v2\/posts"}],"about":[{"href":"https:\/\/culturalizabh.com.br\/index.php\/wp-json\/wp\/v2\/types\/post"}],"author":[{"embeddable":true,"href":"https:\/\/culturalizabh.com.br\/index.php\/wp-json\/wp\/v2\/users\/48"}],"replies":[{"embeddable":true,"href":"https:\/\/culturalizabh.com.br\/index.php\/wp-json\/wp\/v2\/comments?post=32325"}],"version-history":[{"count":5,"href":"https:\/\/culturalizabh.com.br\/index.php\/wp-json\/wp\/v2\/posts\/32325\/revisions"}],"predecessor-version":[{"id":32367,"href":"https:\/\/culturalizabh.com.br\/index.php\/wp-json\/wp\/v2\/posts\/32325\/revisions\/32367"}],"wp:attachment":[{"href":"https:\/\/culturalizabh.com.br\/index.php\/wp-json\/wp\/v2\/media?parent=32325"}],"wp:term":[{"taxonomy":"category","embeddable":true,"href":"https:\/\/culturalizabh.com.br\/index.php\/wp-json\/wp\/v2\/categories?post=32325"},{"taxonomy":"post_tag","embeddable":true,"href":"https:\/\/culturalizabh.com.br\/index.php\/wp-json\/wp\/v2\/tags?post=32325"}],"curies":[{"name":"wp","href":"https:\/\/api.w.org\/{rel}","templated":true}]}}