{"id":29731,"date":"2019-09-19T18:30:52","date_gmt":"2019-09-19T21:30:52","guid":{"rendered":"http:\/\/culturalizabh.com.br\/?p=29731"},"modified":"2019-09-19T18:05:33","modified_gmt":"2019-09-19T21:05:33","slug":"igreja-da-pampulha-restauro-do-cartao-postal-mineiro-chegando-ao-fim","status":"publish","type":"post","link":"https:\/\/culturalizabh.com.br\/index.php\/2019\/09\/19\/igreja-da-pampulha-restauro-do-cartao-postal-mineiro-chegando-ao-fim\/","title":{"rendered":"Igreja da Pampulha: Restauro do cart\u00e3o-postal mineiro chegando ao fim"},"content":{"rendered":"<p style=\"text-align: left;\">Considerada um marco na hist\u00f3ria da arquitetura moderna brasileira, a <strong>Igreja S\u00e3o Francisco de Assis<\/strong>, popularmente conhecida como <strong>Igrejinha da Pampulha<\/strong>, prossegue recebendo minucioso trabalho de restaura\u00e7\u00e3o, o cart\u00e3o-postal da cidade est\u00e1 fechado desde junho do ano passado para execu\u00e7\u00e3o das obras de reforma estruturais que est\u00e3o sendo finalizadas.<\/p>\n<p>&nbsp;<\/p>\n<p style=\"text-align: left;\">O principal objetivo do restauro \u00e9 a interven\u00e7\u00e3o nas infiltra\u00e7\u00f5es do edif\u00edcio e trabalhos gerais de manuten\u00e7\u00e3o, como a repintura da capela. Antes do in\u00edcio das obras, todos os elementos art\u00edsticos agregados ao projeto arquitet\u00f4nico passaram pela vistoria de um especialista em restauro. &#8220;O que n\u00e3o p\u00f4de ser retirado para a execu\u00e7\u00e3o das atividades, foi protegido segundo as especifica\u00e7\u00f5es dadas pelo <strong>IPHAN<\/strong> e <strong>IEPHA<\/strong>, e desde ent\u00e3o passa por inspe\u00e7\u00f5es peri\u00f3dicas&#8221;, destaca Cl\u00e1udio Pereira, engenheiro respons\u00e1vel pela obra.<\/p>\n<p>&nbsp;<\/p>\n","protected":false},"excerpt":{"rendered":"<p>Considerada um marco na hist\u00f3ria da arquitetura moderna brasileira, a Igreja S\u00e3o Francisco de Assis, popularmente conhecida como Igrejinha da Pampulha, prossegue recebendo minucioso trabalho de restaura\u00e7\u00e3o, o cart\u00e3o-postal da cidade est\u00e1 fechado desde junho do ano passado para execu\u00e7\u00e3o das obras de reforma estruturais que est\u00e3o sendo finalizadas. &nbsp; O principal objetivo do restauro [&hellip;]<\/p>\n","protected":false},"author":22,"featured_media":29732,"comment_status":"open","ping_status":"closed","sticky":false,"template":"","format":"standard","meta":{"jetpack_post_was_ever_published":false,"_jetpack_newsletter_access":"","_jetpack_dont_email_post_to_subs":false,"_jetpack_newsletter_tier_id":0,"_jetpack_memberships_contains_paywalled_content":false,"_jetpack_memberships_contains_paid_content":false,"footnotes":"","jetpack_publicize_message":"","jetpack_publicize_feature_enabled":true,"jetpack_social_post_already_shared":true,"jetpack_social_options":{"image_generator_settings":{"template":"highway","enabled":false},"version":2}},"categories":[19,5],"tags":[50,867],"class_list":["post-29731","post","type-post","status-publish","format-standard","has-post-thumbnail","hentry","category-destaque","category-turismo","tag-cultura","tag-igrejinha-da-pampulha"],"jetpack_publicize_connections":[],"jetpack_featured_media_url":"https:\/\/culturalizabh.com.br\/wp-content\/uploads\/2019\/09\/Restauro-Igrejinha-da-Pampulha_Cr\u00e9dito-Lucas-Nashimoto-15.jpg","jetpack_sharing_enabled":true,"jetpack_shortlink":"https:\/\/wp.me\/p864jz-7Jx","_links":{"self":[{"href":"https:\/\/culturalizabh.com.br\/index.php\/wp-json\/wp\/v2\/posts\/29731","targetHints":{"allow":["GET"]}}],"collection":[{"href":"https:\/\/culturalizabh.com.br\/index.php\/wp-json\/wp\/v2\/posts"}],"about":[{"href":"https:\/\/culturalizabh.com.br\/index.php\/wp-json\/wp\/v2\/types\/post"}],"author":[{"embeddable":true,"href":"https:\/\/culturalizabh.com.br\/index.php\/wp-json\/wp\/v2\/users\/22"}],"replies":[{"embeddable":true,"href":"https:\/\/culturalizabh.com.br\/index.php\/wp-json\/wp\/v2\/comments?post=29731"}],"version-history":[{"count":3,"href":"https:\/\/culturalizabh.com.br\/index.php\/wp-json\/wp\/v2\/posts\/29731\/revisions"}],"predecessor-version":[{"id":29738,"href":"https:\/\/culturalizabh.com.br\/index.php\/wp-json\/wp\/v2\/posts\/29731\/revisions\/29738"}],"wp:featuredmedia":[{"embeddable":true,"href":"https:\/\/culturalizabh.com.br\/index.php\/wp-json\/wp\/v2\/media\/29732"}],"wp:attachment":[{"href":"https:\/\/culturalizabh.com.br\/index.php\/wp-json\/wp\/v2\/media?parent=29731"}],"wp:term":[{"taxonomy":"category","embeddable":true,"href":"https:\/\/culturalizabh.com.br\/index.php\/wp-json\/wp\/v2\/categories?post=29731"},{"taxonomy":"post_tag","embeddable":true,"href":"https:\/\/culturalizabh.com.br\/index.php\/wp-json\/wp\/v2\/tags?post=29731"}],"curies":[{"name":"wp","href":"https:\/\/api.w.org\/{rel}","templated":true}]}}