{"id":28869,"date":"2019-08-09T23:23:20","date_gmt":"2019-08-10T02:23:20","guid":{"rendered":"http:\/\/culturalizabh.com.br\/?p=28869"},"modified":"2019-08-09T23:23:20","modified_gmt":"2019-08-10T02:23:20","slug":"9-eventos-greatuitos-ou-a-baixo-custo-neste-final-de-semana-em-bh-e-regiao-confira","status":"publish","type":"post","link":"https:\/\/culturalizabh.com.br\/index.php\/2019\/08\/09\/9-eventos-greatuitos-ou-a-baixo-custo-neste-final-de-semana-em-bh-e-regiao-confira\/","title":{"rendered":"9 eventos greatuitos ou a baixo custo neste final de semana em BH e regi\u00e3o; confira"},"content":{"rendered":"<p style=\"text-align: left;\"><span style=\"color: #000000;\">Mais um final de semana chegou e, claro, temos aquelas dicas lindas e gratuitas ou a baixo custo para voc\u00ea curtir!<\/span><\/p>\n<p style=\"text-align: left;\">\n<p style=\"text-align: left;\"><span style=\"color: #000000;\">Confira:<\/span><\/p>\n<p style=\"text-align: left;\">\n<p style=\"text-align: left;\">\n<p>&nbsp;<\/p>\n<p>&nbsp;<\/p>\n<h3 style=\"text-align: left;\"><span style=\"color: #ff6600;\"><b>Aprender a Crescer<\/b><\/span><\/h3>\n<p style=\"text-align: left;\">\n<figure id=\"attachment_28775\" aria-describedby=\"caption-attachment-28775\" style=\"width: 556px\" class=\"wp-caption aligncenter\"><img loading=\"lazy\" decoding=\"async\" class=\"wp-image-28775\" src=\"https:\/\/culturalizabh.com.br\/wp-content\/uploads\/2019\/08\/Pato-Fu-Foto-Dudi-Polonis-1024x697.jpg\" alt=\"\" width=\"556\" height=\"379\" \/><figcaption id=\"caption-attachment-28775\" class=\"wp-caption-text\">Foto: Dudi Polonis<\/figcaption><\/figure>\n<p style=\"text-align: left;\">\n<p style=\"text-align: left;\">\n<p style=\"text-align: left;\"><span style=\"font-weight: 400; color: #000000;\">A primeira dica \u00e9 uma metropolitana! Neste<strong> s\u00e1bado<\/strong>, a cidade de<strong> Lagoa Santa<\/strong>, bem pertinho de BH, recebe o festival Aprendendo a Crescer &#8211; M\u00fasica para todos os sentidos.\u00a0<\/span><\/p>\n<p style=\"text-align: left;\"><span style=\"color: #000000;\"><span style=\"font-weight: 400;\">A cidade recebe pela primeira vez o festival que contar\u00e1 com shows de <\/span><b>Pato Fu &amp; Giramundo<\/b><span style=\"font-weight: 400;\">, <strong>&#8220;M\u00fasica de Brinquedo 2&#8221;<\/strong>, <strong>Trupicada<\/strong>, al\u00e9m do espet\u00e1culo <strong>&#8220;O Tubar\u00e3o Martelo e os Habitantes do Mar&#8221;<\/strong>, oficinas, espa\u00e7o kids e atividades.\u00a0<\/span><\/span><\/p>\n<p style=\"text-align: left;\"><span style=\"color: #000000;\"><b>Quando:<\/b><span style=\"font-weight: 400;\"> 10\/08, \u00e0s15h<\/span><\/span><\/p>\n<p style=\"text-align: left;\"><span style=\"color: #000000;\"><b>Onde: <span style=\"font-weight: 400; color: #000000;\">Arena de Shows (Pra\u00e7a Felipe Rodrigues)<\/span><\/b><\/span><\/p>\n<p style=\"text-align: left;\"><span style=\"color: #000000;\"><b>Quanto: <\/b><span style=\"font-weight: 400;\">gratuito<\/span><\/span><\/p>\n<p style=\"text-align: left;\">\n<p>&nbsp;<\/p>\n<p>&nbsp;<\/p>\n<p style=\"text-align: left;\">\n<p style=\"text-align: left;\">\n<h3 style=\"text-align: left;\"><span style=\"color: #ff6600;\"><span style=\"color: #000000;\"><b><span style=\"color: #ff6600;\">Circo Maximus<\/span> <\/b><\/span><\/span><\/h3>\n<p style=\"text-align: left;\">\n<p style=\"text-align: left;\">\n<figure id=\"attachment_28870\" aria-describedby=\"caption-attachment-28870\" style=\"width: 397px\" class=\"wp-caption aligncenter\"><img loading=\"lazy\" decoding=\"async\" class=\"wp-image-28870 \" src=\"https:\/\/culturalizabh.com.br\/wp-content\/uploads\/2019\/08\/Circo-Maximus_Foto-Maxuimus-Produ\u00e7\u00f5es-3-300x242.jpg\" alt=\"\" width=\"397\" height=\"320\" srcset=\"https:\/\/culturalizabh.com.br\/wp-content\/uploads\/2019\/08\/Circo-Maximus_Foto-Maxuimus-Produ\u00e7\u00f5es-3-300x242.jpg 300w, https:\/\/culturalizabh.com.br\/wp-content\/uploads\/2019\/08\/Circo-Maximus_Foto-Maxuimus-Produ\u00e7\u00f5es-3-768x620.jpg 768w, https:\/\/culturalizabh.com.br\/wp-content\/uploads\/2019\/08\/Circo-Maximus_Foto-Maxuimus-Produ\u00e7\u00f5es-3-1024x826.jpg 1024w, https:\/\/culturalizabh.com.br\/wp-content\/uploads\/2019\/08\/Circo-Maximus_Foto-Maxuimus-Produ\u00e7\u00f5es-3-217x175.jpg 217w, https:\/\/culturalizabh.com.br\/wp-content\/uploads\/2019\/08\/Circo-Maximus_Foto-Maxuimus-Produ\u00e7\u00f5es-3.jpg 1439w\" sizes=\"auto, (max-width: 397px) 100vw, 397px\" \/><figcaption id=\"caption-attachment-28870\" class=\"wp-caption-text\">Foto: Maxuimus Produ\u00e7\u00f5es<\/figcaption><\/figure>\n<p style=\"text-align: left;\">\n<p style=\"text-align: left;\">\n<p style=\"text-align: left;\"><span style=\"font-weight: 400; color: #000000;\">Agora uma dica boa para quem curte circo!!! O <strong>Barreiro<\/strong> recebe a partir desta sexta a<strong>t\u00e9 16 de setembro<\/strong>, o <strong>Circo Maximus<\/strong>!!! <\/span><span style=\"color: #000000;\"><span style=\"font-weight: 400;\">O circo conta com as tradicionais apresenta\u00e7\u00f5es, como os s<\/span><span style=\"font-weight: 400;\">hows de contorcionismo, malabares, acrobacias em cordas e tecidos, palha\u00e7os, m\u00e1gicos e o arriscado Globo da Morte.<\/span><\/span><\/p>\n<p style=\"text-align: left;\"><span style=\"color: #000000;\"><b>Quando: <\/b><span style=\"font-weight: 400;\">at\u00e9 16\/09<\/span><\/span><\/p>\n<p style=\"text-align: left;\"><span style=\"color: #000000;\"><b>Onde: <\/b>E<b><span style=\"font-weight: 400; color: #000000;\">stacionamento do Via Shopping <\/span><\/b><span style=\"font-weight: 400;\">Barreiro\u00a0<\/span><\/span><\/p>\n<p style=\"text-align: left;\"><span style=\"color: #000000;\"><b>Quanto:<\/b> <span style=\"font-weight: 400;\">R$20-R$30<\/span><\/span><\/p>\n<p style=\"text-align: left;\">\n<p>&nbsp;<\/p>\n<p>&nbsp;<\/p>\n<p>&nbsp;<\/p>\n<h3 style=\"text-align: left;\"><span style=\"color: #ff6600;\"><b>Quarteir\u00e3o da Cultura\u00a0<\/b><\/span><\/h3>\n<p style=\"text-align: left;\">\n<p style=\"text-align: left;\">\n<figure id=\"attachment_28862\" aria-describedby=\"caption-attachment-28862\" style=\"width: 482px\" class=\"wp-caption aligncenter\"><img loading=\"lazy\" decoding=\"async\" class=\"wp-image-28862\" src=\"https:\/\/culturalizabh.com.br\/wp-content\/uploads\/2019\/08\/Foto-Mai\u0301ra-Cabral-Cordel-Movel-2019-7951-300x200.jpg\" alt=\"\" width=\"482\" height=\"321\" srcset=\"https:\/\/culturalizabh.com.br\/wp-content\/uploads\/2019\/08\/Foto-Mai\u0301ra-Cabral-Cordel-Movel-2019-7951-300x200.jpg 300w, https:\/\/culturalizabh.com.br\/wp-content\/uploads\/2019\/08\/Foto-Mai\u0301ra-Cabral-Cordel-Movel-2019-7951-768x513.jpg 768w, https:\/\/culturalizabh.com.br\/wp-content\/uploads\/2019\/08\/Foto-Mai\u0301ra-Cabral-Cordel-Movel-2019-7951-1024x684.jpg 1024w, https:\/\/culturalizabh.com.br\/wp-content\/uploads\/2019\/08\/Foto-Mai\u0301ra-Cabral-Cordel-Movel-2019-7951-262x175.jpg 262w\" sizes=\"auto, (max-width: 482px) 100vw, 482px\" \/><figcaption id=\"caption-attachment-28862\" class=\"wp-caption-text\">Foto: Mai\u0301ra Cabral<\/figcaption><\/figure>\n<p style=\"text-align: left;\">\n<p style=\"text-align: left;\">\n<p style=\"text-align: left;\"><span style=\"font-weight: 400; color: #000000;\">Neste s\u00e1bado tem evento no bairro <strong>Floresta<\/strong>! <\/span><span style=\"font-weight: 400; color: #000000;\">A rua <strong>Bernardo Monteiro<\/strong>, <strong>entre os n\u00fameros 28 e 60<\/strong>, receber\u00e3o 9 horas de<strong> \u201cQuarteir\u00e3o da Cultura\u201d<\/strong> que contar\u00e1 com apresenta\u00e7\u00f5es de teatro, m\u00fasica, bloco de carnaval, al\u00e9m da estreia do cordel m\u00f3vel, um micro-\u00f4nibus do Grupo Parangol\u00e9.\u00a0<\/span><span style=\"font-weight: 400; color: #000000;\">O evento contar\u00e1 tamb\u00e9m com vendas de comidas e bebidas e a entrada \u00e9 gratuita.\u00a0<\/span><\/p>\n<p style=\"text-align: left;\"><span style=\"color: #000000;\"><b>Quando: <\/b><span style=\"font-weight: 400;\">10\/08<\/span><\/span><\/p>\n<p style=\"text-align: left;\"><span style=\"color: #000000;\"><b>Onde: <\/b><span style=\"font-weight: 400;\">Bairro Floresta<\/span><\/span><\/p>\n<p style=\"text-align: left;\"><span style=\"color: #000000;\"><b>Quanto:<\/b><span style=\"font-weight: 400;\"> gratuito<\/span><\/span><\/p>\n<p style=\"text-align: left;\">\n<p style=\"text-align: left;\">\n<p>&nbsp;<\/p>\n<p>&nbsp;<\/p>\n<h3 style=\"text-align: left;\"><span style=\"color: #ff6600;\"><b>Nast\u00e1cia\u00a0<\/b><\/span><\/h3>\n<p style=\"text-align: left;\">\n<p style=\"text-align: left;\">\n<figure id=\"attachment_28828\" aria-describedby=\"caption-attachment-28828\" style=\"width: 640px\" class=\"wp-caption aligncenter\"><img loading=\"lazy\" decoding=\"async\" class=\"wp-image-28828 size-large\" src=\"https:\/\/culturalizabh.com.br\/wp-content\/uploads\/2019\/08\/Nastacia12-1024x576.jpg\" alt=\"\" width=\"640\" height=\"360\" srcset=\"https:\/\/culturalizabh.com.br\/wp-content\/uploads\/2019\/08\/Nastacia12-1024x576.jpg 1024w, https:\/\/culturalizabh.com.br\/wp-content\/uploads\/2019\/08\/Nastacia12-300x169.jpg 300w, https:\/\/culturalizabh.com.br\/wp-content\/uploads\/2019\/08\/Nastacia12-768x432.jpg 768w, https:\/\/culturalizabh.com.br\/wp-content\/uploads\/2019\/08\/Nastacia12-311x175.jpg 311w\" sizes=\"auto, (max-width: 640px) 100vw, 640px\" \/><figcaption id=\"caption-attachment-28828\" class=\"wp-caption-text\">Foto: Cao Guimar\u00e3es<\/figcaption><\/figure>\n<p style=\"text-align: left;\">\n<p style=\"text-align: left;\">\n<p style=\"text-align: left;\"><span style=\"font-weight: 400; color: #000000;\">Tem espet\u00e1culo novo e surpreendente chegando no <strong>CCBB-BH<\/strong>!!!! <strong>Nast\u00e1cia<\/strong> chega nesta sexta no palco do Centro Cultural!\u00a0<\/span><span style=\"color: #000000;\"><span style=\"font-weight: 400;\">Baseado em <strong>Nast\u00e1cia Fil\u00edppovna<\/strong> &#8211; hero\u00edna do cl\u00e1ssico <\/span><strong><i>O Idiota<\/i>, de Fi\u00f3dor Dostoi\u00e9vski <\/strong><span style=\"font-weight: 400;\">o espet\u00e1culo une teatro a diferentes linguagens art\u00edsticas como instala\u00e7\u00e3o (<strong>assinada por Ronaldo Fraga<\/strong>) e videoarte (<strong>por Cao Guimar\u00e3es<\/strong>).\u00a0<\/span><\/span><\/p>\n<p style=\"text-align: left;\"><span style=\"color: #000000;\"><b>Quando: <\/b><span style=\"font-weight: 400;\">at\u00e9 09\/09<\/span><\/span><\/p>\n<p style=\"text-align: left;\"><span style=\"color: #000000;\"><b>Onde: <\/b><span style=\"font-weight: 400;\">CCBB &#8211; BH<\/span><\/span><\/p>\n<p style=\"text-align: left;\"><span style=\"color: #000000;\"><b>Quanto:<\/b><span style=\"font-weight: 400;\"> Pe\u00e7a: R$30 (inteira) | Instala\u00e7\u00e3o: gratuito<\/span><\/span><\/p>\n<p style=\"text-align: left;\">\n<p>&nbsp;<\/p>\n<p>&nbsp;<\/p>\n<p>&nbsp;<\/p>\n<p>&nbsp;<\/p>\n<p style=\"text-align: left;\">\n<h3 style=\"text-align: left;\"><span style=\"color: #ff6600;\"><b>Festival Sabores na Pra\u00e7a<\/b><\/span><\/h3>\n<p style=\"text-align: left;\">\n<p style=\"text-align: left;\">\n<p style=\"text-align: left;\"><img loading=\"lazy\" decoding=\"async\" class=\"aligncenter wp-image-28756 \" src=\"https:\/\/culturalizabh.com.br\/wp-content\/uploads\/2019\/08\/FESTIVAL-DE-SABORES-NA-PRA\u00c7A.jpg\" alt=\"\" width=\"699\" height=\"326\" srcset=\"https:\/\/culturalizabh.com.br\/wp-content\/uploads\/2019\/08\/FESTIVAL-DE-SABORES-NA-PRA\u00c7A.jpg 960w, https:\/\/culturalizabh.com.br\/wp-content\/uploads\/2019\/08\/FESTIVAL-DE-SABORES-NA-PRA\u00c7A-300x140.jpg 300w, https:\/\/culturalizabh.com.br\/wp-content\/uploads\/2019\/08\/FESTIVAL-DE-SABORES-NA-PRA\u00c7A-768x358.jpg 768w, https:\/\/culturalizabh.com.br\/wp-content\/uploads\/2019\/08\/FESTIVAL-DE-SABORES-NA-PRA\u00c7A-375x175.jpg 375w\" sizes=\"auto, (max-width: 699px) 100vw, 699px\" \/><\/p>\n<p style=\"text-align: left;\">\n<p style=\"text-align: left;\">\n<p style=\"text-align: left;\"><span style=\"font-weight: 400; color: #000000;\">Neste final de semana tem mais um evento na pra\u00e7a! Olha s\u00f3 que del\u00edcia! O <strong>Festival Sabores na Pra\u00e7a<\/strong> que ser\u00e1 realizado em duas pra\u00e7as ao mesmo tempo, a <strong>Pra\u00e7a Celestino Marra<\/strong> e <strong>Pra\u00e7a Padre Lage<\/strong>!!! <\/span><span style=\"font-weight: 400; color: #000000;\">O evento tem a ideia de celebrar o dia dos pais com boa gastronomia, divers\u00e3o para as crian\u00e7as, m\u00fasica, al\u00e9m de uma mostra especial de cinema. As pra\u00e7as recebem atra\u00e7\u00f5es durante o dia e noite.\u00a0 <\/span><span style=\"font-weight: 400; color: #000000;\">O evento rola a partir desta sexta e vai at\u00e9 domingo, com entrada gratuita! <a href=\"https:\/\/culturalizabh.com.br\/index.php\/2019\/08\/08\/festival-sabores-na-praca-apresenta-programacao-diversa-em-duas-pracas-de-bh-confira\/\">Confira a programa\u00e7\u00e3o gratuita clicando aqui<\/a>.<\/span><\/p>\n<p style=\"text-align: left;\"><span style=\"color: #000000;\"><b>Quando: <\/b><span style=\"font-weight: 400;\">09 a 11\/08\u00a0<\/span><\/span><\/p>\n<p style=\"text-align: left;\"><span style=\"color: #000000;\"><b>Onde: <span style=\"font-weight: 400; color: #000000;\"><strong>Pra\u00e7a Celestino Marra<\/strong> e <strong>Pra\u00e7a Padre Lage<\/strong><\/span><\/b><\/span><\/p>\n<p style=\"text-align: left;\"><span style=\"color: #000000;\"><b>Quanto: <\/b><span style=\"font-weight: 400;\">gratuito<\/span><\/span><\/p>\n<p>&nbsp;<\/p>\n<p>&nbsp;<\/p>\n<p style=\"text-align: left;\">\n<p><span style=\"color: #000000;\">Confira mais eventos que rolam em BH neste final de semana:<\/span><\/p>\n<p style=\"text-align: left;\">\n<p style=\"text-align: left;\">\n<p>&nbsp;<\/p>\n<p>&nbsp;<\/p>\n<ul style=\"text-align: left;\">\n<li style=\"font-weight: 400;\"><span style=\"font-weight: 400; color: #000000;\">O bairro<strong> Jardim Canad\u00e1<\/strong> recebe mais uma edi\u00e7\u00e3o da<strong> Feira de Cervejas Artesanais Experimente<\/strong>. O evento contar\u00e1 com muito rock, al\u00e9m de gastronomia. A <strong>entrada \u00e9 1kg de alimento n\u00e3o perec\u00edvel<\/strong>.\u00a0<\/span><\/li>\n<\/ul>\n<p style=\"text-align: left;\">\n<ul style=\"text-align: left;\">\n<li style=\"font-weight: 400;\"><span style=\"font-weight: 400; color: #000000;\">A <strong>@bsurda<\/strong> apresenta sua festa especial<strong> Rock In Rio<\/strong> neste s\u00e1bado na<strong> Gis Mais<\/strong>! Com open bar de 5 horas, al\u00e9m de muita m\u00fasica para aquecer para o festival!\u00a0<\/span><\/li>\n<\/ul>\n<p style=\"text-align: left;\">\n<ul style=\"text-align: left;\">\n<li style=\"font-weight: 400;\"><span style=\"font-weight: 400; color: #000000;\">O <strong>Savassi Festival<\/strong> j\u00e1 est\u00e1 rolando em diversos espa\u00e7os da cidade e vai at\u00e9 este domingo com uma extensa e variada programa\u00e7\u00e3o art\u00edstica.\u00a0<\/span><\/li>\n<\/ul>\n<p style=\"text-align: left;\">\n<ul style=\"text-align: left;\">\n<li style=\"font-weight: 400;\"><span style=\"font-weight: 400; color: #000000;\">O <strong>shopping Minascasa<\/strong> realiza uma edi\u00e7\u00e3o especial do projeto<strong> &#8220;Na Cal\u00e7ada&#8221;<\/strong> neste domingo, dia dos pais. O evento ter\u00e1 m\u00fasica ao vivo, foodtrucks e encontro de carros antigos. A entrada \u00e9 gratuita.<\/span><\/li>\n<\/ul>\n<p style=\"text-align: left;\">\n<p>&nbsp;<\/p>\n<p style=\"text-align: right;\"><strong>Aproveite!\u00a0<\/strong><\/p>\n","protected":false},"excerpt":{"rendered":"<p>Mais um final de semana chegou e, claro, temos aquelas dicas lindas e gratuitas ou a baixo custo para voc\u00ea curtir! Confira: &nbsp; &nbsp; Aprender a Crescer A primeira dica \u00e9 uma metropolitana! Neste s\u00e1bado, a cidade de Lagoa Santa, bem pertinho de BH, recebe o festival Aprendendo a Crescer &#8211; M\u00fasica para todos os [&hellip;]<\/p>\n","protected":false},"author":1,"featured_media":28862,"comment_status":"open","ping_status":"closed","sticky":false,"template":"","format":"standard","meta":{"jetpack_post_was_ever_published":false,"_jetpack_newsletter_access":"","_jetpack_dont_email_post_to_subs":false,"_jetpack_newsletter_tier_id":0,"_jetpack_memberships_contains_paywalled_content":false,"_jetpack_memberships_contains_paid_content":false,"footnotes":"","jetpack_publicize_message":"","jetpack_publicize_feature_enabled":true,"jetpack_social_post_already_shared":true,"jetpack_social_options":{"image_generator_settings":{"template":"highway","enabled":false},"version":2}},"categories":[19,3641,3537],"tags":[283,50,653,107,1611,158,33],"class_list":["post-28869","post","type-post","status-publish","format-standard","has-post-thumbnail","hentry","category-destaque","category-drops-cultural","category-gratuito-ou-a-baixo-custo","tag-cult","tag-cultura","tag-eventos","tag-festival","tag-gratuito","tag-musica","tag-show"],"jetpack_publicize_connections":[],"jetpack_featured_media_url":"https:\/\/culturalizabh.com.br\/wp-content\/uploads\/2019\/08\/Foto-Mai\u0301ra-Cabral-Cordel-Movel-2019-7951.jpg","jetpack_sharing_enabled":true,"jetpack_shortlink":"https:\/\/wp.me\/p864jz-7vD","_links":{"self":[{"href":"https:\/\/culturalizabh.com.br\/index.php\/wp-json\/wp\/v2\/posts\/28869","targetHints":{"allow":["GET"]}}],"collection":[{"href":"https:\/\/culturalizabh.com.br\/index.php\/wp-json\/wp\/v2\/posts"}],"about":[{"href":"https:\/\/culturalizabh.com.br\/index.php\/wp-json\/wp\/v2\/types\/post"}],"author":[{"embeddable":true,"href":"https:\/\/culturalizabh.com.br\/index.php\/wp-json\/wp\/v2\/users\/1"}],"replies":[{"embeddable":true,"href":"https:\/\/culturalizabh.com.br\/index.php\/wp-json\/wp\/v2\/comments?post=28869"}],"version-history":[{"count":4,"href":"https:\/\/culturalizabh.com.br\/index.php\/wp-json\/wp\/v2\/posts\/28869\/revisions"}],"predecessor-version":[{"id":28874,"href":"https:\/\/culturalizabh.com.br\/index.php\/wp-json\/wp\/v2\/posts\/28869\/revisions\/28874"}],"wp:featuredmedia":[{"embeddable":true,"href":"https:\/\/culturalizabh.com.br\/index.php\/wp-json\/wp\/v2\/media\/28862"}],"wp:attachment":[{"href":"https:\/\/culturalizabh.com.br\/index.php\/wp-json\/wp\/v2\/media?parent=28869"}],"wp:term":[{"taxonomy":"category","embeddable":true,"href":"https:\/\/culturalizabh.com.br\/index.php\/wp-json\/wp\/v2\/categories?post=28869"},{"taxonomy":"post_tag","embeddable":true,"href":"https:\/\/culturalizabh.com.br\/index.php\/wp-json\/wp\/v2\/tags?post=28869"}],"curies":[{"name":"wp","href":"https:\/\/api.w.org\/{rel}","templated":true}]}}