{"id":27618,"date":"2019-06-26T11:12:52","date_gmt":"2019-06-26T14:12:52","guid":{"rendered":"http:\/\/culturalizabh.com.br\/?p=27618"},"modified":"2019-06-26T11:24:22","modified_gmt":"2019-06-26T14:24:22","slug":"radicado-na-holanda-desde-os-anos-1990-escritor-e-jornalista-tarcisio-lage-lanca-jerusalem-destruida-neste-sabado-na-livraria-ouvidor","status":"publish","type":"post","link":"https:\/\/culturalizabh.com.br\/index.php\/2019\/06\/26\/radicado-na-holanda-desde-os-anos-1990-escritor-e-jornalista-tarcisio-lage-lanca-jerusalem-destruida-neste-sabado-na-livraria-ouvidor\/","title":{"rendered":"Radicado na Holanda desde os anos 1990, escritor e jornalista Tarc\u00edsio Lage lan\u00e7a \u201cJerusal\u00e9m Destru\u00edda\u201d, neste s\u00e1bado, na Livraria Ouvidor"},"content":{"rendered":"<p style=\"text-align: left;\">Mineiro de Abaet\u00e9, o escritor e jornalista Tarc\u00edsio Lage j\u00e1 passou pelas reda\u00e7\u00f5es de grandes ve\u00edculos de comunica\u00e7\u00e3o do Brasil e do mundo, entre eles BBC de Londres, R\u00e1dio Su\u00ed\u00e7a Internacional e R\u00e1dio Nederland, onde se aposentou em 2002. Como escritor, tem quatro romances lan\u00e7ados e dois livros infantis. Agora, o autor se prepara para o lan\u00e7amento de \u201cJerusal\u00e9m Destru\u00edda\u201d (Editora Batel), que em Belo Horizonte tem data marcada para o dia 29 de junho (s\u00e1bado), \u00e0s 11h, na Livraria Ouvidor Savassi.<\/p>\n<p>&nbsp;<\/p>\n<p style=\"text-align: left;\">O enredo central de seu novo romance tem como principal recorte a hist\u00f3ria de um jornalista assombrado por fotografias falantes que invadem os esconderijos mais secretos de sua mem\u00f3ria e o obrigam a expor segredos quase inconfess\u00e1veis.Com uma linguagem que vai do tr\u00e1gico ao deboche, a obra vasculha a mem\u00f3ria do personagem principal, Tarqu\u00ednio Esperidi\u00e3o, sujeito atormentado pela religi\u00e3o da inf\u00e2ncia, o estalinismo da juventude, a anarquia da idade madura e as d\u00favidas da velhice. Paralelamente, a trama faz um giro pelo Brasil racista e preconceituoso, os anos de chumbo da ditadura e o alvorecer do s\u00e9culo XXI, sempre usando a fotografia como met\u00e1fora da mem\u00f3ria.<\/p>\n<p>&nbsp;<\/p>\n<p style=\"text-align: left;\">Sobre a obra e o autorO doutor em Literatura Comparada Jos\u00e9 Ribamar Bessa, que assina a orelha do livro, relata: \u201cNa conviv\u00eancia com Tarc\u00edsio, nos anos de ex\u00edlio, tive a sorte de conhecer algumas hist\u00f3rias aqui narradas antes que fossem escritas. Suspeitava, ent\u00e3o, que aquele cativante contador de hist\u00f3rias, perform\u00e1tico, capaz de fotografar nuvens em permanente movimento, podia nos dar um romance como esse que mexe com a Jerusal\u00e9m que est\u00e1 dentro de n\u00f3s, manejando com maestria a linguagem, o humor, a ironia e em alguns momentos, a compaix\u00e3o e a solidariedade escondidas nas entrelinhas\u201d.Vivendo fora do pa\u00eds desde 1969 (quando se exilou no Chile durante a ditadura militar e, posteriormente, transferindo-se para a Europa), Tarc\u00edsio Lage afirma sobre sua decis\u00e3o de permanecer morando em Hilversum, Holanda: \u201cLogo que me aposentei, minha mulher me perguntou por que n\u00e3o voltarmos ao Brasil.<\/p>\n<p>&nbsp;<\/p>\n<p style=\"text-align: left;\">Respondi que readaptar-se \u00e9 mais dif\u00edcil do que se adaptar. Pelo menos para mim. Todos os meus livros s\u00e3o sobre o Brasil e creio que escrever sobre o lugar de nascimento, do qual se absorveu toda a cultura, \u00e9 mais enriquecedor faz\u00ea-lo de fora, desde que n\u00e3o se abra m\u00e3o de visitas peri\u00f3dicas\u201d.Servi\u00e7o:Lan\u00e7amento do livro Jerusal\u00e9m Destru\u00edda, de Tarc\u00edsio Lage.<\/p>\n<p>&nbsp;<\/p>\n<p><strong>Servi\u00e7o:<\/strong><\/p>\n<p><strong>Lan\u00e7amento do livro Jerusal\u00e9m Destru\u00edda, de Tarc\u00edsio Lage<\/strong><\/p>\n<p><strong>Dia: 29 de junho, s\u00e1bado, das 11h \u00e0s 14h<\/strong><\/p>\n<p><strong>Local: Livraria Ouvidor Savassi (R. Fernandes Tourinho, 253)<\/strong><\/p>\n<p><strong>Entrada gratuita<\/strong><\/p>\n<p><strong>ASSESSORIA DE IMPRENSA: ALVES MADEIRA COMUNICA\u00c7\u00c3O E PRODU\u00c7\u00c3O<\/strong><\/p>\n<p><strong>Pedrinho Alves Madeira (31) 2531-2041 \/ 9 9991-5542<\/strong><br \/>\n<strong>Michelle Rosadini (31) 98440-8318 | 3317-2871<\/strong><\/p>\n","protected":false},"excerpt":{"rendered":"<p>Mineiro de Abaet\u00e9, o escritor e jornalista Tarc\u00edsio Lage j\u00e1 passou pelas reda\u00e7\u00f5es de grandes ve\u00edculos de comunica\u00e7\u00e3o do Brasil e do mundo, entre eles BBC de Londres, R\u00e1dio Su\u00ed\u00e7a Internacional e R\u00e1dio Nederland, onde se aposentou em 2002. Como escritor, tem quatro romances lan\u00e7ados e dois livros infantis. Agora, o autor se prepara para [&hellip;]<\/p>\n","protected":false},"author":28,"featured_media":27619,"comment_status":"open","ping_status":"closed","sticky":false,"template":"","format":"standard","meta":{"jetpack_post_was_ever_published":false,"_jetpack_newsletter_access":"","_jetpack_dont_email_post_to_subs":false,"_jetpack_newsletter_tier_id":0,"_jetpack_memberships_contains_paywalled_content":false,"_jetpack_memberships_contains_paid_content":false,"footnotes":"","jetpack_publicize_message":"","jetpack_publicize_feature_enabled":true,"jetpack_social_post_already_shared":true,"jetpack_social_options":{"image_generator_settings":{"template":"highway","enabled":false},"version":2}},"categories":[1,14,2,9],"tags":[425,6165,1615,367,6164],"class_list":["post-27618","post","type-post","status-publish","format-standard","has-post-thumbnail","hentry","category-culturaliza","category-dicas","category-eventos","category-literatura","tag-culturalizabh","tag-jerusalem-destruida","tag-lancamento","tag-literatura","tag-livraria-ouvidor"],"jetpack_publicize_connections":[],"jetpack_featured_media_url":"https:\/\/culturalizabh.com.br\/wp-content\/uploads\/2019\/06\/Tarcisiolage_01_Foto-Liliane-Pelegrini.jpg","jetpack_sharing_enabled":true,"jetpack_shortlink":"https:\/\/wp.me\/p864jz-7bs","_links":{"self":[{"href":"https:\/\/culturalizabh.com.br\/index.php\/wp-json\/wp\/v2\/posts\/27618","targetHints":{"allow":["GET"]}}],"collection":[{"href":"https:\/\/culturalizabh.com.br\/index.php\/wp-json\/wp\/v2\/posts"}],"about":[{"href":"https:\/\/culturalizabh.com.br\/index.php\/wp-json\/wp\/v2\/types\/post"}],"author":[{"embeddable":true,"href":"https:\/\/culturalizabh.com.br\/index.php\/wp-json\/wp\/v2\/users\/28"}],"replies":[{"embeddable":true,"href":"https:\/\/culturalizabh.com.br\/index.php\/wp-json\/wp\/v2\/comments?post=27618"}],"version-history":[{"count":5,"href":"https:\/\/culturalizabh.com.br\/index.php\/wp-json\/wp\/v2\/posts\/27618\/revisions"}],"predecessor-version":[{"id":27624,"href":"https:\/\/culturalizabh.com.br\/index.php\/wp-json\/wp\/v2\/posts\/27618\/revisions\/27624"}],"wp:featuredmedia":[{"embeddable":true,"href":"https:\/\/culturalizabh.com.br\/index.php\/wp-json\/wp\/v2\/media\/27619"}],"wp:attachment":[{"href":"https:\/\/culturalizabh.com.br\/index.php\/wp-json\/wp\/v2\/media?parent=27618"}],"wp:term":[{"taxonomy":"category","embeddable":true,"href":"https:\/\/culturalizabh.com.br\/index.php\/wp-json\/wp\/v2\/categories?post=27618"},{"taxonomy":"post_tag","embeddable":true,"href":"https:\/\/culturalizabh.com.br\/index.php\/wp-json\/wp\/v2\/tags?post=27618"}],"curies":[{"name":"wp","href":"https:\/\/api.w.org\/{rel}","templated":true}]}}