{"id":26282,"date":"2019-04-12T14:23:52","date_gmt":"2019-04-12T17:23:52","guid":{"rendered":"http:\/\/culturalizabh.com.br\/?p=26282"},"modified":"2019-04-12T23:43:55","modified_gmt":"2019-04-13T02:43:55","slug":"va-de-graca-para-o-nosso-bloquinho-neste-final-de-semana","status":"publish","type":"post","link":"https:\/\/culturalizabh.com.br\/index.php\/2019\/04\/12\/va-de-graca-para-o-nosso-bloquinho-neste-final-de-semana\/","title":{"rendered":"V\u00e1 de gra\u00e7a para o Nosso Bloquinho neste final de semana"},"content":{"rendered":"<p style=\"text-align: left;\"><span style=\"color: #000000;\">O\u00a0<strong>Mirante Raja Grill<\/strong>\u00a0localizado na\u00a0<strong>Raja Gab\u00e1glia<\/strong>, recebe nesse domingo, 14 de abril, \u00e0s 14:00 h, a segunda edi\u00e7\u00e3o do \u201c<strong>Nosso Bloquinho<\/strong>\u201d, ter\u00e1 apresenta\u00e7\u00e3o do\u00a0<strong>Felipe Hott<\/strong>, da dupla\u00a0<strong>Rick e Ricardo<\/strong>,\u00a0<strong>Banda Me Assume ou me Esquece<\/strong>\u00a0e a\u00a0<strong>Banda do Marc\u00e3o<\/strong>. Para conseguir o seu ingresso, basta comprar o copo personalizado do evento,\u00a0que j\u00e1 est\u00e1 \u00e0 venda nas lojas da\u00a0<strong>Central dos Eventos<\/strong>\u00a0ou pelo\u00a0<a style=\"color: #000000;\" href=\"https:\/\/www.centraldoseventos.com.br\/\">site<\/a>, a apresenta\u00e7\u00e3o do vale copo na portaria, no domingo,\u00a0<em><strong>\u00e9 essencial<\/strong><\/em>.<\/span><\/p>\n<p>&nbsp;<\/p>\n<p>&nbsp;<\/p>\n<p style=\"text-align: left;\"><span style=\"color: #000000;\">O \u201cNosso Bloquinho\u201d contar\u00e1 com uma varia\u00e7\u00e3o de estilos musicais como: grandes sucessos da m\u00fasica brasileira, hits famosos e samba, sucessos da m\u00fasica sertanejo e muito mais. Os ingressos s\u00e3o v\u00e1lidos apenas para a entrada no evento, o consumo de bebidas e comidas ser\u00e3o cobrados separadamente. \u00a0\u00a0<\/span><\/p>\n<p>&nbsp;<\/p>\n<p>&nbsp;<\/p>\n<p style=\"text-align: left;\"><span style=\"color: #000000;\"><strong>V\u00c1 DE GRA\u00c7A\u00a0<\/strong><\/span><\/p>\n<p>&nbsp;<\/p>\n<p style=\"text-align: left;\"><span style=\"color: #000000;\">Os primeiros 30 leitores do Culturaliza BH que acessarem o<\/span>\u00a0<a href=\"https:\/\/www.centraldoseventos.com.br\/\/events\/show\/nossobloquinho2?token=2062104641\">link abaixo<\/a>\u00a0<span style=\"color: #000000;\">podem curtir a festa sem pagar nada!\u00a0<\/span><\/p>\n<p style=\"text-align: left;\"><span style=\"color: #000000;\">Basta acessar o<\/span>\u00a0<a href=\"https:\/\/www.centraldoseventos.com.br\/\/events\/show\/nossobloquinho2?token=2062104641\">link abaixo<\/a>\u00a0<span style=\"color: #000000;\">e retirar a cortesia. Mas corra, pois esta promo\u00e7\u00e3o \u00e9 v\u00e1lida apenas para as 30 primeiras pessoas que retirarem o ingresso!<\/span><\/p>\n<p>&nbsp;<\/p>\n<p style=\"text-align: left;\"><a href=\"https:\/\/www.centraldoseventos.com.br\/\/events\/show\/nossobloquinho2?token=2062104641\">https:\/\/www.centraldoseventos.com.br\/\/events\/show\/nossobloquinho2?token=2062104641%3Cbr%3E<\/a><\/p>\n","protected":false},"excerpt":{"rendered":"<p>O\u00a0Mirante Raja Grill\u00a0localizado na\u00a0Raja Gab\u00e1glia, recebe nesse domingo, 14 de abril, \u00e0s 14:00 h, a segunda edi\u00e7\u00e3o do \u201cNosso Bloquinho\u201d, ter\u00e1 apresenta\u00e7\u00e3o do\u00a0Felipe Hott, da dupla\u00a0Rick e Ricardo,\u00a0Banda Me Assume ou me Esquece\u00a0e a\u00a0Banda do Marc\u00e3o. Para conseguir o seu ingresso, basta comprar o copo personalizado do evento,\u00a0que j\u00e1 est\u00e1 \u00e0 venda nas lojas da\u00a0Central [&hellip;]<\/p>\n","protected":false},"author":48,"featured_media":26171,"comment_status":"open","ping_status":"closed","sticky":false,"template":"","format":"standard","meta":{"jetpack_post_was_ever_published":false,"_jetpack_newsletter_access":"","_jetpack_dont_email_post_to_subs":false,"_jetpack_newsletter_tier_id":0,"_jetpack_memberships_contains_paywalled_content":false,"_jetpack_memberships_contains_paid_content":false,"footnotes":"","jetpack_publicize_message":"","jetpack_publicize_feature_enabled":true,"jetpack_social_post_already_shared":true,"jetpack_social_options":{"image_generator_settings":{"template":"highway","enabled":false},"version":2}},"categories":[1,18,6],"tags":[5451,50,358,252,4962,33],"class_list":["post-26282","post","type-post","status-publish","format-standard","has-post-thumbnail","hentry","category-culturaliza","category-musica","category-shows","tag-cortesia","tag-cultura","tag-festa","tag-folia","tag-nosso-bloquinho","tag-show"],"jetpack_publicize_connections":[],"jetpack_featured_media_url":"https:\/\/culturalizabh.com.br\/wp-content\/uploads\/2019\/04\/Nosso-Bloquinho_-1.jpeg","jetpack_sharing_enabled":true,"jetpack_shortlink":"https:\/\/wp.me\/p864jz-6PU","_links":{"self":[{"href":"https:\/\/culturalizabh.com.br\/index.php\/wp-json\/wp\/v2\/posts\/26282","targetHints":{"allow":["GET"]}}],"collection":[{"href":"https:\/\/culturalizabh.com.br\/index.php\/wp-json\/wp\/v2\/posts"}],"about":[{"href":"https:\/\/culturalizabh.com.br\/index.php\/wp-json\/wp\/v2\/types\/post"}],"author":[{"embeddable":true,"href":"https:\/\/culturalizabh.com.br\/index.php\/wp-json\/wp\/v2\/users\/48"}],"replies":[{"embeddable":true,"href":"https:\/\/culturalizabh.com.br\/index.php\/wp-json\/wp\/v2\/comments?post=26282"}],"version-history":[{"count":4,"href":"https:\/\/culturalizabh.com.br\/index.php\/wp-json\/wp\/v2\/posts\/26282\/revisions"}],"predecessor-version":[{"id":26302,"href":"https:\/\/culturalizabh.com.br\/index.php\/wp-json\/wp\/v2\/posts\/26282\/revisions\/26302"}],"wp:featuredmedia":[{"embeddable":true,"href":"https:\/\/culturalizabh.com.br\/index.php\/wp-json\/wp\/v2\/media\/26171"}],"wp:attachment":[{"href":"https:\/\/culturalizabh.com.br\/index.php\/wp-json\/wp\/v2\/media?parent=26282"}],"wp:term":[{"taxonomy":"category","embeddable":true,"href":"https:\/\/culturalizabh.com.br\/index.php\/wp-json\/wp\/v2\/categories?post=26282"},{"taxonomy":"post_tag","embeddable":true,"href":"https:\/\/culturalizabh.com.br\/index.php\/wp-json\/wp\/v2\/tags?post=26282"}],"curies":[{"name":"wp","href":"https:\/\/api.w.org\/{rel}","templated":true}]}}