{"id":25787,"date":"2019-03-28T18:00:43","date_gmt":"2019-03-28T21:00:43","guid":{"rendered":"http:\/\/culturalizabh.com.br\/?p=25787"},"modified":"2019-03-27T18:49:04","modified_gmt":"2019-03-27T21:49:04","slug":"raca-negra-faz-show-neste-sabado-em-bh","status":"publish","type":"post","link":"https:\/\/culturalizabh.com.br\/index.php\/2019\/03\/28\/raca-negra-faz-show-neste-sabado-em-bh\/","title":{"rendered":"Ra\u00e7a Negra faz show neste s\u00e1bado em BH"},"content":{"rendered":"<p style=\"text-align: left;\"><span style=\"color: #000000;\">A boate <strong>naSala<\/strong> costuma sempre celebrar as altas temperaturas com muita alegria e <strong>neste s\u00e1bado (30\/03)<\/strong> a banda <strong>Ra\u00e7a Negra<\/strong> \u00e9 a atra\u00e7\u00e3o da noite no <strong>naSala<\/strong> <strong>de Ver\u00e3o<\/strong> que dessa vez ser\u00e1 realizado no <strong>Land Spirit<\/strong>, local que era mantido em segredo at\u00e9 o meio da semana.<\/span><\/p>\n<p style=\"text-align: left;\">\u00a0<\/p>\n<p style=\"text-align: left;\"><span style=\"color: #000000;\">A banda que tem m\u00fasicas na boca do povo est\u00e1 com 4 d\u00e9cadas de hist\u00f3ria e j\u00e1 embalou v\u00e1rios ver\u00f5es desde sua funda\u00e7\u00e3o na Zona Leste paulistana. Liderada por Luiz Carlos, o grupo \u00e9 respons\u00e1vel por grandes cl\u00e1ssicos do pagode como &#8220;Cigana&#8221;, &#8220;Doce Paix\u00e3o&#8221; e &#8220;Cheia de Manias&#8221;, febre na d\u00e9cada de 1990. Para provar que as m\u00fasicas ainda s\u00e3o sucesso, &#8220;Cheia de Manias&#8221;, ap\u00f3s 36 anos de seu lan\u00e7amento, ser\u00e1 tema da protagonista, vivida por<strong> Juliana Paes<\/strong>, da nova trama de <strong>Walcyr Carrasco<\/strong>, <strong>&#8220;A Dona do Peda\u00e7o&#8221;<\/strong>. <\/span><\/p>\n<p style=\"text-align: left;\">\u00a0<\/p>\n<p style=\"text-align: left;\"><span style=\"color: #000000;\">O local vai servir de cen\u00e1rio para a edi\u00e7\u00e3o deste ano que promete uma produ\u00e7\u00e3o completamente repaginada;entre as pedidas da vez, doses extras de brisa no rosto, sol dourando os ombros e, claro, areia entre os dedos. A ideia da naSala \u00e9 fazer os convidados reviverem os melhores ver\u00f5es de suas vidas, a esta\u00e7\u00e3o em que &#8216;todo mundo \u00e9 mais feliz&#8217;.<\/span><\/p>\n<p style=\"text-align: left;\">\u00a0<\/p>\n<p style=\"text-align: left;\"><span style=\"color: #000000;\">Al\u00e9m do grupo, a tarde conta ainda com Breno Gontijo e os DJs Lauro Malloy e Jaka. A dica da casa \u00e9 que a turma separe os \u00f3culos escuros e um look bem confort\u00e1vel para curtir a festa.<\/span><\/p>\n<p>&nbsp;<\/p>\n<p style=\"text-align: left;\"><strong><span style=\"color: #000000;\">Ra\u00e7a Negra no naSala de Ver\u00e3o\u00a0<\/span><\/strong><\/p>\n<p style=\"text-align: left;\">\u00a0<\/p>\n<p style=\"text-align: left;\"><span style=\"color: #000000;\"><strong>Quando:<\/strong> 30\/03 (s\u00e1bado)<\/span><\/p>\n<p style=\"text-align: left;\"><span style=\"color: #000000;\"><strong>Horas:<\/strong> a partir das 15h\u00a0<\/span><\/p>\n<p style=\"text-align: left;\"><span style=\"color: #000000;\"><strong>Onde:<\/strong> Lan Spirit (Rodovia Br 356, km 7,5, s\/n \u2013 Olhos D\u2019\u00c1gua)<\/span><\/p>\n<p style=\"text-align: left;\"><span style=\"color: #000000;\"><strong>Quanto:<\/strong> A partir de R$140<\/span><\/p>\n<p style=\"text-align: left;\"><span style=\"color: #000000;\"><strong>Vendas:<\/strong> <a href=\"%20https:\/\/www.sympla.com.br\/nasala-de-verao-2019__452772 \">Sympla\u00a0<\/a><\/span><\/p>\n","protected":false},"excerpt":{"rendered":"<p>A boate naSala costuma sempre celebrar as altas temperaturas com muita alegria e neste s\u00e1bado (30\/03) a banda Ra\u00e7a Negra \u00e9 a atra\u00e7\u00e3o da noite no naSala de Ver\u00e3o que dessa vez ser\u00e1 realizado no Land Spirit, local que era mantido em segredo at\u00e9 o meio da semana. \u00a0 A banda que tem m\u00fasicas na [&hellip;]<\/p>\n","protected":false},"author":1,"featured_media":25788,"comment_status":"open","ping_status":"closed","sticky":false,"template":"","format":"standard","meta":{"jetpack_post_was_ever_published":false,"_jetpack_newsletter_access":"","_jetpack_dont_email_post_to_subs":false,"_jetpack_newsletter_tier_id":0,"_jetpack_memberships_contains_paywalled_content":false,"_jetpack_memberships_contains_paid_content":false,"footnotes":"","jetpack_publicize_message":"","jetpack_publicize_feature_enabled":true,"jetpack_social_post_already_shared":true,"jetpack_social_options":{"image_generator_settings":{"template":"highway","enabled":false},"version":2}},"categories":[19,18,6],"tags":[3065,1397,264,33],"class_list":["post-25787","post","type-post","status-publish","format-standard","has-post-thumbnail","hentry","category-destaque","category-musica","category-shows","tag-land-spirit","tag-pagode","tag-raca-negra","tag-show"],"jetpack_publicize_connections":[],"jetpack_featured_media_url":"https:\/\/culturalizabh.com.br\/wp-content\/uploads\/2019\/03\/home.jpg","jetpack_sharing_enabled":true,"jetpack_shortlink":"https:\/\/wp.me\/p864jz-6HV","_links":{"self":[{"href":"https:\/\/culturalizabh.com.br\/index.php\/wp-json\/wp\/v2\/posts\/25787","targetHints":{"allow":["GET"]}}],"collection":[{"href":"https:\/\/culturalizabh.com.br\/index.php\/wp-json\/wp\/v2\/posts"}],"about":[{"href":"https:\/\/culturalizabh.com.br\/index.php\/wp-json\/wp\/v2\/types\/post"}],"author":[{"embeddable":true,"href":"https:\/\/culturalizabh.com.br\/index.php\/wp-json\/wp\/v2\/users\/1"}],"replies":[{"embeddable":true,"href":"https:\/\/culturalizabh.com.br\/index.php\/wp-json\/wp\/v2\/comments?post=25787"}],"version-history":[{"count":8,"href":"https:\/\/culturalizabh.com.br\/index.php\/wp-json\/wp\/v2\/posts\/25787\/revisions"}],"predecessor-version":[{"id":25796,"href":"https:\/\/culturalizabh.com.br\/index.php\/wp-json\/wp\/v2\/posts\/25787\/revisions\/25796"}],"wp:featuredmedia":[{"embeddable":true,"href":"https:\/\/culturalizabh.com.br\/index.php\/wp-json\/wp\/v2\/media\/25788"}],"wp:attachment":[{"href":"https:\/\/culturalizabh.com.br\/index.php\/wp-json\/wp\/v2\/media?parent=25787"}],"wp:term":[{"taxonomy":"category","embeddable":true,"href":"https:\/\/culturalizabh.com.br\/index.php\/wp-json\/wp\/v2\/categories?post=25787"},{"taxonomy":"post_tag","embeddable":true,"href":"https:\/\/culturalizabh.com.br\/index.php\/wp-json\/wp\/v2\/tags?post=25787"}],"curies":[{"name":"wp","href":"https:\/\/api.w.org\/{rel}","templated":true}]}}