{"id":25515,"date":"2019-03-16T08:00:33","date_gmt":"2019-03-16T11:00:33","guid":{"rendered":"http:\/\/culturalizabh.com.br\/?p=25515"},"modified":"2019-03-15T20:43:47","modified_gmt":"2019-03-15T23:43:47","slug":"festival-de-circo-comeca-neste-sabado-no-boulevard-shopping","status":"publish","type":"post","link":"https:\/\/culturalizabh.com.br\/index.php\/2019\/03\/16\/festival-de-circo-comeca-neste-sabado-no-boulevard-shopping\/","title":{"rendered":"Festival de Circo come\u00e7a neste s\u00e1bado no Boulevard Shopping"},"content":{"rendered":"<p style=\"text-align: left;\"><span style=\"color: #000000;\">A arte circense vai tomar conta do Boulevard Shopping e levar muita divers\u00e3o e aprendizado para a garotada com o <strong>\u201cFestival de Circo Boulevard\u201d<\/strong>.\u00a0<\/span><\/p>\n<p>&nbsp;<\/p>\n<p style=\"text-align: left;\"><span style=\"color: #000000;\">No s\u00e1bado, dia 23 de mar\u00e7o, acontece o\u00a0pocket-show\u00a0<strong>&#8220;Circo<\/strong> <strong>Legal<\/strong> <strong>\u00e9<\/strong> <strong>Circo<\/strong> <strong>sem<\/strong> <strong>Animal!&#8221;<\/strong>, que prop\u00f5e uma reflex\u00e3o sobre educa\u00e7\u00e3o ambiental e o respeito aos animais. J\u00e1 no domingo, 24 de mar\u00e7o, fechando o festival, ser\u00e1 a vez do show <strong>&#8220;Uma<\/strong> <strong>M\u00e1gica<\/strong> <strong>muito<\/strong> <strong>M\u00e1gica!&#8221;<\/strong> realiza um dos momentos mais esperados pelo p\u00fablico. Jornal que bebe leite, livros que pegam fogo, objetos que somem e aparecem em outro lugar, len\u00e7os que mudam de cor, e muitos outros n\u00fameros de ilusionismo. O show conta com esquetes teatrais e participa\u00e7\u00e3o do p\u00fablico.<\/span><\/p>\n<p>&nbsp;<\/p>\n<p style=\"text-align: left;\"><span style=\"color: #000000;\">Abaixo mais informa\u00e7\u00f5es sobre o evento:<\/span><\/p>\n<p style=\"text-align: left;\"><span style=\"color: #000000;\"><strong>Festival de Circo Boulevard<\/strong><\/span><\/p>\n<p style=\"text-align: left;\"><span style=\"color: #000000;\"><strong>Quando:\u00a0 <\/strong>23 e 24 de Mar\u00e7o<\/span><\/p>\n<p style=\"text-align: left;\"><span style=\"color: #000000;\">dia 23\/3 \u2013 &#8220;Circo Legal \u00e9 Circo sem Animal!&#8221;.<\/span><\/p>\n<p style=\"text-align: left;\"><span style=\"color: #000000;\">dia 24\/3 \u2013 &#8220;Uma M\u00e1gica muito M\u00e1gica!&#8221;<\/span><\/p>\n<p style=\"text-align: left;\"><span style=\"color: #000000;\"><strong>Hora:<\/strong> \u00e0s 15h<\/span><\/p>\n<p style=\"text-align: left;\"><span style=\"color: #000000;\"><strong>Onde:<\/strong> Shopping Boulevard &#8211; Piso 1, ao lado da Sorveteria Coelhinho<\/span><\/p>\n<p style=\"text-align: left;\"><span style=\"color: #000000;\">\u00a0\u00a0\u00a0\u00a0\u00a0\u00a0\u00a0\u00a0\u00a0\u00a0 Av. dos Andradas, 3.000, Santa Efig\u00eania<\/span><\/p>\n<p style=\"text-align: left;\"><span style=\"color: #000000;\"><strong>Quanto:<\/strong> Entrada Gratuita<\/span><\/p>\n<p style=\"text-align: left;\"><span style=\"color: #000000;\"><strong>Informa\u00e7\u00f5es:<\/strong>\u00a02538-7438\/ 7439 &#8211;\u00a0<a style=\"color: #000000;\" href=\"http:\/\/www.boulevardshopping.com.br\/\" data-saferedirecturl=\"https:\/\/www.google.com\/url?q=http:\/\/www.boulevardshopping.com.br\/&amp;source=gmail&amp;ust=1552778370323000&amp;usg=AFQjCNGzbtRVnh3fkF0Aj3AmVRML1wSldg\">boulevardshopping.com.br<\/a><\/span><\/p>\n<p style=\"text-align: left;\">\u00a0<\/p>\n<p style=\"text-align: left;\">\u00a0<\/p>\n","protected":false},"excerpt":{"rendered":"<p>A arte circense vai tomar conta do Boulevard Shopping e levar muita divers\u00e3o e aprendizado para a garotada com o \u201cFestival de Circo Boulevard\u201d.\u00a0 &nbsp; No s\u00e1bado, dia 23 de mar\u00e7o, acontece o\u00a0pocket-show\u00a0&#8220;Circo Legal \u00e9 Circo sem Animal!&#8221;, que prop\u00f5e uma reflex\u00e3o sobre educa\u00e7\u00e3o ambiental e o respeito aos animais. J\u00e1 no domingo, 24 de [&hellip;]<\/p>\n","protected":false},"author":22,"featured_media":25516,"comment_status":"open","ping_status":"closed","sticky":false,"template":"","format":"standard","meta":{"jetpack_post_was_ever_published":false,"_jetpack_newsletter_access":"","_jetpack_dont_email_post_to_subs":false,"_jetpack_newsletter_tier_id":0,"_jetpack_memberships_contains_paywalled_content":false,"_jetpack_memberships_contains_paid_content":false,"footnotes":"","jetpack_publicize_message":"","jetpack_publicize_feature_enabled":true,"jetpack_social_post_already_shared":true,"jetpack_social_options":{"image_generator_settings":{"template":"highway","enabled":false},"version":2}},"categories":[1,34,3537,13,3],"tags":[58,989],"class_list":["post-25515","post","type-post","status-publish","format-standard","has-post-thumbnail","hentry","category-culturaliza","category-diversao","category-gratuito-ou-a-baixo-custo","category-infantil","category-teatro","tag-espetaculo","tag-shopping-boulevard"],"jetpack_publicize_connections":[],"jetpack_featured_media_url":"https:\/\/culturalizabh.com.br\/wp-content\/uploads\/2019\/03\/Festival-de-Circo_-Foto-Comando-da-Alegria-4.jpg","jetpack_sharing_enabled":true,"jetpack_shortlink":"https:\/\/wp.me\/p864jz-6Dx","_links":{"self":[{"href":"https:\/\/culturalizabh.com.br\/index.php\/wp-json\/wp\/v2\/posts\/25515","targetHints":{"allow":["GET"]}}],"collection":[{"href":"https:\/\/culturalizabh.com.br\/index.php\/wp-json\/wp\/v2\/posts"}],"about":[{"href":"https:\/\/culturalizabh.com.br\/index.php\/wp-json\/wp\/v2\/types\/post"}],"author":[{"embeddable":true,"href":"https:\/\/culturalizabh.com.br\/index.php\/wp-json\/wp\/v2\/users\/22"}],"replies":[{"embeddable":true,"href":"https:\/\/culturalizabh.com.br\/index.php\/wp-json\/wp\/v2\/comments?post=25515"}],"version-history":[{"count":3,"href":"https:\/\/culturalizabh.com.br\/index.php\/wp-json\/wp\/v2\/posts\/25515\/revisions"}],"predecessor-version":[{"id":25519,"href":"https:\/\/culturalizabh.com.br\/index.php\/wp-json\/wp\/v2\/posts\/25515\/revisions\/25519"}],"wp:featuredmedia":[{"embeddable":true,"href":"https:\/\/culturalizabh.com.br\/index.php\/wp-json\/wp\/v2\/media\/25516"}],"wp:attachment":[{"href":"https:\/\/culturalizabh.com.br\/index.php\/wp-json\/wp\/v2\/media?parent=25515"}],"wp:term":[{"taxonomy":"category","embeddable":true,"href":"https:\/\/culturalizabh.com.br\/index.php\/wp-json\/wp\/v2\/categories?post=25515"},{"taxonomy":"post_tag","embeddable":true,"href":"https:\/\/culturalizabh.com.br\/index.php\/wp-json\/wp\/v2\/tags?post=25515"}],"curies":[{"name":"wp","href":"https:\/\/api.w.org\/{rel}","templated":true}]}}