{"id":23891,"date":"2019-01-11T16:30:39","date_gmt":"2019-01-11T18:30:39","guid":{"rendered":"http:\/\/culturalizabh.com.br\/?p=23891"},"modified":"2019-01-11T16:30:39","modified_gmt":"2019-01-11T18:30:39","slug":"luiz-camera-acao-roma-silencioso-simples-inocente-inesquecivel","status":"publish","type":"post","link":"https:\/\/culturalizabh.com.br\/index.php\/2019\/01\/11\/luiz-camera-acao-roma-silencioso-simples-inocente-inesquecivel\/","title":{"rendered":"Luiz, C\u00e2mera, A\u00e7\u00e3o: Roma; silencioso, simples, inocente, inesquec\u00edvel!"},"content":{"rendered":"<div style=\"text-align: center\"><span style=\"color: #000000\"><em>Silencioso, simples, inocente, inesquec\u00edvel!<\/em><\/span><\/div>\n<div>\u00a0<\/div>\n<div>\n<div style=\"text-align: left\">\u00a0<\/div>\n<div style=\"text-align: left\"><span style=\"color: #000000\">Eu assisti ao filme \u201cRoma\u201d despretensiosamente h\u00e1 umas tr\u00eas semanas. Navegando pela Netflix, li a sinopse e me interessei pela hist\u00f3ria de Alfonso Cuar\u00f3n. E eu realmente n\u00e3o sabia mais nada sobre ele, muito menos que ele j\u00e1 estava sendo chamado de a \u201cobra-prima\u201d do diretor de \u201cGravidade\u201d, filme vencedor de sete categorias do Oscar em 2014. Tanto que assisti pelo iPad, me encantei e, agora, depois de o longa ter levado dois pr\u00eamios do Globo de Ouro 2019 (melhor filme estrangeiro e melhor diretor), vou fazer quest\u00e3o de ver de novo na tela grande da TV \u2013 pois na tela gigante do cinema isso n\u00e3o ser\u00e1 poss\u00edvel, j\u00e1 que o filme foi feito exclusivamente para o servi\u00e7o de streaming.<\/span><\/div>\n<div>\u00a0<\/div>\n<div style=\"text-align: left\">\u00a0<\/div>\n<div style=\"text-align: left\"><span style=\"color: #000000\">A delicadeza e a sutilidade j\u00e1 come\u00e7am pela sinopse: na movimentada Cidade do M\u00e9xico dos anos 70, a rotina de uma fam\u00edlia de classe m\u00e9dia \u00e9 acompanhada de maneira silenciosa por uma pequena, dedicada e batalhadora mulher, Cleo (Yalitza Aparicio), que trabalha como bab\u00e1 e empregada dom\u00e9stica. Durante um ano at\u00edpico, diversos acontecimentos inesperados come\u00e7am a afetar a vida de todos os moradores da casa, dando origem a uma s\u00e9rie de mudan\u00e7as. E Cleo, com sua serenidade e discri\u00e7\u00e3o, escolta tudo e todos, da casa aos quatro filhos e ao cachorro da fam\u00edlia, com unhas e dentes, com paix\u00e3o, for\u00e7a, determina\u00e7\u00e3o e persist\u00eancia.<\/span><\/div>\n<\/div>\n<div>\u00a0<\/div>\n<div>\u00a0<\/div>\n<div><img loading=\"lazy\" decoding=\"async\" class=\"aligncenter wp-image-23893 size-large\" src=\"https:\/\/culturalizabh.com.br\/wp-content\/uploads\/2019\/01\/Roma3-1024x683.jpg\" alt=\"\" width=\"640\" height=\"427\" srcset=\"https:\/\/culturalizabh.com.br\/wp-content\/uploads\/2019\/01\/Roma3-1024x683.jpg 1024w, https:\/\/culturalizabh.com.br\/wp-content\/uploads\/2019\/01\/Roma3-300x200.jpg 300w, https:\/\/culturalizabh.com.br\/wp-content\/uploads\/2019\/01\/Roma3-768x512.jpg 768w, https:\/\/culturalizabh.com.br\/wp-content\/uploads\/2019\/01\/Roma3-262x175.jpg 262w, https:\/\/culturalizabh.com.br\/wp-content\/uploads\/2019\/01\/Roma3.jpg 2000w\" sizes=\"auto, (max-width: 640px) 100vw, 640px\" \/><\/div>\n<div>\u00a0<\/div>\n<div>\n<div style=\"text-align: left\">\u00a0<\/div>\n<div style=\"text-align: left\"><span style=\"color: #000000\">Por\u00e9m, \u201cRoma\u201d n\u00e3o \u00e9 t\u00e3o simples assim. N\u00e3o \u00e9 apenas um filme sobre a vida dura de uma empregada dom\u00e9stica. Todo em preto e branco e cheio de refer\u00eancias da vida \u00edntima de Cuar\u00f3n, a produ\u00e7\u00e3o intimista \u00e9 inspirada na inf\u00e2ncia do diretor e est\u00e1 sendo extremamente elogiada como uma met\u00e1fora do pa\u00eds e de sua hist\u00f3ria, de seu passado e de seu presente. Al\u00e9m disso, tamb\u00e9m pode ser considerado como um sens\u00edvel relato sobre realidades, alegrias, tristezas e cotidiano oculto por tr\u00e1s da vida dom\u00e9stica e um testemunho desolador \u2013 e, ao mesmo tempo, esperan\u00e7oso \u2013 sobre as desigualdades sociais e raciais, n\u00e3o apenas do M\u00e9xico, mas de toda a Am\u00e9rica Latina.<\/span><\/div>\n<\/div>\n<div>\u00a0<\/div>\n<div>\u00a0<\/div>\n<div>\n<div style=\"text-align: left\"><span style=\"color: #000000\">N\u00e3o \u00e0 toa, voc\u00ea percebe a delicadeza de \u201cRoma\u201d logo nas primeiras cenas, dedicadas e delineadas ao cotidiano simples de Cleo, ou at\u00e9 mesmo no t\u00edtulo do filme, que \u00e9 o nome do bairro onde a trama se desenrola, Colonia Roma, uma zona ocupada pela classe alta mexicana. O longa, que pode fazer hist\u00f3ria como a primeira produ\u00e7\u00e3o da Netflix a ser indicada \u00e0s principais categorias do Oscar, foi gravado no pr\u00f3prio bairro mexicano, com seu intenso tr\u00e1fego a\u00e9reo e sutil tr\u00e2nsito na rua, tudo meticulosamente pensado para que se parecesse com o local onde o diretor cresceu.<\/span><\/div>\n<div>\u00a0<\/div>\n<\/div>\n<div>\u00a0<\/div>\n<div><strong><a href=\"https:\/\/www.youtube.com\/watch?v=6BS27ngZtxg\">Assista ao trailer clicando aqui<\/a><\/strong><\/div>\n<div>\u00a0<\/div>\n<div>\n<div style=\"text-align: left\">\u00a0<\/div>\n<div style=\"text-align: left\"><span style=\"color: #000000\">E as refer\u00eancias n\u00e3o param por a\u00ed: o pr\u00f3prio cinema se torna s\u00edmbolo do filme. Nesse metarrelato, do cinema dentro do cinema, as crian\u00e7as da casa e a pr\u00f3pria bab\u00e1 v\u00e3o ver \u201cSem Rumo no Espa\u00e7o\u201d (1969), um dos filmes favoritos do diretor quando pequeno e que lhe serviu de inspira\u00e7\u00e3o para \u201cGravidade\u201d. Outros filmes do diretor, como \u201cE Sua M\u00e3e Tamb\u00e9m\u201d (2001) e \u201cFilhos da Esperan\u00e7a\u201d (2006), tamb\u00e9m s\u00e3o lembrados. E ainda o mais forte: Cuar\u00f3n dedica o filme a Libo, que \u00e9 como sua fam\u00edlia chama Liboria Rodr\u00edguez, uma mulher de origem ind\u00edgena que come\u00e7ou a trabalhar com eles quando o diretor tinha s\u00f3 9 meses. Assim como ele, ela \u00e9 a base da hist\u00f3ria. Em entrevista, o diretor disse que, \u00e0 medida que ele cresceu, se deu conta de que Libo tamb\u00e9m era uma pessoa que tinha necessidades, conflitos e uma vida pr\u00f3pria, e n\u00e3o era algu\u00e9m que s\u00f3 lavava sua roupa ou preparava sua comida.<\/span><\/div>\n<div>\u00a0<\/div>\n<div style=\"text-align: left\">\u00a0<\/div>\n<div style=\"text-align: left\"><span style=\"color: #000000\">\u00c9 assim \u201cRoma\u201d. Da sublime fotografia \u00e0 conten\u00e7\u00e3o narrativa, uma verdadeira homenagem que fala de dor e amor, de luta e esperan\u00e7a, de afeto e medo, de inoc\u00eancia e submiss\u00e3o, de simplicidade e mem\u00f3ria.\u00a0<\/span><\/div>\n<div>\u00a0<\/div>\n<\/div>\n","protected":false},"excerpt":{"rendered":"<p>Silencioso, simples, inocente, inesquec\u00edvel! \u00a0 \u00a0 Eu assisti ao filme \u201cRoma\u201d despretensiosamente h\u00e1 umas tr\u00eas semanas. Navegando pela Netflix, li a sinopse e me interessei pela hist\u00f3ria de Alfonso Cuar\u00f3n. E eu realmente n\u00e3o sabia mais nada sobre ele, muito menos que ele j\u00e1 estava sendo chamado de a \u201cobra-prima\u201d do diretor de \u201cGravidade\u201d, filme [&hellip;]<\/p>\n","protected":false},"author":48,"featured_media":23892,"comment_status":"open","ping_status":"closed","sticky":false,"template":"","format":"standard","meta":{"jetpack_post_was_ever_published":false,"_jetpack_newsletter_access":"","_jetpack_dont_email_post_to_subs":false,"_jetpack_newsletter_tier_id":0,"_jetpack_memberships_contains_paywalled_content":false,"_jetpack_memberships_contains_paid_content":false,"footnotes":"","jetpack_publicize_message":"","jetpack_publicize_feature_enabled":true,"jetpack_social_post_already_shared":true,"jetpack_social_options":{"image_generator_settings":{"template":"highway","enabled":false},"version":2}},"categories":[4,137,499,496],"tags":[85,50,848,494,4871],"class_list":["post-23891","post","type-post","status-publish","format-standard","has-post-thumbnail","hentry","category-cinema","category-colunas","category-luiz-camera-acao","category-resenhas-cinema","tag-cinema","tag-cultura","tag-netflix","tag-resenha","tag-roma"],"jetpack_publicize_connections":[],"jetpack_featured_media_url":"https:\/\/culturalizabh.com.br\/wp-content\/uploads\/2019\/01\/Roma2.jpg","jetpack_sharing_enabled":true,"jetpack_shortlink":"https:\/\/wp.me\/p864jz-6dl","_links":{"self":[{"href":"https:\/\/culturalizabh.com.br\/index.php\/wp-json\/wp\/v2\/posts\/23891","targetHints":{"allow":["GET"]}}],"collection":[{"href":"https:\/\/culturalizabh.com.br\/index.php\/wp-json\/wp\/v2\/posts"}],"about":[{"href":"https:\/\/culturalizabh.com.br\/index.php\/wp-json\/wp\/v2\/types\/post"}],"author":[{"embeddable":true,"href":"https:\/\/culturalizabh.com.br\/index.php\/wp-json\/wp\/v2\/users\/48"}],"replies":[{"embeddable":true,"href":"https:\/\/culturalizabh.com.br\/index.php\/wp-json\/wp\/v2\/comments?post=23891"}],"version-history":[{"count":4,"href":"https:\/\/culturalizabh.com.br\/index.php\/wp-json\/wp\/v2\/posts\/23891\/revisions"}],"predecessor-version":[{"id":23897,"href":"https:\/\/culturalizabh.com.br\/index.php\/wp-json\/wp\/v2\/posts\/23891\/revisions\/23897"}],"wp:featuredmedia":[{"embeddable":true,"href":"https:\/\/culturalizabh.com.br\/index.php\/wp-json\/wp\/v2\/media\/23892"}],"wp:attachment":[{"href":"https:\/\/culturalizabh.com.br\/index.php\/wp-json\/wp\/v2\/media?parent=23891"}],"wp:term":[{"taxonomy":"category","embeddable":true,"href":"https:\/\/culturalizabh.com.br\/index.php\/wp-json\/wp\/v2\/categories?post=23891"},{"taxonomy":"post_tag","embeddable":true,"href":"https:\/\/culturalizabh.com.br\/index.php\/wp-json\/wp\/v2\/tags?post=23891"}],"curies":[{"name":"wp","href":"https:\/\/api.w.org\/{rel}","templated":true}]}}