{"id":23835,"date":"2019-01-15T10:01:19","date_gmt":"2019-01-15T12:01:19","guid":{"rendered":"http:\/\/culturalizabh.com.br\/?p=23835"},"modified":"2019-01-14T13:15:59","modified_gmt":"2019-01-14T15:15:59","slug":"11-dicas-para-curtir-as-ferias-de-janeiro-em-bh","status":"publish","type":"post","link":"https:\/\/culturalizabh.com.br\/index.php\/2019\/01\/15\/11-dicas-para-curtir-as-ferias-de-janeiro-em-bh\/","title":{"rendered":"11 dicas para curtir as f\u00e9rias de janeiro em BH"},"content":{"rendered":"<p style=\"text-align: left;\"><span style=\"color: #000000;\">Janeiro \u00e9 um m\u00eas lindo, n\u00e9?! Cheio de renova\u00e7\u00e3o, uma ansiedade enorme pro carnaval e F\u00c9EEEERIAS!!! As crian\u00e7as fazem a festa em casa e, \u00e0s vezes, ficam inquietas, n\u00e3o \u00e9 mesmo? Por isso, separamos v\u00e1rios eventos lindos para os pequenos se divertirem BASTANTE durante esse momento t\u00e3o aguardado! Confira:\u00a0<\/span><\/p>\n<p style=\"text-align: left;\">\u00a0<\/p>\n<p style=\"text-align: left;\">\u00a0<\/p>\n<h3 style=\"text-align: left;\"><span style=\"color: #ff6600;\"><strong>Casa Fiat de Cultura\u00a0<\/strong><\/span><\/h3>\n<p style=\"text-align: left;\">\u00a0<\/p>\n<p style=\"text-align: left;\"><img loading=\"lazy\" decoding=\"async\" class=\"size-medium wp-image-23926 aligncenter\" src=\"https:\/\/culturalizabh.com.br\/wp-content\/uploads\/2019\/01\/Ateli\u00ea-Aberto-de-Encaderna\u00e7\u00e3o_Casa-Fiat-de-Cultura_Foto-Clarita-Gonzaga-300x199.jpg\" alt=\"\" width=\"300\" height=\"199\" srcset=\"https:\/\/culturalizabh.com.br\/wp-content\/uploads\/2019\/01\/Ateli\u00ea-Aberto-de-Encaderna\u00e7\u00e3o_Casa-Fiat-de-Cultura_Foto-Clarita-Gonzaga-300x199.jpg 300w, https:\/\/culturalizabh.com.br\/wp-content\/uploads\/2019\/01\/Ateli\u00ea-Aberto-de-Encaderna\u00e7\u00e3o_Casa-Fiat-de-Cultura_Foto-Clarita-Gonzaga-768x511.jpg 768w, https:\/\/culturalizabh.com.br\/wp-content\/uploads\/2019\/01\/Ateli\u00ea-Aberto-de-Encaderna\u00e7\u00e3o_Casa-Fiat-de-Cultura_Foto-Clarita-Gonzaga-1024x681.jpg 1024w, https:\/\/culturalizabh.com.br\/wp-content\/uploads\/2019\/01\/Ateli\u00ea-Aberto-de-Encaderna\u00e7\u00e3o_Casa-Fiat-de-Cultura_Foto-Clarita-Gonzaga-263x175.jpg 263w, https:\/\/culturalizabh.com.br\/wp-content\/uploads\/2019\/01\/Ateli\u00ea-Aberto-de-Encaderna\u00e7\u00e3o_Casa-Fiat-de-Cultura_Foto-Clarita-Gonzaga.jpg 1805w\" sizes=\"auto, (max-width: 300px) 100vw, 300px\" \/><\/p>\n<p style=\"text-align: left;\">\u00a0<\/p>\n<p style=\"text-align: left;\"><span style=\"color: #000000;\">J\u00e1 come\u00e7ando o aquecimento para o ano letivo, o <strong>Ateli\u00ea Aberto de Encaderna\u00e7\u00e3o<\/strong> ensina t\u00e9cnicas de brochura, longstich, belga, japonesa e copta. Produzir os cadernos, al\u00e9m de ser uma pr\u00e1tica bem interessante para o desenvolvimento da crian\u00e7ada,\u00a0 e \u00e9 bem legal, pois os cadernos ficam do jeito de cada um. O Ateli\u00ea funciona de quarta a domingo, <strong>at\u00e9 03 de fevereiro<\/strong>, com 15 vagas por hor\u00e1rio, com <strong>entrada gratuita<\/strong>. Tamb\u00e9m h\u00e1 hor\u00e1rio para jovens e adultos!!! Confira a programa\u00e7\u00e3o:\u00a0<\/span><\/p>\n<p style=\"text-align: left;\">\u00a0<\/p>\n<p style=\"font-weight: 400; text-align: left;\">\u00a0<\/p>\n<ul style=\"text-align: left;\">\n<li style=\"font-weight: 400;\"><span style=\"color: #000000;\"><strong>Quarta-feira:<\/strong>\u00a0<strong>Japonesa:\u00a0<\/strong>encaderna\u00e7\u00e3o\u00a0com capa dura, sem lombada e costura decorativa.<\/span><\/li>\n<li style=\"font-weight: 400;\"><span style=\"color: #000000;\"><strong>Quinta-feira: Longstich:\u00a0<\/strong>\u00a0encaderna\u00e7\u00e3o\u00a0com capa dura e lombada recortada com costura aparente.<\/span><\/li>\n<li style=\"font-weight: 400;\"><span style=\"color: #000000;\"><strong>Sexta-feira: Belga:\u00a0<\/strong>encaderna\u00e7\u00e3o\u00a0com capa dura, lombada e costura externa.<\/span><\/li>\n<li style=\"font-weight: 400;\"><span style=\"color: #000000;\"><strong>S\u00e1bado: Copta:\u00a0<\/strong>encaderna\u00e7\u00e3o\u00a0com capa dura, sem lombada e costura aparente que permite uma abertura de at\u00e9 360\u00b0.<\/span><\/li>\n<li style=\"font-weight: 400;\"><span style=\"color: #000000;\"><strong>Domingo: Brochura:\u00a0<\/strong>encaderna\u00e7\u00e3o\u00a0simples com capa cartonada e costura interna e \u00fanica.<\/span><\/li>\n<\/ul>\n<p style=\"font-weight: 400; text-align: left;\">\u00a0<\/p>\n<p>&nbsp;<\/p>\n<h3 style=\"text-align: left;\"><span style=\"color: #ff6600;\"><strong>Boulevard Shopping\u00a0<\/strong><\/span><\/h3>\n<p>&nbsp;<\/p>\n<p><img loading=\"lazy\" decoding=\"async\" class=\"size-medium wp-image-23928 aligncenter\" src=\"https:\/\/culturalizabh.com.br\/wp-content\/uploads\/2019\/01\/BOULEVARD-ICE-FUN-3-CR\u00c9DITOS-Divulga\u00e7\u00e3o-300x200.jpg\" alt=\"\" width=\"300\" height=\"200\" srcset=\"https:\/\/culturalizabh.com.br\/wp-content\/uploads\/2019\/01\/BOULEVARD-ICE-FUN-3-CR\u00c9DITOS-Divulga\u00e7\u00e3o-300x200.jpg 300w, https:\/\/culturalizabh.com.br\/wp-content\/uploads\/2019\/01\/BOULEVARD-ICE-FUN-3-CR\u00c9DITOS-Divulga\u00e7\u00e3o-768x512.jpg 768w, https:\/\/culturalizabh.com.br\/wp-content\/uploads\/2019\/01\/BOULEVARD-ICE-FUN-3-CR\u00c9DITOS-Divulga\u00e7\u00e3o-1024x683.jpg 1024w, https:\/\/culturalizabh.com.br\/wp-content\/uploads\/2019\/01\/BOULEVARD-ICE-FUN-3-CR\u00c9DITOS-Divulga\u00e7\u00e3o-263x175.jpg 263w, https:\/\/culturalizabh.com.br\/wp-content\/uploads\/2019\/01\/BOULEVARD-ICE-FUN-3-CR\u00c9DITOS-Divulga\u00e7\u00e3o.jpg 1500w\" sizes=\"auto, (max-width: 300px) 100vw, 300px\" \/><\/p>\n<p>&nbsp;<\/p>\n<p style=\"text-align: left;\"><span style=\"color: #000000;\">O shopping est\u00e1 com uma programa\u00e7\u00e3o bem legal para os pequenos neste m\u00eas de janeiro! Uma das atra\u00e7\u00f5es \u00e9 o <strong>Festival de Teatro, <\/strong>com entrada <strong>gratuita,\u00a0<\/strong> que \u00e9 realizado todos os domingos do m\u00eas. O pr\u00f3ximo espet\u00e1culo \u00e9 o <strong>&#8220;Cinderela&#8221;<\/strong>, no<strong> domingo (20\/01)<\/strong> e para finalizar, a turma do <strong>&#8220;S\u00edtio do Pica-Pau Amarelo&#8221;<\/strong> faz a alegria da crian\u00e7ada no <strong>domingo (27\/01)<\/strong>. Outra atra\u00e7\u00e3o no <em>mall<\/em> \u00e9 a<strong> Patina\u00e7\u00e3o no Gelo<\/strong>, que conta com uma \u00e1rea total de 180m\u00b2 e capacidade para aproximadamente 40 pessoas.<\/span><a href=\"https:\/\/boulevardshopping.com.br\/\"> Confira hor\u00e1rios e valores no site<\/a>.\u00a0<\/p>\n<p>&nbsp;<\/p>\n<p>&nbsp;<\/p>\n<p>&nbsp;<\/p>\n<h3 style=\"text-align: left;\"><span style=\"color: #ff6600;\"><strong>Memorial Minas Gerais Vale\u00a0<\/strong><\/span><\/h3>\n<p>&nbsp;<\/p>\n<p><img loading=\"lazy\" decoding=\"async\" class=\"size-medium wp-image-23930 aligncenter\" src=\"https:\/\/culturalizabh.com.br\/wp-content\/uploads\/2019\/01\/kit-trilha-300x241.jpg\" alt=\"\" width=\"300\" height=\"241\" srcset=\"https:\/\/culturalizabh.com.br\/wp-content\/uploads\/2019\/01\/kit-trilha-300x241.jpg 300w, https:\/\/culturalizabh.com.br\/wp-content\/uploads\/2019\/01\/kit-trilha-768x616.jpg 768w, https:\/\/culturalizabh.com.br\/wp-content\/uploads\/2019\/01\/kit-trilha-1024x822.jpg 1024w, https:\/\/culturalizabh.com.br\/wp-content\/uploads\/2019\/01\/kit-trilha-218x175.jpg 218w\" sizes=\"auto, (max-width: 300px) 100vw, 300px\" \/><\/p>\n<p>&nbsp;<\/p>\n<p>&nbsp;<\/p>\n<p style=\"text-align: left;\"><span style=\"color: #000000;\">Com programa\u00e7\u00e3o voltada ao p\u00fablico infantil, o <strong>Memorial Minas Gerais Vale<\/strong> destaca variadas <strong>oficinas que est\u00e3o sendo realizadas gratuitamente<\/strong> at\u00e9 <strong>31\/01<\/strong>. Os temas s\u00e3o bem variados como\u00a0<span lang=\"PT\">bateria para garotas, shantala, fuxico,\u00a0<\/span><span lang=\"PT\">esculturas<\/span><span lang=\"PT\">\u00a0em biscuit, adesivos e at\u00e9\u00a0<\/span><\/span><span lang=\"PT\"><span style=\"color: #000000;\">memes.<\/span> <strong><a href=\"http:\/\/memorialvale.com.br\/\">Confira a programa\u00e7\u00e3o das oficinas no site<\/a>.<\/strong> <span style=\"color: #000000;\">Al\u00e9m disso, o espa\u00e7o tamb\u00e9m conta com o projeto <strong>Memorial Autoral <\/strong>que\u00a0apresenta o o jovem cantor e compositor mineiro <strong>C\u00e9sar Lacerda<\/strong>. As exposi\u00e7\u00f5es tamb\u00e9m fazem parte da programa\u00e7\u00e3o, como a fotogr\u00e1fica<strong>\u00a0<\/strong><\/span><\/span><span style=\"color: #000000;\"><strong><span lang=\"IT\">Invent<\/span><\/strong><span lang=\"PT\"><strong>\u00e1rio\u00a0<span class=\"il\">do<\/span>\u00a0Sob,<\/strong> de Sylvia Am\u00e9lia, que segue at\u00e9\u00a0<\/span><\/span><span lang=\"PT\"><span style=\"color: #000000;\">dia <strong>21 de fevereiro<\/strong> e a retrospectiva comemorativa dos <strong>Cinco Anos\u00a0<span class=\"il\">do<\/span>\u00a0Edital Jovens Artistas<\/strong>, em cartaz at\u00e9 dia <strong>17 de mar\u00e7o<\/strong><\/span>.\u00a0<\/span><\/p>\n<p>&nbsp;<\/p>\n<p>&nbsp;<\/p>\n<p>&nbsp;<\/p>\n<h3 style=\"text-align: left;\"><span style=\"color: #ff6600;\"><strong>Minas Shopping<\/strong><\/span><\/h3>\n<p>&nbsp;<\/p>\n<p>&nbsp;<\/p>\n<p><img loading=\"lazy\" decoding=\"async\" class=\"size-medium wp-image-23932 aligncenter\" src=\"https:\/\/culturalizabh.com.br\/wp-content\/uploads\/2019\/01\/F\u00e9rias-Dino-Land-300x243.jpg\" alt=\"\" width=\"300\" height=\"243\" srcset=\"https:\/\/culturalizabh.com.br\/wp-content\/uploads\/2019\/01\/F\u00e9rias-Dino-Land-300x243.jpg 300w, https:\/\/culturalizabh.com.br\/wp-content\/uploads\/2019\/01\/F\u00e9rias-Dino-Land-768x622.jpg 768w, https:\/\/culturalizabh.com.br\/wp-content\/uploads\/2019\/01\/F\u00e9rias-Dino-Land-1024x829.jpg 1024w, https:\/\/culturalizabh.com.br\/wp-content\/uploads\/2019\/01\/F\u00e9rias-Dino-Land-216x175.jpg 216w, https:\/\/culturalizabh.com.br\/wp-content\/uploads\/2019\/01\/F\u00e9rias-Dino-Land.jpg 1772w\" sizes=\"auto, (max-width: 300px) 100vw, 300px\" \/><\/p>\n<p>&nbsp;<\/p>\n<p>&nbsp;<\/p>\n<p style=\"text-align: left;\"><span style=\"color: #000000;\">A crian\u00e7ada tem oportunidade curtir as f\u00e9rias no <strong>Minas Shopping<\/strong> embarcando em uma aventura jur\u00e1ssica no parque <strong>Dino Land<\/strong>, na Pra\u00e7a de Eventos, que foi transformada em uma ilha de aventuras com a decora\u00e7\u00e3o que remete \u00e0 uma floresta cheia de atividades e brinquedos inspirados na terra dos dinossauros. O parque est\u00e1 aberto at\u00e9<strong> 10 de mar\u00e7o<\/strong>, de <strong>10h \u00e0s 22h<\/strong>. A<strong> entrada custa\u00a0R$ 18 (15 minutos) + R$ 1 por minuto adicional<\/strong>. Outra atra\u00e7\u00e3o de f\u00e9rias do s<span class=\"il\">hopping<\/span>\u00a0\u00e9 o <strong>TangoLango Mango<\/strong>, que resgata brincadeiras tradicionais, como pe\u00e3o, Cinco-marias\u00a0<span class=\"il\">e<\/span>\u00a0argila. O espa\u00e7o, que <strong>fica\u00a0at\u00e9 o dia 10 de fevereiro<\/strong>, est\u00e1 decorado com o tema \u201cf\u00e9rias de ver\u00e3o\u201d, com piscina de areia, esteiras\u00a0<span class=\"il\">e<\/span>\u00a0muitas bolas de praia.<\/span><\/p>\n<p>&nbsp;<\/p>\n<p>&nbsp;<\/p>\n<p>&nbsp;<\/p>\n<h3 style=\"text-align: left;\"><span style=\"color: #ff6600;\"><strong>ViaShopping Barreiro\u00a0<\/strong><\/span><\/h3>\n<p style=\"text-align: left;\">\u00a0<\/p>\n<p style=\"text-align: left;\">\u00a0<\/p>\n<p style=\"text-align: left;\"><img loading=\"lazy\" decoding=\"async\" class=\"size-medium wp-image-23938 aligncenter\" src=\"https:\/\/culturalizabh.com.br\/wp-content\/uploads\/2019\/01\/Water-Ball-Divulga\u00e7\u00e3o-300x225.jpg\" alt=\"\" width=\"300\" height=\"225\" srcset=\"https:\/\/culturalizabh.com.br\/wp-content\/uploads\/2019\/01\/Water-Ball-Divulga\u00e7\u00e3o-300x225.jpg 300w, https:\/\/culturalizabh.com.br\/wp-content\/uploads\/2019\/01\/Water-Ball-Divulga\u00e7\u00e3o-768x576.jpg 768w, https:\/\/culturalizabh.com.br\/wp-content\/uploads\/2019\/01\/Water-Ball-Divulga\u00e7\u00e3o-1024x768.jpg 1024w, https:\/\/culturalizabh.com.br\/wp-content\/uploads\/2019\/01\/Water-Ball-Divulga\u00e7\u00e3o-233x175.jpg 233w, https:\/\/culturalizabh.com.br\/wp-content\/uploads\/2019\/01\/Water-Ball-Divulga\u00e7\u00e3o.jpg 1040w\" sizes=\"auto, (max-width: 300px) 100vw, 300px\" \/><\/p>\n<p style=\"text-align: left;\">\u00a0<\/p>\n<p style=\"text-align: left;\">\u00a0<\/p>\n<p style=\"text-align: left;\"><span style=\"color: #000000;\">O <strong>ViaShopping Barreiro<\/strong> preparou duas atra\u00e7\u00f5es; uma delas \u00e9 o <strong>Water Ball<\/strong> que \u00e9 um espa\u00e7o\u00a0no qual as\u00a0crian\u00e7as\u00a0brincam dentro de uma bolha de ar gigante\u00a0e\u00a0transparente sobre a \u00e1gua que fica montado na Pra\u00e7a de Eventos at\u00e9 o dia <strong>27 de fevereiro<\/strong>.\u00a0Para\u00a0participar \u00e9 preciso ter idade m\u00ednima de tr\u00eas anos\u00a0e pesar, no m\u00e1ximo, 110 kg. O ingresso custa <strong>R$ 15<\/strong>\u00a0e\u00a0garante 10 minutos dentro da bolha. Al\u00e9m disso, o mall conta com o<strong> Castelo de Bolinhas<\/strong> que conta com 300 mil bolinhas, torres e escorregadores, at\u00e9 12 de mar\u00e7o. O ingresso custa <strong>R$ 20\u00a0<\/strong>para\u00a0uma perman\u00eancia de 15 minutos no brinquedo.<\/span><\/p>\n<p>&nbsp;<\/p>\n<p class=\"m_824829255292833002m_7179056108791624294gmail-Corpodotexto\"><span lang=\"PT\">\u00a0<\/span><\/p>\n<p>&nbsp;<\/p>\n<h3 style=\"text-align: left;\"><span style=\"color: #ff6600;\"><strong>MM Gerdau &#8211; Museu das Minas e do Metal\u00a0<\/strong><\/span><\/h3>\n<p>&nbsp;<\/p>\n<p>&nbsp;<\/p>\n<figure id=\"attachment_23939\" aria-describedby=\"caption-attachment-23939\" style=\"width: 300px\" class=\"wp-caption aligncenter\"><img loading=\"lazy\" decoding=\"async\" class=\"size-medium wp-image-23939\" src=\"https:\/\/culturalizabh.com.br\/wp-content\/uploads\/2019\/01\/Lucas-DAmbr\u00f3sio-300x200.jpg\" alt=\"\" width=\"300\" height=\"200\" srcset=\"https:\/\/culturalizabh.com.br\/wp-content\/uploads\/2019\/01\/Lucas-DAmbr\u00f3sio-300x200.jpg 300w, https:\/\/culturalizabh.com.br\/wp-content\/uploads\/2019\/01\/Lucas-DAmbr\u00f3sio-768x512.jpg 768w, https:\/\/culturalizabh.com.br\/wp-content\/uploads\/2019\/01\/Lucas-DAmbr\u00f3sio-1024x683.jpg 1024w, https:\/\/culturalizabh.com.br\/wp-content\/uploads\/2019\/01\/Lucas-DAmbr\u00f3sio-263x175.jpg 263w, https:\/\/culturalizabh.com.br\/wp-content\/uploads\/2019\/01\/Lucas-DAmbr\u00f3sio.jpg 2048w\" sizes=\"auto, (max-width: 300px) 100vw, 300px\" \/><figcaption id=\"caption-attachment-23939\" class=\"wp-caption-text\">Foto: Lucas D&#8217;Ambr\u00f3sio<\/figcaption><\/figure>\n<p>&nbsp;<\/p>\n<p style=\"text-align: left;\"><span style=\"color: #000000;\">O projeto <strong>&#8220;F\u00e9rias \u00e9 no Museu&#8221;<\/strong>, do <strong>MM Gerdau<\/strong> j\u00e1 est\u00e1 a todo vapor com uma agenda recheada de atividades l\u00fadicas, divertidas, educativas e acess\u00edveis. De ter\u00e7a a s\u00e1bado o museu conta com uma programa\u00e7\u00e3o voltada para crian\u00e7as e adultos <strong>totalmente gratuita<\/strong>, com din\u00e2micas, conta\u00e7\u00e3o de hist\u00f3rias, oficinas e jogos educativos. Um diferencial da\u00a0programa\u00e7\u00e3o\u00a0deste ano\u00a0\u00e9\u00a0que todas as oficinas\u00a0e\u00a0din\u00e2micas possuem atividades com acessibilidade parcial ou total.<\/span><a href=\"http:\/\/www.mmgerdau.org.br\/\"> Confira a programa\u00e7\u00e3o completa no site.\u00a0<\/a><\/p>\n<p>&nbsp;<\/p>\n<p>&nbsp;<\/p>\n<h3 style=\"text-align: left;\"><span style=\"color: #ff6600;\"><strong><span class=\"il\">DiamondMall<\/span><\/strong><\/span><\/h3>\n<p>&nbsp;<\/p>\n<p>&nbsp;<\/p>\n<p><img loading=\"lazy\" decoding=\"async\" class=\"size-medium wp-image-23940 aligncenter\" src=\"https:\/\/culturalizabh.com.br\/wp-content\/uploads\/2019\/01\/unnamed-3-225x300.jpg\" alt=\"\" width=\"225\" height=\"300\" srcset=\"https:\/\/culturalizabh.com.br\/wp-content\/uploads\/2019\/01\/unnamed-3-225x300.jpg 225w, https:\/\/culturalizabh.com.br\/wp-content\/uploads\/2019\/01\/unnamed-3-131x175.jpg 131w, https:\/\/culturalizabh.com.br\/wp-content\/uploads\/2019\/01\/unnamed-3.jpg 300w\" sizes=\"auto, (max-width: 225px) 100vw, 225px\" \/><\/p>\n<p>&nbsp;<\/p>\n<p>&nbsp;<\/p>\n<p style=\"text-align: left;\"><span style=\"color: #000000;\">O shopping do Lourdes recebe o <strong>Adventure Park<\/strong> at\u00e9 <strong>10 de fevereiro<\/strong>. A atra\u00e7\u00e3o envolve muita imagina\u00e7\u00e3o com uma ponte suspensa a 3 metros de altura, escalada, al\u00e9m de um voo em um jogo de realidade virtual. O\u00a0<em>Mall<\/em>\u00a0preparou um ambiente l\u00fadico, repleto de atividades, que v\u00e3o desde testes f\u00edsicos at\u00e9 testes mentais como labirinto magn\u00e9tico. H\u00e1 entretenimento para v\u00e1rias idades. A montagem \u00e9 in\u00e9dita no Brasil e crian\u00e7as de 2 a 12 anos podem participar. <strong>Entrada gratuita<\/strong>.\u00a0<\/span><\/p>\n<p>&nbsp;<\/p>\n<p>&nbsp;<\/p>\n<h3 style=\"text-align: left;\"><span style=\"color: #ff6600;\"><strong>Shopping Del Rey\u00a0<\/strong><\/span><\/h3>\n<p>&nbsp;<\/p>\n<p><img loading=\"lazy\" decoding=\"async\" class=\"size-medium wp-image-23941 aligncenter\" src=\"https:\/\/culturalizabh.com.br\/wp-content\/uploads\/2019\/01\/Parque-do-Juba-Cred.-Divulga\u00e7\u00e3o-300x182.jpg\" alt=\"\" width=\"300\" height=\"182\" srcset=\"https:\/\/culturalizabh.com.br\/wp-content\/uploads\/2019\/01\/Parque-do-Juba-Cred.-Divulga\u00e7\u00e3o-300x182.jpg 300w, https:\/\/culturalizabh.com.br\/wp-content\/uploads\/2019\/01\/Parque-do-Juba-Cred.-Divulga\u00e7\u00e3o-768x466.jpg 768w, https:\/\/culturalizabh.com.br\/wp-content\/uploads\/2019\/01\/Parque-do-Juba-Cred.-Divulga\u00e7\u00e3o-288x175.jpg 288w, https:\/\/culturalizabh.com.br\/wp-content\/uploads\/2019\/01\/Parque-do-Juba-Cred.-Divulga\u00e7\u00e3o.jpg 900w\" sizes=\"auto, (max-width: 300px) 100vw, 300px\" \/><\/p>\n<p>&nbsp;<\/p>\n<p>&nbsp;<\/p>\n<p style=\"text-align: left;\"><span style=\"color: #000000;\">O <strong>Shopping Del Rey<\/strong> recebe at\u00e9 <strong>10\/03<\/strong> o <strong>Parque do Juba<\/strong>, um super parque de labirintos que promete conquistar pessoas de todas as idades.\u00a0A atra\u00e7\u00e3o reproduz, de forma l\u00fadica, a\u00a0floresta\u00a0que \u00e9 a casa do le\u00e3o Juba, mascote do Clubinho Encantado (playground gratuito do\u00a0Del\u00a0Rey).\u00a0 L\u00e1, a turminha poder\u00e1 se aventurar em um tobog\u00e3 com 3,65 metros de altura, em uma casa da \u00e1rvore e\u00a0nas mais de 1 milh\u00e3o de bolinhas que cercam o espa\u00e7o. Os ingressos custam <strong>R$ 25 (sess\u00e3o de 30 minutos)<\/strong>.<\/span><\/p>\n<p>&nbsp;<\/p>\n<p>&nbsp;<\/p>\n<h3 style=\"text-align: left;\"><span style=\"color: #ff6600;\"><strong>Shopping Esta\u00e7\u00e3o BH\u00a0<\/strong><\/span><\/h3>\n<p>&nbsp;<\/p>\n<p>&nbsp;<\/p>\n<p><img loading=\"lazy\" decoding=\"async\" class=\"size-medium wp-image-23942 aligncenter\" src=\"https:\/\/culturalizabh.com.br\/wp-content\/uploads\/2019\/01\/image004-1-300x211.jpg\" alt=\"\" width=\"300\" height=\"211\" srcset=\"https:\/\/culturalizabh.com.br\/wp-content\/uploads\/2019\/01\/image004-1-300x211.jpg 300w, https:\/\/culturalizabh.com.br\/wp-content\/uploads\/2019\/01\/image004-1-249x175.jpg 249w, https:\/\/culturalizabh.com.br\/wp-content\/uploads\/2019\/01\/image004-1.jpg 534w\" sizes=\"auto, (max-width: 300px) 100vw, 300px\" \/><\/p>\n<p>&nbsp;<\/p>\n<p>&nbsp;<\/p>\n<p><span style=\"color: #000000;\">Se voc\u00ea gosta de dan\u00e7ar, o <strong>Shopping Esta\u00e7\u00e3o BH<\/strong>\u00a0apresenta em sua programa\u00e7\u00e3o de f\u00e9rias, o <strong>Just Dance<\/strong>, onde crian\u00e7as e adultos poder\u00e3o se divertir e dan\u00e7ar ao som de seus \u00eddolos musicais, <strong>at\u00e9 10 de fevereiro<\/strong>, na pra\u00e7a de eventos (piso L1).\u00a0Na brincadeira eletr\u00f4nica, quatro participantes por vez selecionam uma m\u00fasica\u00a0<span class=\"il\">para<\/span>\u00a0imitar a coreografia de um dan\u00e7arino virtual em cima de um palco. Eles fazem os passos enquanto s\u00e3o pontuados de acordo com a precis\u00e3o de seus movimentos.<\/span><\/p>\n<p>&nbsp;<\/p>\n<p>&nbsp;<\/p>\n<h3 style=\"text-align: left;\"><span style=\"color: #ff6600;\"><strong>Power Shopping Center Minas\u00a0<\/strong><\/span><\/h3>\n<p>&nbsp;<\/p>\n<p>&nbsp;<\/p>\n<p><img loading=\"lazy\" decoding=\"async\" class=\"size-medium wp-image-23943 aligncenter\" src=\"https:\/\/culturalizabh.com.br\/wp-content\/uploads\/2019\/01\/Ciranda-Cirsense_cr\u00e9dito_AnnaBelova-300x200.jpg\" alt=\"\" width=\"300\" height=\"200\" srcset=\"https:\/\/culturalizabh.com.br\/wp-content\/uploads\/2019\/01\/Ciranda-Cirsense_cr\u00e9dito_AnnaBelova-300x200.jpg 300w, https:\/\/culturalizabh.com.br\/wp-content\/uploads\/2019\/01\/Ciranda-Cirsense_cr\u00e9dito_AnnaBelova-768x513.jpg 768w, https:\/\/culturalizabh.com.br\/wp-content\/uploads\/2019\/01\/Ciranda-Cirsense_cr\u00e9dito_AnnaBelova-262x175.jpg 262w, https:\/\/culturalizabh.com.br\/wp-content\/uploads\/2019\/01\/Ciranda-Cirsense_cr\u00e9dito_AnnaBelova.jpg 960w\" sizes=\"auto, (max-width: 300px) 100vw, 300px\" \/><\/p>\n<p>&nbsp;<\/p>\n<p style=\"text-align: left;\"><span style=\"color: #000000;\">O shopping da Regi\u00e3o Nordeste de BH preparou uma<strong> programa\u00e7\u00e3o gratuita<\/strong> com muitas oficinas e brincadeiras para crian\u00e7as de 4 a 12. Todas as atividades s\u00e3o realizadas nas <strong>sextas e s\u00e1bados at\u00e9 o dia 26 de janeiro<\/strong>. As atra\u00e7\u00f5es s\u00e3o realizadas em parceria com a equipe <strong>Ciranda de Roda<\/strong>, especializada em recrea\u00e7\u00e3o e atra\u00e7\u00f5es art\u00edsticas.<\/span> <a href=\"https:\/\/centerminas.com\/\">Confira a programa\u00e7\u00e3o completa no site<\/a>.\u00a0<\/p>\n<p class=\"m_6959565581034585706m_-3868880457549605603m_8400809143694737314m_815915988923349507gmail-western\" align=\"justify\">\u00a0<\/p>\n<p align=\"justify\">\u00a0<\/p>\n<h3 align=\"justify\"><span style=\"color: #ff6600;\"><strong>45\u00aa Campanha de Populariza\u00e7\u00e3o do Teatro &amp; Dan\u00e7a<\/strong><\/span><\/h3>\n<p>&nbsp;<\/p>\n<p>&nbsp;<\/p>\n<p><img loading=\"lazy\" decoding=\"async\" class=\"size-medium wp-image-23798 aligncenter\" src=\"https:\/\/culturalizabh.com.br\/wp-content\/uploads\/2019\/01\/f2053cbaa25873b41445fe6e01fde9b5-300x225.jpg\" alt=\"\" width=\"300\" height=\"225\" srcset=\"https:\/\/culturalizabh.com.br\/wp-content\/uploads\/2019\/01\/f2053cbaa25873b41445fe6e01fde9b5-300x225.jpg 300w, https:\/\/culturalizabh.com.br\/wp-content\/uploads\/2019\/01\/f2053cbaa25873b41445fe6e01fde9b5-233x175.jpg 233w, https:\/\/culturalizabh.com.br\/wp-content\/uploads\/2019\/01\/f2053cbaa25873b41445fe6e01fde9b5.jpg 350w\" sizes=\"auto, (max-width: 300px) 100vw, 300px\" \/><\/p>\n<p>&nbsp;<\/p>\n<p>&nbsp;<\/p>\n<p style=\"text-align: left;\"><span style=\"color: #000000;\">A Campanha todo ano nos presenteia com v\u00e1rios espet\u00e1culos e a temporada deste ano come\u00e7a\u00a0vai at\u00e9<strong>\u00a024 de fevereiro<\/strong>\u00a0e conta com\u00a0<strong>166 espet\u00e1culos<\/strong>\u00a0em diversos espa\u00e7os de\u00a0<strong>BH<\/strong>\u00a0e de\u00a0<strong>algumas cidades da regi\u00e3o metropolitana<\/strong>. Al\u00e9m de v\u00e1rias op\u00e7\u00f5es de espet\u00e1culos infantis, outras op\u00e7\u00f5es como drama, dan\u00e7a e com\u00e9dia tamb\u00e9m fazem parte da programa\u00e7\u00e3o.<\/span> <a href=\"https:\/\/culturalizabh.com.br\/index.php\/2019\/01\/08\/programacao-completa-45a-campanha-de-popularizacao-do-teatro-danca\/\">Confira todas as pe\u00e7as clicando aqui<\/a>.\u00a0<\/p>\n","protected":false},"excerpt":{"rendered":"<p>Janeiro \u00e9 um m\u00eas lindo, n\u00e9?! Cheio de renova\u00e7\u00e3o, uma ansiedade enorme pro carnaval e F\u00c9EEEERIAS!!! As crian\u00e7as fazem a festa em casa e, \u00e0s vezes, ficam inquietas, n\u00e3o \u00e9 mesmo? Por isso, separamos v\u00e1rios eventos lindos para os pequenos se divertirem BASTANTE durante esse momento t\u00e3o aguardado! Confira:\u00a0 \u00a0 \u00a0 Casa Fiat de Cultura\u00a0 [&hellip;]<\/p>\n","protected":false},"author":1,"featured_media":23939,"comment_status":"open","ping_status":"closed","sticky":false,"template":"","format":"standard","meta":{"jetpack_post_was_ever_published":false,"_jetpack_newsletter_access":"","_jetpack_dont_email_post_to_subs":false,"_jetpack_newsletter_tier_id":0,"_jetpack_memberships_contains_paywalled_content":false,"_jetpack_memberships_contains_paid_content":false,"footnotes":"","jetpack_publicize_message":"","jetpack_publicize_feature_enabled":true,"jetpack_social_post_already_shared":true,"jetpack_social_options":{"image_generator_settings":{"template":"highway","enabled":false},"version":2}},"categories":[19,14,34,13],"tags":[283,50,4882,46,2957,665],"class_list":["post-23835","post","type-post","status-publish","format-standard","has-post-thumbnail","hentry","category-destaque","category-dicas","category-diversao","category-infantil","tag-cult","tag-cultura","tag-eventos-infantis","tag-infantil","tag-programacao-infantil","tag-shopping"],"jetpack_publicize_connections":[],"jetpack_featured_media_url":"https:\/\/culturalizabh.com.br\/wp-content\/uploads\/2019\/01\/Lucas-DAmbr\u00f3sio.jpg","jetpack_sharing_enabled":true,"jetpack_shortlink":"https:\/\/wp.me\/p864jz-6cr","_links":{"self":[{"href":"https:\/\/culturalizabh.com.br\/index.php\/wp-json\/wp\/v2\/posts\/23835","targetHints":{"allow":["GET"]}}],"collection":[{"href":"https:\/\/culturalizabh.com.br\/index.php\/wp-json\/wp\/v2\/posts"}],"about":[{"href":"https:\/\/culturalizabh.com.br\/index.php\/wp-json\/wp\/v2\/types\/post"}],"author":[{"embeddable":true,"href":"https:\/\/culturalizabh.com.br\/index.php\/wp-json\/wp\/v2\/users\/1"}],"replies":[{"embeddable":true,"href":"https:\/\/culturalizabh.com.br\/index.php\/wp-json\/wp\/v2\/comments?post=23835"}],"version-history":[{"count":8,"href":"https:\/\/culturalizabh.com.br\/index.php\/wp-json\/wp\/v2\/posts\/23835\/revisions"}],"predecessor-version":[{"id":23948,"href":"https:\/\/culturalizabh.com.br\/index.php\/wp-json\/wp\/v2\/posts\/23835\/revisions\/23948"}],"wp:featuredmedia":[{"embeddable":true,"href":"https:\/\/culturalizabh.com.br\/index.php\/wp-json\/wp\/v2\/media\/23939"}],"wp:attachment":[{"href":"https:\/\/culturalizabh.com.br\/index.php\/wp-json\/wp\/v2\/media?parent=23835"}],"wp:term":[{"taxonomy":"category","embeddable":true,"href":"https:\/\/culturalizabh.com.br\/index.php\/wp-json\/wp\/v2\/categories?post=23835"},{"taxonomy":"post_tag","embeddable":true,"href":"https:\/\/culturalizabh.com.br\/index.php\/wp-json\/wp\/v2\/tags?post=23835"}],"curies":[{"name":"wp","href":"https:\/\/api.w.org\/{rel}","templated":true}]}}