{"id":23474,"date":"2018-12-21T18:00:19","date_gmt":"2018-12-21T20:00:19","guid":{"rendered":"http:\/\/culturalizabh.com.br\/?p=23474"},"modified":"2018-12-26T12:12:45","modified_gmt":"2018-12-26T14:12:45","slug":"5-eventos-gratuitos-ou-a-baixo-custo-neste-final-de-semana-em-bh-5","status":"publish","type":"post","link":"https:\/\/culturalizabh.com.br\/index.php\/2018\/12\/21\/5-eventos-gratuitos-ou-a-baixo-custo-neste-final-de-semana-em-bh-5\/","title":{"rendered":"5 eventos gratuitos ou a baixo custo neste final de semana em BH"},"content":{"rendered":"<p style=\"text-align: left;\"><span style=\"color: #000000;\">Ol\u00e1! Fim de ano, clima natalino e muuuuito calor, n\u00e9?! Um bom motivo para voc\u00ea sair de casa pra curtir os v\u00e1rios eventos gratuitos ou a baixo custo de BH!\u00a0<\/span><\/p>\n<p style=\"text-align: left;\">\u00a0<\/p>\n<p style=\"text-align: left;\">\u00a0<\/p>\n<h3 style=\"text-align: left;\"><span style=\"color: #ff6600;\"><a style=\"color: #ff6600;\" href=\"https:\/\/culturalizabh.com.br\/index.php\/2018\/12\/21\/com-o-espetaculo-pequeno-principe-a-orquestra-ouro-preto-encerra-a-temporada-2018\/\">Espet\u00e1culo Pequeno Pr\u00edncipe &#8211; Orquestra Ouro Preto\u00a0<\/a><\/span><\/h3>\n<p style=\"text-align: left;\">\u00a0<\/p>\n<p style=\"text-align: left;\"><img loading=\"lazy\" decoding=\"async\" class=\" wp-image-23469 aligncenter\" src=\"https:\/\/culturalizabh.com.br\/wp-content\/uploads\/2018\/12\/pequenoprincipeouropreto-769x420-300x164.jpg\" alt=\"\" width=\"430\" height=\"235\" srcset=\"https:\/\/culturalizabh.com.br\/wp-content\/uploads\/2018\/12\/pequenoprincipeouropreto-769x420-300x164.jpg 300w, https:\/\/culturalizabh.com.br\/wp-content\/uploads\/2018\/12\/pequenoprincipeouropreto-769x420-768x419.jpg 768w, https:\/\/culturalizabh.com.br\/wp-content\/uploads\/2018\/12\/pequenoprincipeouropreto-769x420-320x175.jpg 320w, https:\/\/culturalizabh.com.br\/wp-content\/uploads\/2018\/12\/pequenoprincipeouropreto-769x420.jpg 769w\" sizes=\"auto, (max-width: 430px) 100vw, 430px\" \/><\/p>\n<p style=\"text-align: left;\">\u00a0<\/p>\n<p style=\"text-align: left;\">\u00a0<span style=\"color: #000000;\">A\u00a0<strong>Orquestra Ouro Preto<\/strong>\u00a0encerra a temporada 2018 com o espet\u00e1culo\u00a0<strong>Pequeno Pr\u00edncipe<\/strong>, nesta sexta (21\/12), em dois hor\u00e1rios, \u00e0s 19h e \u00e0s 21h30 no palco do\u00a0<strong>Grande Teatro do Sesc Palladium<\/strong>. As presenta\u00e7\u00f5es da Orquestra tiveram in\u00edcio em mar\u00e7o e percorreu por diversos estados do nosso pa\u00eds, levando encantamento e emo\u00e7\u00e3o para o p\u00fablico.\u00a0A Orquestra ir\u00e1 apresentar duas r\u00e9citas do espet\u00e1culo o Pequeno Pr\u00edncipe: concerto para narrador e Orquestra.<\/span><\/p>\n<p style=\"text-align: left;\">\u00a0<\/p>\n<p style=\"text-align: left;\"><span style=\"color: #000000;\"><strong>QUANDO:<\/strong> 21\/12 (sexta-feira)<\/span><\/p>\n<p style=\"text-align: left;\"><span style=\"color: #000000;\"><strong>ONDE:<\/strong> Grande Teahtro do Sesc Palladium\u00a0<\/span><\/p>\n<p style=\"text-align: left;\"><span style=\"color: #000000;\"><strong>QUANTO:<\/strong> entre R$8 a R$50<\/span><\/p>\n<p style=\"text-align: left;\">\u00a0<\/p>\n<p style=\"text-align: left;\">\u00a0<\/p>\n<h3 style=\"text-align: left;\"><span style=\"color: #ff6600;\"><a style=\"color: #ff6600;\" href=\"https:\/\/culturalizabh.com.br\/index.php\/2018\/12\/20\/thiago-delegado-e-o-convidado-do-espaco-do-ar-neste-sabado\/\">Thiago Delegado se apresenta no Espa\u00e7o DO AR\u00a0<\/a><\/span><\/h3>\n<p style=\"text-align: left;\">\u00a0<\/p>\n<p style=\"text-align: left;\"><img loading=\"lazy\" decoding=\"async\" class=\" wp-image-23447 aligncenter\" src=\"https:\/\/culturalizabh.com.br\/wp-content\/uploads\/2018\/12\/Thiago-Delegado-foto-Beth-Freitas_red-300x200.jpg\" alt=\"\" width=\"461\" height=\"307\" srcset=\"https:\/\/culturalizabh.com.br\/wp-content\/uploads\/2018\/12\/Thiago-Delegado-foto-Beth-Freitas_red-300x200.jpg 300w, https:\/\/culturalizabh.com.br\/wp-content\/uploads\/2018\/12\/Thiago-Delegado-foto-Beth-Freitas_red-768x512.jpg 768w, https:\/\/culturalizabh.com.br\/wp-content\/uploads\/2018\/12\/Thiago-Delegado-foto-Beth-Freitas_red-1024x683.jpg 1024w, https:\/\/culturalizabh.com.br\/wp-content\/uploads\/2018\/12\/Thiago-Delegado-foto-Beth-Freitas_red-262x175.jpg 262w\" sizes=\"auto, (max-width: 461px) 100vw, 461px\" \/><\/p>\n<p style=\"text-align: left;\">\u00a0<\/p>\n<p style=\"text-align: left;\"><span style=\"color: #000000;\">Neste s\u00e1bado (22\/12),\u00a0 encerrando a agenda do ano, o\u00a0<strong>Espa\u00e7o DO AR\u00a0<\/strong>recebe o violonista e compositor\u00a0<strong>Thiago Delegado<\/strong>, refer\u00eancia nacional na execu\u00e7\u00e3o do viol\u00e3o de sete cordas. Apresentador do programa semanal\u00a0<strong>\u201cA hora do improviso\u201d,\u00a0<\/strong>na R\u00e1dio Inconfid\u00eancia e na Rede Minas, e do jam session\u00a0<strong>\u201cDelegasCia\u201d<\/strong>, no pub A Casa de Cultura, o mineiro transita por diversas influ\u00eancias, como bossa nova, jazz, choro e samba e faz show de can\u00e7\u00f5es autorais e releituras de antigos temas.<\/span><\/p>\n<p style=\"text-align: left;\">\u00a0<\/p>\n<p style=\"text-align: left;\"><span style=\"color: #000000;\"><strong>QUANDO:<\/strong> 22\/12 (s\u00e1bado)<\/span><\/p>\n<p style=\"text-align: left;\"><span style=\"color: #000000;\"><strong>ONDE:<\/strong> Espa\u00e7o DO AR<\/span><\/p>\n<p style=\"text-align: left;\"><span style=\"color: #000000;\"><strong>QUANTO:<\/strong> R$15<\/span><\/p>\n<p>&nbsp;<\/p>\n<h3 class=\"entry-title\" style=\"text-align: left;\"><span style=\"color: #ff6600;\"><a style=\"color: #ff6600;\" href=\"https:\/\/culturalizabh.com.br\/index.php\/2018\/12\/19\/oitava-edicao-do-love-wine\/\">Oitava Edi\u00e7\u00e3o Do Love Wine<\/a><\/span><\/h3>\n<p>&nbsp;<\/p>\n<p><img loading=\"lazy\" decoding=\"async\" class=\"wp-image-23435 size-large\" src=\"https:\/\/culturalizabh.com.br\/wp-content\/uploads\/2018\/12\/lovewine_foto_enancorreia_qu4rto-studio6-1024x625.jpg\" alt=\"\" width=\"640\" height=\"391\" srcset=\"https:\/\/culturalizabh.com.br\/wp-content\/uploads\/2018\/12\/lovewine_foto_enancorreia_qu4rto-studio6-1024x625.jpg 1024w, https:\/\/culturalizabh.com.br\/wp-content\/uploads\/2018\/12\/lovewine_foto_enancorreia_qu4rto-studio6-300x183.jpg 300w, https:\/\/culturalizabh.com.br\/wp-content\/uploads\/2018\/12\/lovewine_foto_enancorreia_qu4rto-studio6-768x469.jpg 768w, https:\/\/culturalizabh.com.br\/wp-content\/uploads\/2018\/12\/lovewine_foto_enancorreia_qu4rto-studio6-287x175.jpg 287w, https:\/\/culturalizabh.com.br\/wp-content\/uploads\/2018\/12\/lovewine_foto_enancorreia_qu4rto-studio6.jpg 1847w\" sizes=\"auto, (max-width: 640px) 100vw, 640px\" \/><\/p>\n<p>&nbsp;<\/p>\n<p style=\"text-align: left;\"><span style=\"color: #000000;\">Depois de comemorar o anivers\u00e1rio de um ano, o\u00a0<strong>Love Wine<\/strong>\u00a0encerra 2018 com mais uma grande festa para toda a fam\u00edlia! Para sua oitava edi\u00e7\u00e3o, foram selecionados cerca de\u00a0<strong>40 r\u00f3tulos de vinho<\/strong>, gastronomia diversificada e atra\u00e7\u00f5es musicais.<\/span><\/p>\n<p>&nbsp;<\/p>\n<p>&nbsp;<\/p>\n<p style=\"text-align: left;\"><span style=\"color: #000000;\"><strong>QUANDO:<\/strong> 22\/12 (s\u00e1bado)<\/span><\/p>\n<p style=\"text-align: left;\"><span style=\"color: #000000;\"><strong>ONDE:\u00a0<\/strong>Avenida Professor Cristovam dos Santos, n\u00ba 444, Belvedere \u2013 Belo Horizonte\/MG<\/span><\/p>\n<p style=\"text-align: left;\"><span style=\"color: #000000;\"><strong>QUANTO:<\/strong> R$ 20 (entrada at\u00e9 14:00) | R$ 30 (entrada at\u00e9 17:00) | R$ 50 (entrada em qualquer hor\u00e1rio)<\/span><\/p>\n<p>&nbsp;<\/p>\n<p style=\"text-align: left;\">\u00a0<\/p>\n<h3 style=\"text-align: left;\"><span style=\"color: #ff6600;\"><strong>Hoje o Escuro Vai Atrasar Para que Possamos Conversar<\/strong><\/span><\/h3>\n<p style=\"text-align: left;\">\u00a0<\/p>\n<p style=\"text-align: left;\"><img loading=\"lazy\" decoding=\"async\" class=\" wp-image-23361 aligncenter\" src=\"https:\/\/culturalizabh.com.br\/wp-content\/uploads\/2018\/12\/6_-_hoje_o_escuro_vai_atrasar_grupo_xix_de_teatro_foto_jonatas_marques-300x225.jpg\" sizes=\"auto, (max-width: 380px) 100vw, 380px\" srcset=\"https:\/\/culturalizabh.com.br\/wp-content\/uploads\/2018\/12\/6_-_hoje_o_escuro_vai_atrasar_grupo_xix_de_teatro_foto_jonatas_marques-300x225.jpg 300w, https:\/\/culturalizabh.com.br\/wp-content\/uploads\/2018\/12\/6_-_hoje_o_escuro_vai_atrasar_grupo_xix_de_teatro_foto_jonatas_marques-233x175.jpg 233w, https:\/\/culturalizabh.com.br\/wp-content\/uploads\/2018\/12\/6_-_hoje_o_escuro_vai_atrasar_grupo_xix_de_teatro_foto_jonatas_marques.jpg 400w\" alt=\"\" width=\"380\" height=\"285\" \/><\/p>\n<p style=\"text-align: left;\">\u00a0<\/p>\n<p style=\"text-align: left;\"><span style=\"color: #000000;\">Est\u00e1 em cartaz, no\u00a0<strong>CCBB-BH<\/strong>,\u00a0 o espet\u00e1culo<strong>\u00a0\u201cHoje o Escuro Vai Atrasar Para que Possamos Conversar\u201d<\/strong>\u00a0do\u00a0<strong>Grupo XIX<\/strong>\u00a0de S\u00e3o Paulo!\u00a0Esse \u00e9 primeiro espet\u00e1culo infantil do grupo e tem como principal objetivo apresentar os efeitos da discrimina\u00e7\u00e3o e do tratamento indesejado para as crian\u00e7as.<\/span><\/p>\n<p style=\"text-align: left;\">\u00a0<\/p>\n<p style=\"text-align: left;\"><span style=\"color: #000000;\"><b>QUANDO:<\/b>\u00a0at\u00e9 23\/12 (sexta a segunda)<\/span><\/p>\n<p style=\"text-align: left;\"><span style=\"color: #000000;\"><b>ONDE:<\/b>\u00a0CCBB-BH \u2013 Pra\u00e7a da Liberdade\u00a0<\/span><\/p>\n<p style=\"text-align: left;\"><span style=\"color: #000000;\"><b>QUANTO:<\/b>\u00a0R$ 30<\/span><\/p>\n<p style=\"text-align: left;\">\u00a0<\/p>\n<p>&nbsp;<\/p>\n<h3 style=\"text-align: left;\"><a href=\"https:\/\/culturalizabh.com.br\/index.php\/2018\/12\/19\/feira-de-artesanato-do-mineirinho-celebra-natal-com-entrada-gratuita\/\">Feirinha de Artesanato do Mineirinho\u00a0<\/a><\/h3>\n<p style=\"text-align: left;\">\u00a0<\/p>\n<p style=\"text-align: left;\"><img loading=\"lazy\" decoding=\"async\" class=\"size-medium wp-image-23416 aligncenter\" src=\"https:\/\/culturalizabh.com.br\/wp-content\/uploads\/2018\/12\/logo-300x300.jpg\" alt=\"\" width=\"300\" height=\"300\" srcset=\"https:\/\/culturalizabh.com.br\/wp-content\/uploads\/2018\/12\/logo-300x300.jpg 300w, https:\/\/culturalizabh.com.br\/wp-content\/uploads\/2018\/12\/logo-150x150.jpg 150w, https:\/\/culturalizabh.com.br\/wp-content\/uploads\/2018\/12\/logo-175x175.jpg 175w, https:\/\/culturalizabh.com.br\/wp-content\/uploads\/2018\/12\/logo.jpg 520w\" sizes=\"auto, (max-width: 300px) 100vw, 300px\" \/><\/p>\n<p style=\"text-align: left;\">\u00a0<\/p>\n<p style=\"text-align: left;\"><span style=\"color: #000000;\">Em comemora\u00e7\u00e3o \u00e0 chegada do Natal, a\u00a0<strong>Feira de Artesanato do Mineirinho<\/strong> ir\u00e1 presentear o p\u00fablico com uma grande festa no dia 23 de dezembro, das 10h \u00e0s 18h, que contar\u00e1 grandes shows de pop rock, samba e pagode, come\u00e7ando ao som da banda de forr\u00f3\u00a0<strong>Chinela Veia<\/strong>. Haver\u00e1 uma grande roda de samba com o grupo de pagode <strong>Diga L\u00e1<\/strong> e a banda <strong>Mais 80<\/strong> apresenta os embalos dos anos 80 com a banda\u00a0<strong>Mais 80<\/strong>.\u00a0<\/span><\/p>\n<p style=\"text-align: left;\">\u00a0<\/p>\n<p style=\"text-align: left;\"><span style=\"color: #000000;\"><strong>QUANDO:<\/strong> 23\/12 (domingo)<\/span><\/p>\n<p style=\"text-align: left;\"><span style=\"color: #000000;\"><strong>ONDE:<\/strong> Mineirinho &#8211;\u00a0Av. Ant\u00f4nio Abrah\u00e3o Caram, 1000, S\u00e3o Jos\u00e9, Pampulha<\/span><\/p>\n<p style=\"text-align: left;\"><span style=\"color: #000000;\"><strong>QUANTO:<\/strong>\u00a0Entrada e estacionamento gratuitos<\/span><\/p>\n<p>&nbsp;<\/p>\n<p>&nbsp;<\/p>\n<p>&nbsp;<\/p>\n<p style=\"text-align: left;\">\u00a0<\/p>\n<h2 style=\"text-align: left;\"><a href=\"https:\/\/culturalizabh.com.br\/index.php\/2018\/12\/19\/8-eventos-natalinos-gratuitos-nesta-semana-em-bh-confira\/\">Veja eventos natalinos gratuitos clicando aqui!\u00a0<\/a><\/h2>\n<p style=\"text-align: left;\">\u00a0<\/p>\n<p style=\"text-align: left;\">\u00a0<\/p>\n<h3 style=\"text-align: left;\"><strong>Apoio:\u00a0<\/strong><\/h3>\n<p><a href=\"https:\/\/culturalizabh.com.br\/index.php\/2018\/11\/23\/5-eventos-gratuitos-ou-a-baixo-custo-neste-final-de-semana-em-bh-4\/tvcbh.com,br\"><img decoding=\"async\" class=\"alignleft\" src=\"https:\/\/culturalizabh.com.br\/wp-content\/uploads\/2018\/05\/14115424_996083760509965_1901139811948043669_o.png\" \/><\/a><\/p>\n","protected":false},"excerpt":{"rendered":"<p>Ol\u00e1! Fim de ano, clima natalino e muuuuito calor, n\u00e9?! Um bom motivo para voc\u00ea sair de casa pra curtir os v\u00e1rios eventos gratuitos ou a baixo custo de BH!\u00a0 \u00a0 \u00a0 Espet\u00e1culo Pequeno Pr\u00edncipe &#8211; Orquestra Ouro Preto\u00a0 \u00a0 \u00a0 \u00a0A\u00a0Orquestra Ouro Preto\u00a0encerra a temporada 2018 com o espet\u00e1culo\u00a0Pequeno Pr\u00edncipe, nesta sexta (21\/12), em [&hellip;]<\/p>\n","protected":false},"author":1,"featured_media":23447,"comment_status":"open","ping_status":"closed","sticky":false,"template":"","format":"standard","meta":{"jetpack_post_was_ever_published":false,"_jetpack_newsletter_access":"","_jetpack_dont_email_post_to_subs":true,"_jetpack_newsletter_tier_id":0,"_jetpack_memberships_contains_paywalled_content":false,"_jetpack_memberships_contains_paid_content":false,"footnotes":"","jetpack_publicize_message":"","jetpack_publicize_feature_enabled":true,"jetpack_social_post_already_shared":true,"jetpack_social_options":{"image_generator_settings":{"template":"highway","enabled":false},"version":2}},"categories":[3641,3537],"tags":[50,983,653,161,1611,158,33,36],"class_list":["post-23474","post","type-post","status-publish","format-standard","has-post-thumbnail","hentry","category-drops-cultural","category-gratuito-ou-a-baixo-custo","tag-cultura","tag-dicas","tag-eventos","tag-gastronomia","tag-gratuito","tag-musica","tag-show","tag-teatro"],"jetpack_publicize_connections":[],"jetpack_featured_media_url":"https:\/\/culturalizabh.com.br\/wp-content\/uploads\/2018\/12\/Thiago-Delegado-foto-Beth-Freitas_red.jpg","jetpack_sharing_enabled":true,"jetpack_shortlink":"https:\/\/wp.me\/p864jz-66C","_links":{"self":[{"href":"https:\/\/culturalizabh.com.br\/index.php\/wp-json\/wp\/v2\/posts\/23474","targetHints":{"allow":["GET"]}}],"collection":[{"href":"https:\/\/culturalizabh.com.br\/index.php\/wp-json\/wp\/v2\/posts"}],"about":[{"href":"https:\/\/culturalizabh.com.br\/index.php\/wp-json\/wp\/v2\/types\/post"}],"author":[{"embeddable":true,"href":"https:\/\/culturalizabh.com.br\/index.php\/wp-json\/wp\/v2\/users\/1"}],"replies":[{"embeddable":true,"href":"https:\/\/culturalizabh.com.br\/index.php\/wp-json\/wp\/v2\/comments?post=23474"}],"version-history":[{"count":3,"href":"https:\/\/culturalizabh.com.br\/index.php\/wp-json\/wp\/v2\/posts\/23474\/revisions"}],"predecessor-version":[{"id":23477,"href":"https:\/\/culturalizabh.com.br\/index.php\/wp-json\/wp\/v2\/posts\/23474\/revisions\/23477"}],"wp:featuredmedia":[{"embeddable":true,"href":"https:\/\/culturalizabh.com.br\/index.php\/wp-json\/wp\/v2\/media\/23447"}],"wp:attachment":[{"href":"https:\/\/culturalizabh.com.br\/index.php\/wp-json\/wp\/v2\/media?parent=23474"}],"wp:term":[{"taxonomy":"category","embeddable":true,"href":"https:\/\/culturalizabh.com.br\/index.php\/wp-json\/wp\/v2\/categories?post=23474"},{"taxonomy":"post_tag","embeddable":true,"href":"https:\/\/culturalizabh.com.br\/index.php\/wp-json\/wp\/v2\/tags?post=23474"}],"curies":[{"name":"wp","href":"https:\/\/api.w.org\/{rel}","templated":true}]}}