{"id":23214,"date":"2018-12-09T14:17:07","date_gmt":"2018-12-09T16:17:07","guid":{"rendered":"http:\/\/culturalizabh.com.br\/?p=23214"},"modified":"2018-12-09T14:17:07","modified_gmt":"2018-12-09T16:17:07","slug":"galeria-periscopio-arte-contemporanea-abre-exposicao-republica-da-cobra","status":"publish","type":"post","link":"https:\/\/culturalizabh.com.br\/index.php\/2018\/12\/09\/galeria-periscopio-arte-contemporanea-abre-exposicao-republica-da-cobra\/","title":{"rendered":"Galeria Perisc\u00f3pio Arte Contempor\u00e2nea abre exposi\u00e7\u00e3o \u201cRep\u00fablica da Cobra\u201d"},"content":{"rendered":"<p style=\"text-align: left;\">A<strong>\u00a0Galeria Perisc\u00f3pio Arte Contempor\u00e2nea<\/strong>, abre a exposi\u00e7\u00e3o\u00a0\u00a0<strong>\u201cRep\u00fablica da Cobra\u201d<\/strong>, elaborada a partir de trabalhos in\u00e9ditos e passados dos artistas <strong>Randolpho Lamonier e Thiago Martins de Melo<\/strong>, com curadoria de <strong>Germano Dush\u00e1<\/strong>. A mostra apresenta pinturas, bordados e instala\u00e7\u00f5es at\u00e9 5 de janeiro de 2019.<\/p>\n<p style=\"text-align: left;\">\u00a0<\/p>\n<p style=\"text-align: left;\">Os artistas explicam que o t\u00edtulo da exposi\u00e7\u00e3o \u00e9 uma alus\u00e3o ao mito da<strong> \u201cCobra Grande\u201d<\/strong> de algumas tribos ind\u00edgenas que amea\u00e7ava a vida dos \u00edndios como um perigo constante. A exposi\u00e7\u00e3o \u00e9 um questionamento para cada pessoa: o que seria essa tal cobra grande dentro do contexto de rep\u00fablica em que vivemos?<\/p>\n<p style=\"text-align: left;\">\u00a0<\/p>\n<p style=\"text-align: left;\"><strong>Randolpho Lamonier<\/strong> desenvolveu sua pesquisa visual entre a periferia industrial de sua cidade natal, Contagem, e os grandes centros urbanos. Ele conta que esses cen\u00e1rios refletem a urg\u00eancia na constru\u00e7\u00e3o de identidades individuais e coletivas. Nos cruzamentos entre a vida \u00edntima e os assuntos de ordem p\u00fablica, se define uma articula\u00e7\u00e3o entre micro e macro pol\u00edtica, um estado constante de reflex\u00e3o e insurg\u00eancia que se faz presente no menor dos gestos uma postura cr\u00edtica sobre o estado de normalidade.<\/p>\n<p style=\"text-align: left;\">\u00a0<\/p>\n<p style=\"text-align: left;\">As pinturas do maranhense <strong>Thiago Martins de Melo<\/strong> exibem um barroco pr\u00f3prio, anacr\u00f4nico e an\u00e1rquico com cores vibrantes, cen\u00e1rios e situa\u00e7\u00f5es ocupadas pelo que h\u00e1 de mais nefasto debaixo do c\u00e9u e tamb\u00e9m por uma energia ancestral que se faz sentir em toda luta de quem resiste. Ele afirma que no lugar das esferas de protagonismo e da distribui\u00e7\u00e3o cl\u00e1ssica de pap\u00e9is, muitas vozes, antes condenadas \u00e0s margens, revelam suas pot\u00eancias. Nessas conjunturas complexas, h\u00e1 arte e guerra, c\u00e1lculo e misticismo, press\u00e1gio e documenta\u00e7\u00e3o.<\/p>\n<p style=\"text-align: left;\">\u00a0<\/p>\n<p style=\"text-align: left;\"><strong>Programe-se!<\/strong><\/p>\n<p style=\"text-align: left;\"><strong>Quando:<\/strong> 21 de novembro at\u00e9\u00a05 de janeiro 2019.<\/p>\n<p style=\"text-align: left;\"><strong>Hora:<\/strong> Segunda a sexta, 10h \u00e0s 18h30\/ S\u00e1bado, 10h \u00e0s 14h.<\/p>\n<p style=\"text-align: left;\"><strong>Onde:<\/strong> Galeria Perisc\u00f3pio. Avenida \u00c1lvares Cabral, 534, Lourdes.<\/p>\n","protected":false},"excerpt":{"rendered":"<p>A\u00a0Galeria Perisc\u00f3pio Arte Contempor\u00e2nea, abre a exposi\u00e7\u00e3o\u00a0\u00a0\u201cRep\u00fablica da Cobra\u201d, elaborada a partir de trabalhos in\u00e9ditos e passados dos artistas Randolpho Lamonier e Thiago Martins de Melo, com curadoria de Germano Dush\u00e1. A mostra apresenta pinturas, bordados e instala\u00e7\u00f5es at\u00e9 5 de janeiro de 2019. \u00a0 Os artistas explicam que o t\u00edtulo da exposi\u00e7\u00e3o \u00e9 uma [&hellip;]<\/p>\n","protected":false},"author":34,"featured_media":23216,"comment_status":"open","ping_status":"closed","sticky":false,"template":"","format":"standard","meta":{"jetpack_post_was_ever_published":false,"_jetpack_newsletter_access":"","_jetpack_dont_email_post_to_subs":false,"_jetpack_newsletter_tier_id":0,"_jetpack_memberships_contains_paywalled_content":false,"_jetpack_memberships_contains_paid_content":false,"footnotes":"","jetpack_publicize_message":"","jetpack_publicize_feature_enabled":true,"jetpack_social_post_already_shared":true,"jetpack_social_options":{"image_generator_settings":{"template":"highway","enabled":false},"version":2}},"categories":[1,14,10],"tags":[],"class_list":["post-23214","post","type-post","status-publish","format-standard","has-post-thumbnail","hentry","category-culturaliza","category-dicas","category-exposicoes"],"jetpack_publicize_connections":[],"jetpack_featured_media_url":"https:\/\/culturalizabh.com.br\/wp-content\/uploads\/2018\/12\/image001-1.jpg","jetpack_sharing_enabled":true,"jetpack_shortlink":"https:\/\/wp.me\/p864jz-62q","_links":{"self":[{"href":"https:\/\/culturalizabh.com.br\/index.php\/wp-json\/wp\/v2\/posts\/23214","targetHints":{"allow":["GET"]}}],"collection":[{"href":"https:\/\/culturalizabh.com.br\/index.php\/wp-json\/wp\/v2\/posts"}],"about":[{"href":"https:\/\/culturalizabh.com.br\/index.php\/wp-json\/wp\/v2\/types\/post"}],"author":[{"embeddable":true,"href":"https:\/\/culturalizabh.com.br\/index.php\/wp-json\/wp\/v2\/users\/34"}],"replies":[{"embeddable":true,"href":"https:\/\/culturalizabh.com.br\/index.php\/wp-json\/wp\/v2\/comments?post=23214"}],"version-history":[{"count":3,"href":"https:\/\/culturalizabh.com.br\/index.php\/wp-json\/wp\/v2\/posts\/23214\/revisions"}],"predecessor-version":[{"id":23218,"href":"https:\/\/culturalizabh.com.br\/index.php\/wp-json\/wp\/v2\/posts\/23214\/revisions\/23218"}],"wp:featuredmedia":[{"embeddable":true,"href":"https:\/\/culturalizabh.com.br\/index.php\/wp-json\/wp\/v2\/media\/23216"}],"wp:attachment":[{"href":"https:\/\/culturalizabh.com.br\/index.php\/wp-json\/wp\/v2\/media?parent=23214"}],"wp:term":[{"taxonomy":"category","embeddable":true,"href":"https:\/\/culturalizabh.com.br\/index.php\/wp-json\/wp\/v2\/categories?post=23214"},{"taxonomy":"post_tag","embeddable":true,"href":"https:\/\/culturalizabh.com.br\/index.php\/wp-json\/wp\/v2\/tags?post=23214"}],"curies":[{"name":"wp","href":"https:\/\/api.w.org\/{rel}","templated":true}]}}