{"id":2316,"date":"2017-03-04T22:00:37","date_gmt":"2017-03-05T01:00:37","guid":{"rendered":"http:\/\/culturalizabh.com.br\/?p=2316"},"modified":"2017-03-06T10:41:21","modified_gmt":"2017-03-06T13:41:21","slug":"bh-ao-ar-livre-promove-atividades-em-varios-pontos-da-capital","status":"publish","type":"post","link":"https:\/\/culturalizabh.com.br\/index.php\/2017\/03\/04\/bh-ao-ar-livre-promove-atividades-em-varios-pontos-da-capital\/","title":{"rendered":"BH Ao Ar Livre promove atividades em v\u00e1rios pontos da capital"},"content":{"rendered":"<p style=\"text-align: left;\"><span style=\"color: #000000;\">O projeto <strong>BH Ao Ar Livre<\/strong> chega em mais um fim de semana para te fazer sair um pouco de casa e curtir o calor\u00e3o na rua, com muita cultura e intera\u00e7\u00f5es! Separamos todas as atra\u00e7\u00f5es e atividades que v\u00e3o rolar neste s\u00e1bado e domingo para voc\u00ea n\u00e3o perder NADA! D\u00ea uma olhadinha a\u00ed:<\/span><\/p>\n<p style=\"text-align: left;\">\u00a0<\/p>\n<p style=\"text-align: left;\"><span style=\"font-size: 24px; color: #000000;\"><strong>S\u00e1bado (04\/03)<\/strong><\/span><\/p>\n<p style=\"text-align: left;\">\u00a0<\/p>\n<p style=\"text-align: left;\"><span style=\"color: #000000;\"><b>Projeto \u201cBasquete Popular no Bairro\u201d<\/b><\/span><\/p>\n<p style=\"text-align: left;\">\u00a0<\/p>\n<p style=\"text-align: left;\"><span style=\"color: #000000;\">Este \u00e9 para que quer aprender ou desenvolver os fundamentos do basquete. Homens e mulheres, de\u00a0todas as idades, podem participar. Mais informa\u00e7\u00f5es e hor\u00e1rios: com o \u201cProfessor\u201d na quadra do parque.<\/span><\/p>\n<p style=\"text-align: left;\">\u00a0<\/p>\n<p style=\"text-align: left;\"><span style=\"color: #000000;\"><strong>Recomenda\u00e7\u00f5es:<\/strong> Use t\u00eanis, short e camiseta. Leve uma bola de basquete, se tiver<\/span><\/p>\n<p style=\"text-align: left;\">\u00a0<\/p>\n<p style=\"text-align: left;\"><span style=\"color: #000000;\"><strong>Quando:<\/strong> todos os s\u00e1bados<\/span><br \/>\n<span style=\"color: #000000;\"><strong>Hora:<\/strong> a partir das 9h<\/span><br \/>\n<span style=\"color: #000000;\"><strong>Onde:<\/strong> Parque Vencesli Firmino da Silva (Rua dos Agr\u00f4nomos, 285 \u2013 Bairro Al\u00edpio de Melo)<\/span><br \/>\n<span style=\"color: #000000;\"><strong>Valor:<\/strong> Gratuito\u00a0<\/span><\/p>\n<p style=\"text-align: left;\">\u00a0<\/p>\n<p style=\"text-align: left;\"><span style=\"color: #000000;\"><b>Projeto Encontro Marcado com Fernando Sabino<\/b><\/span><\/p>\n<p style=\"text-align: left;\">\u00a0<\/p>\n<p style=\"text-align: left;\"><span style=\"color: #000000;\">Uma oficina de percuss\u00e3o, confec\u00e7\u00e3o de instrumentos musicais e recrea\u00e7\u00e3o infantil com Mestre Am\u00e2ncio &#8211; brincante, arte educador, pesquisador da cultura da inf\u00e2ncia, compositor e m\u00fasico. A realiza\u00e7\u00e3o \u00e9 do Instituto Fernando Sabino, em parceria com a Funda\u00e7\u00e3o de Parques Municipais.<\/span><\/p>\n<p style=\"text-align: left;\">\u00a0<\/p>\n<p style=\"text-align: left;\"><span style=\"color: #000000;\"><strong>Recomenda\u00e7\u00f5es:<\/strong> Levar garrafa pet, latas vazias e limpas, tampinhas<\/span><br \/>\n<span style=\"color: #000000;\"><b>\u00a0<\/b><\/span><\/p>\n<p style=\"text-align: left;\"><span style=\"color: #000000;\"><strong>Quando:<\/strong> todos os s\u00e1bados<\/span><br \/>\n<span style=\"color: #000000;\"><strong>Hora:<\/strong> 10h \u00e0s 13h<\/span><br \/>\n<span style=\"color: #000000;\"><strong>Onde:<\/strong> Fazenda Lagoa do Nado (Rua Desembargador Lincoln Prates, 240 \u2013 Bairro Itapo\u00e3)<\/span><\/p>\n<p style=\"text-align: left;\"><span style=\"color: #000000;\"><b>\u00a0<\/b><\/span><br \/>\n<span style=\"color: #000000;\"><b>Tai Chi Chuan<\/b><\/span><\/p>\n<p style=\"text-align: left;\">\u00a0<\/p>\n<p style=\"text-align: left;\"><span style=\"color: #000000;\">Que tal aprender ou desenvolver mais Tai Chi Chuan dentro do parque? Esta atividade te proporciona isso.\u00a0<\/span><\/p>\n<p style=\"text-align: left;\">\u00a0<\/p>\n<p style=\"text-align: left;\"><span style=\"color: #000000;\"><strong>Recomenda\u00e7\u00f5es:\u00a0<\/strong>Os interessados dever\u00e3o se inscrever com o Prof. Jos\u00e9 Marcelo <\/span><br \/>\n<span style=\"color: #000000;\">pelo <a style=\"color: #000000;\" href=\"mailto:e-mailmarcellogiffoni@gmail.com\">e-mailmarcellogiffoni@gmail.com<\/a>\u00a0 ou pelo tel: (31) 99945-3938<\/span><\/p>\n<p style=\"text-align: left;\"><span style=\"color: #000000;\"><b>\u00a0<\/b><\/span><br \/>\n<span style=\"color: #000000;\"><strong>Quando:<\/strong> todos os s\u00e1bados<\/span><br \/>\n<span style=\"color: #000000;\"><strong>Hora:<\/strong> 8h \u00e0s 9h30<\/span><br \/>\n<span style=\"color: #000000;\"><strong>Onde:\u00a0<\/strong>Parque Municipal Am\u00e9rico Renn\u00e9 Giannetti (Av. Afonso Pena, 1.377 \u2013 Centro)<\/span><\/p>\n<p style=\"text-align: left;\">\u00a0<\/p>\n<p style=\"text-align: left;\"><span style=\"color: #000000;\"><b>Lian Gong<\/b><\/span><\/p>\n<p>&nbsp;<\/p>\n<p style=\"text-align: left;\"><span style=\"color: #000000;\">Que tal aprender ou desenvolver mais Lian Gong dentro do parque? Esta atividade te proporciona isso.\u00a0<\/span><\/p>\n<p style=\"text-align: left;\">\u00a0<\/p>\n<p style=\"text-align: left;\"><span style=\"color: #000000;\"><strong>Quando:<\/strong> todos os s\u00e1bados<\/span><br \/>\n<span style=\"color: #000000;\"><strong>Hora:<\/strong> 9h \u00e0s 10h<\/span><br \/>\n<span style=\"color: #000000;\"><strong>Onde:<\/strong> Parque Municipal Am\u00e9rico Renn\u00e9 Giannetti (Av. Afonso Pena, 1.377 \u2013 Centro)<\/span><br \/>\n<span style=\"color: #000000;\">Informa\u00e7\u00f5es: (31)3277-5225\u00a0<\/span><\/p>\n<p style=\"text-align: left;\">\u00a0<\/p>\n<p style=\"text-align: left;\"><span style=\"font-size: 24px; color: #000000;\"><strong>Domingo (05\/03)<\/strong><\/span><\/p>\n<p style=\"text-align: left;\"><span style=\"color: #000000;\">\u00a0 <\/span><br \/>\n<span style=\"color: #000000;\"><strong>Forr\u00f3 no ParqueData<\/strong><\/span><\/p>\n<p style=\"text-align: left;\"><span style=\"color: #000000;\">Um bom forrozinho dentro do Parque Municipal para trazer aquela sensa\u00e7\u00e3o de alegria e liberdade.\u00a0<\/span><\/p>\n<p style=\"text-align: left;\">\u00a0<\/p>\n<p style=\"text-align: left;\"><span style=\"color: #000000;\"><strong>Hora:<\/strong> 14h \u00e0s 17h30<\/span><br \/>\n<span style=\"color: #000000;\"><strong>Onde:<\/strong> Parque Municipal Am\u00e9rico Renn\u00e9 Giannetti (Pra\u00e7a do Trenzinho) (Av. Afonso Pena, 1.377 \u2013 Centro)<b><\/b><\/span><\/p>\n<p style=\"text-align: left;\">\u00a0<\/p>\n<p style=\"text-align: left;\"><strong>Yoga nos Parque<\/strong><\/p>\n<p style=\"text-align: left;\">\u00a0<\/p>\n<p style=\"text-align: left;\"><span style=\"color: #000000;\">Muita calmaria para iniciar a sua semana de forma bem relaxante.\u00a0<\/span><\/p>\n<p style=\"text-align: left;\">\u00a0<\/p>\n<p style=\"text-align: left;\"><span style=\"color: #000000;\"><b>Recomenda\u00e7\u00f5es:<\/b>\u00a0Use roupas confort\u00e1veis e leve um tapetinho ou canga<\/span><\/p>\n<p style=\"text-align: left;\"><span style=\"color: #000000;\"><b><br \/>\nHora: <\/b>9h<b><br \/>\nOnde: <\/b>Parque Municipal Am\u00e9rico Renn\u00e9 Giannetti (Av. Afonso Pena, 1.377 \u2013 Centro)<b><br \/>\nRealiza\u00e7\u00e3o: <\/b>Amyoga<b><\/b><\/span><\/p>\n<p style=\"text-align: left;\">\u00a0<\/p>\n<p style=\"text-align: left;\"><strong>Yoga nos ParquesData<\/strong><\/p>\n<p style=\"text-align: left;\">\u00a0<\/p>\n<p style=\"text-align: left;\"><span style=\"color: #000000;\">Muita calmaria para iniciar a sua semana de forma bem relaxante.\u00a0<\/span><\/p>\n<p style=\"text-align: left;\">\u00a0<\/p>\n<p style=\"text-align: left;\"><span style=\"color: #000000;\"><b>Recomenda\u00e7\u00f5es:\u00a0<\/b>Use roupas confort\u00e1veis e leve um tapetinho ou canga<\/span><\/p>\n<p style=\"text-align: left;\"><span style=\"color: #000000;\"><b><br \/>\nHora:<\/b> 9h<b><br \/>\nOnde: <\/b>Parque Fazenda Lagoa do Nado (Rua Desembargador Lincoln Prates, 240 \u2013 Bairro Itapo\u00e3)<\/span><b><\/b><\/p>\n","protected":false},"excerpt":{"rendered":"<p>O projeto BH Ao Ar Livre chega em mais um fim de semana para te fazer sair um pouco de casa e curtir o calor\u00e3o na rua, com muita cultura e intera\u00e7\u00f5es! Separamos todas as atra\u00e7\u00f5es e atividades que v\u00e3o rolar neste s\u00e1bado e domingo para voc\u00ea n\u00e3o perder NADA! D\u00ea uma olhadinha a\u00ed: \u00a0 [&hellip;]<\/p>\n","protected":false},"author":1,"featured_media":2317,"comment_status":"open","ping_status":"closed","sticky":false,"template":"","format":"standard","meta":{"jetpack_post_was_ever_published":false,"_jetpack_newsletter_access":"","_jetpack_dont_email_post_to_subs":true,"_jetpack_newsletter_tier_id":0,"_jetpack_memberships_contains_paywalled_content":false,"_jetpack_memberships_contains_paid_content":false,"footnotes":"","jetpack_publicize_message":"","jetpack_publicize_feature_enabled":true,"jetpack_social_post_already_shared":true,"jetpack_social_options":{"image_generator_settings":{"template":"highway","enabled":false},"version":2}},"categories":[14,34],"tags":[654,45,653,655],"class_list":["post-2316","post","type-post","status-publish","format-standard","has-post-thumbnail","hentry","category-dicas","category-diversao","tag-ar-livre","tag-belo-horizonte","tag-eventos","tag-locais"],"jetpack_publicize_connections":[],"jetpack_featured_media_url":"https:\/\/culturalizabh.com.br\/wp-content\/uploads\/2017\/03\/44572443.jpg","jetpack_sharing_enabled":true,"jetpack_shortlink":"https:\/\/wp.me\/p864jz-Bm","_links":{"self":[{"href":"https:\/\/culturalizabh.com.br\/index.php\/wp-json\/wp\/v2\/posts\/2316","targetHints":{"allow":["GET"]}}],"collection":[{"href":"https:\/\/culturalizabh.com.br\/index.php\/wp-json\/wp\/v2\/posts"}],"about":[{"href":"https:\/\/culturalizabh.com.br\/index.php\/wp-json\/wp\/v2\/types\/post"}],"author":[{"embeddable":true,"href":"https:\/\/culturalizabh.com.br\/index.php\/wp-json\/wp\/v2\/users\/1"}],"replies":[{"embeddable":true,"href":"https:\/\/culturalizabh.com.br\/index.php\/wp-json\/wp\/v2\/comments?post=2316"}],"version-history":[{"count":3,"href":"https:\/\/culturalizabh.com.br\/index.php\/wp-json\/wp\/v2\/posts\/2316\/revisions"}],"predecessor-version":[{"id":2322,"href":"https:\/\/culturalizabh.com.br\/index.php\/wp-json\/wp\/v2\/posts\/2316\/revisions\/2322"}],"wp:featuredmedia":[{"embeddable":true,"href":"https:\/\/culturalizabh.com.br\/index.php\/wp-json\/wp\/v2\/media\/2317"}],"wp:attachment":[{"href":"https:\/\/culturalizabh.com.br\/index.php\/wp-json\/wp\/v2\/media?parent=2316"}],"wp:term":[{"taxonomy":"category","embeddable":true,"href":"https:\/\/culturalizabh.com.br\/index.php\/wp-json\/wp\/v2\/categories?post=2316"},{"taxonomy":"post_tag","embeddable":true,"href":"https:\/\/culturalizabh.com.br\/index.php\/wp-json\/wp\/v2\/tags?post=2316"}],"curies":[{"name":"wp","href":"https:\/\/api.w.org\/{rel}","templated":true}]}}