{"id":2202,"date":"2017-03-05T22:01:42","date_gmt":"2017-03-06T01:01:42","guid":{"rendered":"http:\/\/culturalizabh.com.br\/?p=2202"},"modified":"2017-03-12T19:50:19","modified_gmt":"2017-03-12T22:50:19","slug":"primeira-edicao-do-cluster-bh-deste-ano","status":"publish","type":"post","link":"https:\/\/culturalizabh.com.br\/index.php\/2017\/03\/05\/primeira-edicao-do-cluster-bh-deste-ano\/","title":{"rendered":"Primeira edi\u00e7\u00e3o d\u2019O Cluster BH deste ano"},"content":{"rendered":"<p style=\"text-align: left;\"><span style=\"color: #000000;\">Sucesso no Rio de Janeiro desde 2012, <strong>O Cluster<\/strong>, evento que prop\u00f5e seguir na contram\u00e3o\u00a0do consumo desenfreado, procurando abrir\u00a0espa\u00e7o\u00a0para\u00a0o\u00a0novo, possibilitando uma<strong> integra\u00e7\u00e3o\u00a0multicultural<\/strong>, de diversas \u00e1reas, chega a Belo Horizonte, no dia de 12 de mar\u00e7o, e te faz um convite ao in\u00e9dito, ao inusitado e ao surpreendente, com as\u00a0cria\u00e7\u00f5es de novos estilistas, deliciosos e exclusivos pratos\u00a0preparados por chefs de cozinha, feiras de vinis, al\u00e9m de interven\u00e7\u00f5es e\u00a0performances art\u00edsticas.<\/span><\/p>\n<p style=\"text-align: left;\">\u00a0<\/p>\n<p style=\"text-align: left;\"><span style=\"color: #000000;\">Em<strong> BH,<\/strong> a <strong>primeira edi\u00e7\u00e3o\u00a0d\u2019O Cluster deste ano<\/strong> ser\u00e1 realizada em <strong>mar\u00e7o<\/strong>, m\u00eas das mulheres, e\u00a0lan\u00e7a luz sobre <strong>quest\u00f5es femininas di\u00e1rias<\/strong>, apresentando\u00a0<strong>exposi\u00e7\u00f5es<\/strong>, <strong>trabalhos<\/strong> e at\u00e9 um <strong>bingo<\/strong> que \u00e9 em prol das mulheres. Com concep\u00e7\u00e3o, idealiza\u00e7\u00e3o e produ\u00e7\u00e3o feitos majoritariamente por mulheres, o evento tem como objetivo empoderar mulheres da cidade e de todo pa\u00eds.<\/span><\/p>\n<p style=\"text-align: left;\">\u00a0<\/p>\n<p style=\"text-align: left;\"><span style=\"color: #000000;\"><strong>O Cluster Mineiro<\/strong><\/span><\/p>\n<p style=\"text-align: left;\">\u00a0<\/p>\n<p style=\"text-align: left;\"><span style=\"color: #000000;\"><strong>Quando:\u00a0<\/strong>\u00a012 de fevereiro de 2017<\/span><\/p>\n<p style=\"text-align: left;\"><span style=\"color: #000000;\"><strong>Hora:<\/strong> 14h \u00e0s 22h<\/span><\/p>\n<p style=\"text-align: left;\"><span style=\"color: #000000;\"><strong>Onde:<\/strong>\u00a0Casa Bernardi &#8211; Rua Conde de Linhares, 308, Cidade Jardim &#8211; Belo Horizonte\/MG<\/span><\/p>\n<p style=\"text-align: left;\"><span style=\"color: #000000;\"><strong>Quanto:<\/strong> Entrada gratuita<\/span><\/p>\n<p style=\"text-align: left;\"><span style=\"color: #000000;\"><strong>Informa\u00e7\u00f5es:<\/strong> <a href=\"http:\/\/www.ocluster.com.br\">Site d&#8217;O Cluster<\/a> \u00a0e\u00a0contato@ocluster.com.br<\/span><\/p>\n","protected":false},"excerpt":{"rendered":"<p>Sucesso no Rio de Janeiro desde 2012, O Cluster, evento que prop\u00f5e seguir na contram\u00e3o\u00a0do consumo desenfreado, procurando abrir\u00a0espa\u00e7o\u00a0para\u00a0o\u00a0novo, possibilitando uma integra\u00e7\u00e3o\u00a0multicultural, de diversas \u00e1reas, chega a Belo Horizonte, no dia de 12 de mar\u00e7o, e te faz um convite ao in\u00e9dito, ao inusitado e ao surpreendente, com as\u00a0cria\u00e7\u00f5es de novos estilistas, deliciosos e exclusivos [&hellip;]<\/p>\n","protected":false},"author":48,"featured_media":2206,"comment_status":"open","ping_status":"closed","sticky":false,"template":"","format":"standard","meta":{"jetpack_post_was_ever_published":false,"_jetpack_newsletter_access":"","_jetpack_dont_email_post_to_subs":true,"_jetpack_newsletter_tier_id":0,"_jetpack_memberships_contains_paywalled_content":false,"_jetpack_memberships_contains_paid_content":false,"footnotes":"","jetpack_publicize_message":"","jetpack_publicize_feature_enabled":true,"jetpack_social_post_already_shared":true,"jetpack_social_options":{"image_generator_settings":{"template":"highway","enabled":false},"version":2}},"categories":[19],"tags":[623,627,161,628,621,622],"class_list":["post-2202","post","type-post","status-publish","format-standard","has-post-thumbnail","hentry","category-destaque","tag-casa-bernardi","tag-feminino","tag-gastronomia","tag-moda","tag-o-cluster","tag-o-cluster-bh"],"jetpack_publicize_connections":[],"jetpack_featured_media_url":"https:\/\/culturalizabh.com.br\/wp-content\/uploads\/2017\/03\/O-Jambu-2.jpg","jetpack_sharing_enabled":true,"jetpack_shortlink":"https:\/\/wp.me\/p864jz-zw","_links":{"self":[{"href":"https:\/\/culturalizabh.com.br\/index.php\/wp-json\/wp\/v2\/posts\/2202","targetHints":{"allow":["GET"]}}],"collection":[{"href":"https:\/\/culturalizabh.com.br\/index.php\/wp-json\/wp\/v2\/posts"}],"about":[{"href":"https:\/\/culturalizabh.com.br\/index.php\/wp-json\/wp\/v2\/types\/post"}],"author":[{"embeddable":true,"href":"https:\/\/culturalizabh.com.br\/index.php\/wp-json\/wp\/v2\/users\/48"}],"replies":[{"embeddable":true,"href":"https:\/\/culturalizabh.com.br\/index.php\/wp-json\/wp\/v2\/comments?post=2202"}],"version-history":[{"count":7,"href":"https:\/\/culturalizabh.com.br\/index.php\/wp-json\/wp\/v2\/posts\/2202\/revisions"}],"predecessor-version":[{"id":2224,"href":"https:\/\/culturalizabh.com.br\/index.php\/wp-json\/wp\/v2\/posts\/2202\/revisions\/2224"}],"wp:featuredmedia":[{"embeddable":true,"href":"https:\/\/culturalizabh.com.br\/index.php\/wp-json\/wp\/v2\/media\/2206"}],"wp:attachment":[{"href":"https:\/\/culturalizabh.com.br\/index.php\/wp-json\/wp\/v2\/media?parent=2202"}],"wp:term":[{"taxonomy":"category","embeddable":true,"href":"https:\/\/culturalizabh.com.br\/index.php\/wp-json\/wp\/v2\/categories?post=2202"},{"taxonomy":"post_tag","embeddable":true,"href":"https:\/\/culturalizabh.com.br\/index.php\/wp-json\/wp\/v2\/tags?post=2202"}],"curies":[{"name":"wp","href":"https:\/\/api.w.org\/{rel}","templated":true}]}}