{"id":21522,"date":"2018-10-14T19:25:08","date_gmt":"2018-10-14T22:25:08","guid":{"rendered":"http:\/\/culturalizabh.com.br\/?p=21522"},"modified":"2018-10-14T19:28:57","modified_gmt":"2018-10-14T22:28:57","slug":"murilo-santiago-lanca-cd-no-sesc-palladium-no-proximo-dia-25","status":"publish","type":"post","link":"https:\/\/culturalizabh.com.br\/index.php\/2018\/10\/14\/murilo-santiago-lanca-cd-no-sesc-palladium-no-proximo-dia-25\/","title":{"rendered":"Murilo Santiago lan\u00e7a CD no Sesc Palladium, no pr\u00f3ximo dia 25"},"content":{"rendered":"<p style=\"text-align: left\"><span style=\"color: #000000\">O compositor e int\u00e9rprete <strong>Murilo Santiago<\/strong> lan\u00e7a oficialmente seu novo CD <strong>Cada Um \u00c9 O Mundo \u2013 Vol. 01<\/strong> no dia <strong>25 de outubro<\/strong>, \u00e0s <strong>20h<\/strong>, no <strong>Teatro de Bolso do Sesc Palladium<\/strong>. O show faz parte do <strong>Projeto Salve o Compositor!<\/strong>\u00a0<\/span><\/p>\n<p>&nbsp;<\/p>\n<p style=\"text-align: left\"><span style=\"color: #000000\">Este \u00e9 o segundo trabalho de uma trilogia que come\u00e7ou em 2016, com o CD \u201cO Mundo \u00e9 Cada Um\u201d e que deve ser finalizada com o t\u00edtulo \u201cCada Mundo \u00e9 Um\u201d. O atual trabalho conta com 11 faixas e as principais m\u00fasicas de trabalho s\u00e3o \u201cSete Vidas\u201d, \u201cNas Nuvens\u201d, \u201cNamoradeira\u201d e \u201cAprendiz\u201d. Os arranjos s\u00e3o de Thiago Nunnes e as composi\u00e7\u00f5es s\u00e3o de Murilo Santiago. O trabalho segue a linha da M\u00fasica Popular Brasileira com incurs\u00f5es pelo Samba, Bai\u00e3o, Ciranda e Toada<\/span><\/p>\n<p style=\"text-align: left\"><span style=\"color: #000000\">\u00a0<\/span><\/p>\n<p style=\"text-align: left\"><span style=\"color: #000000\">\u201cO primeiro \u00e1lbum foi aberto a diversos g\u00eaneros, n\u00e3o apenas \u00e0 MPB com toques de bossa nova, pop, balada e tamb\u00e9m arranjos jazz\u00edsticos. J\u00e1 este segundo \u00e1lbum &#8211; que lan\u00e7o agora &#8211; \u00e9 focado na MPB, com instrumental, tem\u00e1tica de letras e \u2018clima\u2019 mais brasileiros. O \u00e1lbum final da trilogia voltar\u00e1 a ser aberto, com maior diversidade de g\u00eaneros, ritmos e varia\u00e7\u00f5es instrumentais\u201d, explica Murilo Santiago.<\/span><\/p>\n<p>&nbsp;<\/p>\n<p style=\"text-align: left\"><span style=\"color: #000000\"><strong>Lan\u00e7amento oficial do CD \u201cCada Um \u00c9 O Mundo\u201d de Murilo Santiago<\/strong><\/span><\/p>\n<p style=\"text-align: left\"><span style=\"color: #000000\"><strong>Quando:<\/strong> 25 de outubro (quinta-feira)<\/span><\/p>\n<p style=\"text-align: left\"><span style=\"color: #000000\"><strong>Horas:<\/strong> 20h<\/span><\/p>\n<p style=\"text-align: left\"><span style=\"color: #000000\"><strong>Onde:<\/strong> Teatro de Bolso do Sesc Palladium (Avenida Augusto de Lima, 420 &#8211; Centro)<\/span><\/p>\n<p style=\"text-align: left\"><span style=\"color: #000000\"><strong>Ingressos:<\/strong> R$ 20,00 (inteira) e R$ 10,00 (meia entrada)<\/span><\/p>\n<p style=\"text-align: left\"><span style=\"color: #000000\"><strong>Venda online:<\/strong> www.ingressorapido.com.br<\/span><\/p>\n<p style=\"text-align: left\"><span style=\"color: #000000\"><strong>Informa\u00e7\u00f5es:<\/strong> (31) 3270-8100<\/span><\/p>\n","protected":false},"excerpt":{"rendered":"<p>O compositor e int\u00e9rprete Murilo Santiago lan\u00e7a oficialmente seu novo CD Cada Um \u00c9 O Mundo \u2013 Vol. 01 no dia 25 de outubro, \u00e0s 20h, no Teatro de Bolso do Sesc Palladium. O show faz parte do Projeto Salve o Compositor!\u00a0 &nbsp; Este \u00e9 o segundo trabalho de uma trilogia que come\u00e7ou em 2016, [&hellip;]<\/p>\n","protected":false},"author":33,"featured_media":21523,"comment_status":"open","ping_status":"closed","sticky":false,"template":"","format":"standard","meta":{"jetpack_post_was_ever_published":false,"_jetpack_newsletter_access":"","_jetpack_dont_email_post_to_subs":true,"_jetpack_newsletter_tier_id":0,"_jetpack_memberships_contains_paywalled_content":false,"_jetpack_memberships_contains_paid_content":false,"footnotes":"","jetpack_publicize_message":"","jetpack_publicize_feature_enabled":true,"jetpack_social_post_already_shared":true,"jetpack_social_options":{"image_generator_settings":{"template":"highway","enabled":false},"version":2}},"categories":[1,18,6],"tags":[4580,4581,248,2221],"class_list":["post-21522","post","type-post","status-publish","format-standard","has-post-thumbnail","hentry","category-culturaliza","category-musica","category-shows","tag-murilo-santiago","tag-projeto-salve-o-compositor","tag-sesc-palladium","tag-teatro-de-bolso"],"jetpack_publicize_connections":[],"jetpack_featured_media_url":"https:\/\/culturalizabh.com.br\/wp-content\/uploads\/2018\/10\/Anna-Lara-Studio-Tertulia-01.jpg","jetpack_sharing_enabled":true,"jetpack_shortlink":"https:\/\/wp.me\/p864jz-5B8","_links":{"self":[{"href":"https:\/\/culturalizabh.com.br\/index.php\/wp-json\/wp\/v2\/posts\/21522","targetHints":{"allow":["GET"]}}],"collection":[{"href":"https:\/\/culturalizabh.com.br\/index.php\/wp-json\/wp\/v2\/posts"}],"about":[{"href":"https:\/\/culturalizabh.com.br\/index.php\/wp-json\/wp\/v2\/types\/post"}],"author":[{"embeddable":true,"href":"https:\/\/culturalizabh.com.br\/index.php\/wp-json\/wp\/v2\/users\/33"}],"replies":[{"embeddable":true,"href":"https:\/\/culturalizabh.com.br\/index.php\/wp-json\/wp\/v2\/comments?post=21522"}],"version-history":[{"count":2,"href":"https:\/\/culturalizabh.com.br\/index.php\/wp-json\/wp\/v2\/posts\/21522\/revisions"}],"predecessor-version":[{"id":21526,"href":"https:\/\/culturalizabh.com.br\/index.php\/wp-json\/wp\/v2\/posts\/21522\/revisions\/21526"}],"wp:featuredmedia":[{"embeddable":true,"href":"https:\/\/culturalizabh.com.br\/index.php\/wp-json\/wp\/v2\/media\/21523"}],"wp:attachment":[{"href":"https:\/\/culturalizabh.com.br\/index.php\/wp-json\/wp\/v2\/media?parent=21522"}],"wp:term":[{"taxonomy":"category","embeddable":true,"href":"https:\/\/culturalizabh.com.br\/index.php\/wp-json\/wp\/v2\/categories?post=21522"},{"taxonomy":"post_tag","embeddable":true,"href":"https:\/\/culturalizabh.com.br\/index.php\/wp-json\/wp\/v2\/tags?post=21522"}],"curies":[{"name":"wp","href":"https:\/\/api.w.org\/{rel}","templated":true}]}}