{"id":21047,"date":"2018-09-27T12:28:32","date_gmt":"2018-09-27T15:28:32","guid":{"rendered":"http:\/\/culturalizabh.com.br\/?p=21047"},"modified":"2018-10-02T16:09:21","modified_gmt":"2018-10-02T19:09:21","slug":"o-projeto-solo-negro-apresenta-o-espetaculo-a-morte-de-antonio-preto","status":"publish","type":"post","link":"https:\/\/culturalizabh.com.br\/index.php\/2018\/09\/27\/o-projeto-solo-negro-apresenta-o-espetaculo-a-morte-de-antonio-preto\/","title":{"rendered":"O Projeto Solo Negro Apresenta o Espet\u00e1culo \u201cA morte de Ant\u00f4nio Preto\u201d"},"content":{"rendered":"<p style=\"text-align: left\"><span style=\"color: #000000\">Acontece neste s\u00e1bado, 29 de setembro, a segunda edi\u00e7\u00e3o do projeto Solo Negro, apresentando o espet\u00e1culo <strong>\u201cA morte de Ant\u00f4nio Preto\u201d<\/strong>, inspirado no livro hom\u00f4nimo do multiartista <strong>S\u00e9rgio Perer\u00ea<\/strong>, que, al\u00e9m de dirigir a montagem, dividir\u00e1 o palco com a artista <strong>Eneida Bara\u00fana.<\/strong><\/span><\/p>\n<p>&nbsp;<\/p>\n<p style=\"text-align: left\"><span style=\"color: #000000\">O espet\u00e1culo \u00e9 um romance em forma de cordel que une m\u00fasica, poesia e conta\u00e7\u00e3o de hist\u00f3ria, com fortes refer\u00eancias em manifesta\u00e7\u00f5es da cultura popular mineira, como a <strong>Marujada<\/strong> e o <strong>Catop\u00ea<\/strong>. Na apresenta\u00e7\u00e3o, m\u00fasicas j\u00e1 conhecidas de S\u00e9rgio Perer\u00ea se unem a cantigas populares. Logo ap\u00f3s a apresenta\u00e7\u00e3o o p\u00fablico ter\u00e1 um bate-papo sobre o livro <strong>\u201cA morte de Ant\u00f4nio Preto\u201d<\/strong> (Ed. Nandyala), que estar\u00e1 \u00e0 venda no local. \u00a0O romance \u00e9 inspirado na cultura popular de Minas Gerais. Em rimas, como na literatura de cordel, o livro \u00e9 um mergulho no universo do Reinado, onde est\u00e3o presentes os festejos de Catop\u00eas, Marujos e Caboclos. Segundo S\u00e9rgio Perer\u00ea o enredo surgiu de hist\u00f3rias e outras experi\u00eancias vivenciadas em casa.<\/span><\/p>\n<p>&nbsp;<\/p>\n<p style=\"text-align: left\"><span style=\"color: #000000\">Com patroc\u00ednio do <strong>Instituto Unimed-BH<\/strong>, associa\u00e7\u00e3o sem fins lucrativos, que tem como miss\u00e3o conduzir o Programa de Responsabilidade Social Cooperativista da Unimed-BH, com projetos que tem na sa\u00fade sua \u00e1rea priorit\u00e1ria, mas mant\u00eam interface com outros campos por meio de cinco linhas de a\u00e7\u00e3o: Comunidade, Meio ambiente, Voluntariado, Ado\u00e7\u00e3o de Espa\u00e7os P\u00fablicos e Cultura, o projeto <strong>Solo Negro<\/strong> consiste na realiza\u00e7\u00e3o de espet\u00e1culos de artes c\u00eanicas que dialoguem com a cultura afro-brasileira contempor\u00e2nea ou tradicional e que tenham um formato solo, ou reduzido, formado por artistas negros.<\/span><\/p>\n<p>&nbsp;<\/p>\n<p style=\"text-align: left\"><span style=\"color: #000000\">Abaixo informa\u00e7\u00f5es sobre o festival:<\/span><\/p>\n<p style=\"text-align: left\"><span style=\"color: #000000\"><strong>Projeto Solo Negro Apresenta o Espet\u00e1culo \u201cA morte de Ant\u00f4nio Preto\u201d<\/strong><\/span><\/p>\n<p style=\"text-align: left\"><span style=\"color: #000000\"><strong>Quando: <\/strong>29 de setembro<\/span><\/p>\n<p style=\"text-align: left\"><span style=\"color: #000000\"><strong>Hora: <\/strong>20h<\/span><\/p>\n<p style=\"text-align: left\"><span style=\"color: #000000\"><strong>Onde:\u00a0<\/strong>Espa\u00e7o Cultural Tambor Mineiro \u2013 Rua Ituiutaba, 339 | Prado<\/span><\/p>\n<p style=\"text-align: left\"><span style=\"color: #000000\"><strong>Quanto: <\/strong>Ingressos: R$ 20 (inteira) \/ R$10 (meia-entrada)<\/span><\/p>\n<p style=\"text-align: left\"><span style=\"color: #000000\">Mais informa\u00e7\u00f5es: 3295-4149<\/span><\/p>\n<p style=\"text-align: left\"><span style=\"color: #000000\"><strong>\u00a0<\/strong><\/span><\/p>\n","protected":false},"excerpt":{"rendered":"<p>Acontece neste s\u00e1bado, 29 de setembro, a segunda edi\u00e7\u00e3o do projeto Solo Negro, apresentando o espet\u00e1culo \u201cA morte de Ant\u00f4nio Preto\u201d, inspirado no livro hom\u00f4nimo do multiartista S\u00e9rgio Perer\u00ea, que, al\u00e9m de dirigir a montagem, dividir\u00e1 o palco com a artista Eneida Bara\u00fana. &nbsp; O espet\u00e1culo \u00e9 um romance em forma de cordel que une [&hellip;]<\/p>\n","protected":false},"author":22,"featured_media":21050,"comment_status":"open","ping_status":"closed","sticky":false,"template":"","format":"standard","meta":{"jetpack_post_was_ever_published":false,"_jetpack_newsletter_access":"","_jetpack_dont_email_post_to_subs":true,"_jetpack_newsletter_tier_id":0,"_jetpack_memberships_contains_paywalled_content":false,"_jetpack_memberships_contains_paid_content":false,"footnotes":"","jetpack_publicize_message":"","jetpack_publicize_feature_enabled":true,"jetpack_social_post_already_shared":true,"jetpack_social_options":{"image_generator_settings":{"template":"highway","enabled":false},"version":2}},"categories":[1,34,3537],"tags":[3741,4510],"class_list":["post-21047","post","type-post","status-publish","format-standard","has-post-thumbnail","hentry","category-culturaliza","category-diversao","category-gratuito-ou-a-baixo-custo","tag-instituto-unimed-bh","tag-projeto-solo-negro"],"jetpack_publicize_connections":[],"jetpack_featured_media_url":"https:\/\/culturalizabh.com.br\/wp-content\/uploads\/2018\/09\/Se\u0301rgio-Perere\u0302-em-A-morte-de-Anto\u0302nio-Pedro1-por-Daniel-Barboza-325-470x264-nwpesy8r05thttoaca4ikytx47lb71vpok8hbqkpn0.jpg","jetpack_sharing_enabled":true,"jetpack_shortlink":"https:\/\/wp.me\/p864jz-5tt","_links":{"self":[{"href":"https:\/\/culturalizabh.com.br\/index.php\/wp-json\/wp\/v2\/posts\/21047","targetHints":{"allow":["GET"]}}],"collection":[{"href":"https:\/\/culturalizabh.com.br\/index.php\/wp-json\/wp\/v2\/posts"}],"about":[{"href":"https:\/\/culturalizabh.com.br\/index.php\/wp-json\/wp\/v2\/types\/post"}],"author":[{"embeddable":true,"href":"https:\/\/culturalizabh.com.br\/index.php\/wp-json\/wp\/v2\/users\/22"}],"replies":[{"embeddable":true,"href":"https:\/\/culturalizabh.com.br\/index.php\/wp-json\/wp\/v2\/comments?post=21047"}],"version-history":[{"count":2,"href":"https:\/\/culturalizabh.com.br\/index.php\/wp-json\/wp\/v2\/posts\/21047\/revisions"}],"predecessor-version":[{"id":21052,"href":"https:\/\/culturalizabh.com.br\/index.php\/wp-json\/wp\/v2\/posts\/21047\/revisions\/21052"}],"wp:featuredmedia":[{"embeddable":true,"href":"https:\/\/culturalizabh.com.br\/index.php\/wp-json\/wp\/v2\/media\/21050"}],"wp:attachment":[{"href":"https:\/\/culturalizabh.com.br\/index.php\/wp-json\/wp\/v2\/media?parent=21047"}],"wp:term":[{"taxonomy":"category","embeddable":true,"href":"https:\/\/culturalizabh.com.br\/index.php\/wp-json\/wp\/v2\/categories?post=21047"},{"taxonomy":"post_tag","embeddable":true,"href":"https:\/\/culturalizabh.com.br\/index.php\/wp-json\/wp\/v2\/tags?post=21047"}],"curies":[{"name":"wp","href":"https:\/\/api.w.org\/{rel}","templated":true}]}}