{"id":20845,"date":"2018-09-24T00:25:14","date_gmt":"2018-09-24T03:25:14","guid":{"rendered":"http:\/\/culturalizabh.com.br\/?p=20845"},"modified":"2018-09-24T00:25:14","modified_gmt":"2018-09-24T03:25:14","slug":"chico-amaral-convida-affonsinho-e-marina-machado-para-show-no-centro-cultural-do-mtc","status":"publish","type":"post","link":"https:\/\/culturalizabh.com.br\/index.php\/2018\/09\/24\/chico-amaral-convida-affonsinho-e-marina-machado-para-show-no-centro-cultural-do-mtc\/","title":{"rendered":"Chico Amaral convida Affonsinho e Marina Machado para show no Centro Cultural do MTC"},"content":{"rendered":"<p style=\"text-align: left\"><span style=\"color: #000000\"><span style=\"font-weight: 400\">Para celebrar sua carreira, o <\/span><b>m\u00fasico Chico Amaral<\/b><span style=\"font-weight: 400\"> convida <\/span><b>Affonsinho<\/b><span style=\"font-weight: 400\"> e <\/span><b>Marina Machado<\/b><span style=\"font-weight: 400\"> para show no dia <\/span><b>27 de setembro<\/b><span style=\"font-weight: 400\">, no <\/span><b>Centro Cultural do Minas T\u00eanis Clube<\/b><span style=\"font-weight: 400\">. Os ingressos custam R$40 (inteira) e R$20 (meia).<\/span><\/span><\/p>\n<p style=\"text-align: left\">\u00a0<\/p>\n<p style=\"text-align: left\"><span style=\"font-weight: 400;color: #000000\">No repert\u00f3rio, m\u00fasicas que os artistas compuseram juntos e com outros parceiros, como L\u00f4 Borges e Fl\u00e1vio Henrique, como Gentil Loucura, Vagalumes, Bagaceira e outras can\u00e7\u00f5es compartilhadas entre os m\u00fasicos. &#8220;\u00c9 inevit\u00e1vel falar desses parceiros quando estamos pensando na minha carreira, n\u00e3o tem como desatrelar nossas \u00a0trajet\u00f3rias. Esse show ser\u00e1 um encontro delicioso que ir\u00e1 comemorar nossa m\u00fasica e nossa amizade&#8221;, avalia Chico. <\/span><\/p>\n<p style=\"text-align: left\">\u00a0<\/p>\n<p style=\"text-align: left\"><span style=\"color: #000000\"><b>Chico Amaral Convida seus Parceiros &#8211; Affonsinho e Marina Machado<\/b><\/span><\/p>\n<p style=\"text-align: left\"><span style=\"color: #000000\"><b>Quando:<\/b><span style=\"font-weight: 400\"> 27 de setembro <\/span><\/span><\/p>\n<p style=\"text-align: left\"><span style=\"color: #000000\"><b>Horas:<\/b><span style=\"font-weight: 400\"> 21h <\/span><\/span><\/p>\n<p style=\"text-align: left\"><span style=\"color: #000000\"><b>Onde:<\/b><span style=\"font-weight: 400\"> Centro Cultural do Minas T\u00eanis Clube <\/span><\/span><\/p>\n<p style=\"text-align: left\"><span style=\"color: #000000\"><b>Classifica\u00e7\u00e3o Et\u00e1ria: <\/b><span style=\"font-weight: 400\">Livre<\/span><\/span><\/p>\n<p style=\"text-align: left\"><span style=\"color: #000000\"><b>Ingressos: <\/b><span style=\"font-weight: 400\">R$ 40 (inteira) \/ R$ 20 (meia) \u2013 Dispon\u00edveis na bilheteria do Centro Cultural MTC<\/span><\/span><\/p>\n","protected":false},"excerpt":{"rendered":"<p>Para celebrar sua carreira, o m\u00fasico Chico Amaral convida Affonsinho e Marina Machado para show no dia 27 de setembro, no Centro Cultural do Minas T\u00eanis Clube. Os ingressos custam R$40 (inteira) e R$20 (meia). \u00a0 No repert\u00f3rio, m\u00fasicas que os artistas compuseram juntos e com outros parceiros, como L\u00f4 Borges e Fl\u00e1vio Henrique, como [&hellip;]<\/p>\n","protected":false},"author":33,"featured_media":20847,"comment_status":"open","ping_status":"closed","sticky":false,"template":"","format":"standard","meta":{"jetpack_post_was_ever_published":false,"_jetpack_newsletter_access":"","_jetpack_dont_email_post_to_subs":false,"_jetpack_newsletter_tier_id":0,"_jetpack_memberships_contains_paywalled_content":false,"_jetpack_memberships_contains_paid_content":false,"footnotes":"","jetpack_publicize_message":"","jetpack_publicize_feature_enabled":true,"jetpack_social_post_already_shared":true,"jetpack_social_options":{"image_generator_settings":{"template":"highway","enabled":false},"version":2}},"categories":[1,18,6],"tags":[4486,1486,735,3432],"class_list":["post-20845","post","type-post","status-publish","format-standard","has-post-thumbnail","hentry","category-culturaliza","category-musica","category-shows","tag-affonsinho-chico-amaral","tag-centro-cultural","tag-marina-machado","tag-minas-tenis-clube"],"jetpack_publicize_connections":[],"jetpack_featured_media_url":"https:\/\/culturalizabh.com.br\/wp-content\/uploads\/2018\/09\/chico-amaral.png","jetpack_sharing_enabled":true,"jetpack_shortlink":"https:\/\/wp.me\/p864jz-5qd","_links":{"self":[{"href":"https:\/\/culturalizabh.com.br\/index.php\/wp-json\/wp\/v2\/posts\/20845","targetHints":{"allow":["GET"]}}],"collection":[{"href":"https:\/\/culturalizabh.com.br\/index.php\/wp-json\/wp\/v2\/posts"}],"about":[{"href":"https:\/\/culturalizabh.com.br\/index.php\/wp-json\/wp\/v2\/types\/post"}],"author":[{"embeddable":true,"href":"https:\/\/culturalizabh.com.br\/index.php\/wp-json\/wp\/v2\/users\/33"}],"replies":[{"embeddable":true,"href":"https:\/\/culturalizabh.com.br\/index.php\/wp-json\/wp\/v2\/comments?post=20845"}],"version-history":[{"count":2,"href":"https:\/\/culturalizabh.com.br\/index.php\/wp-json\/wp\/v2\/posts\/20845\/revisions"}],"predecessor-version":[{"id":20849,"href":"https:\/\/culturalizabh.com.br\/index.php\/wp-json\/wp\/v2\/posts\/20845\/revisions\/20849"}],"wp:featuredmedia":[{"embeddable":true,"href":"https:\/\/culturalizabh.com.br\/index.php\/wp-json\/wp\/v2\/media\/20847"}],"wp:attachment":[{"href":"https:\/\/culturalizabh.com.br\/index.php\/wp-json\/wp\/v2\/media?parent=20845"}],"wp:term":[{"taxonomy":"category","embeddable":true,"href":"https:\/\/culturalizabh.com.br\/index.php\/wp-json\/wp\/v2\/categories?post=20845"},{"taxonomy":"post_tag","embeddable":true,"href":"https:\/\/culturalizabh.com.br\/index.php\/wp-json\/wp\/v2\/tags?post=20845"}],"curies":[{"name":"wp","href":"https:\/\/api.w.org\/{rel}","templated":true}]}}