{"id":20343,"date":"2018-09-10T01:43:40","date_gmt":"2018-09-10T04:43:40","guid":{"rendered":"http:\/\/culturalizabh.com.br\/?p=20343"},"modified":"2018-09-10T01:43:40","modified_gmt":"2018-09-10T04:43:40","slug":"espetaculo-cabare-lido","status":"publish","type":"post","link":"https:\/\/culturalizabh.com.br\/index.php\/2018\/09\/10\/espetaculo-cabare-lido\/","title":{"rendered":"Espet\u00e1culo Cabar\u00e9 Lid\u00f4"},"content":{"rendered":"<div style=\"text-align: left\"><span style=\"color: #000000\">A Companhia Teatral Marco Produ\u00e7\u00f5es invade a capital mineira com sua nova produ\u00e7\u00e3o o musical\u00a0<strong>Cabar\u00e9 Lid\u00f4,<\/strong>\u00a0com um formato bem diferente que mistura pe\u00e7a e festa e abre o leque da explora\u00e7\u00e3o sexual e tamb\u00e9m da diversidade! A pe\u00e7a destaca um tema muito pol\u00eamico da atualidade o aliciamento\u00a0 de pessoas para a prostitui\u00e7\u00e3o. No palco, os atores promovem uma intera\u00e7\u00e3o com o p\u00fablico fazendo com que eles se emocionem e divirtam-se e tamb\u00e9m comovam com as cenas.<\/span><\/div>\n<div>\u00a0<\/div>\n<div>\u00a0<\/div>\n<div><figure id=\"attachment_20345\" aria-describedby=\"caption-attachment-20345\" style=\"width: 485px\" class=\"wp-caption aligncenter\"><img loading=\"lazy\" decoding=\"async\" class=\"wp-image-20345 \" src=\"https:\/\/culturalizabh.com.br\/wp-content\/uploads\/2018\/09\/DSC_0368-300x200.jpg\" alt=\"\" width=\"485\" height=\"323\" srcset=\"https:\/\/culturalizabh.com.br\/wp-content\/uploads\/2018\/09\/DSC_0368-300x200.jpg 300w, https:\/\/culturalizabh.com.br\/wp-content\/uploads\/2018\/09\/DSC_0368-768x512.jpg 768w, https:\/\/culturalizabh.com.br\/wp-content\/uploads\/2018\/09\/DSC_0368-1024x683.jpg 1024w, https:\/\/culturalizabh.com.br\/wp-content\/uploads\/2018\/09\/DSC_0368-263x175.jpg 263w\" sizes=\"auto, (max-width: 485px) 100vw, 485px\" \/><figcaption id=\"caption-attachment-20345\" class=\"wp-caption-text\">Foto: Divulga\u00e7\u00e3o<\/figcaption><\/figure><\/div>\n<div>\u00a0<\/div>\n<div>\u00a0<\/div>\n<div style=\"text-align: left\">\u00a0<\/div>\n<div style=\"text-align: left\"><span style=\"color: #000000\">Fazem parte do elenco os atores\u00a0Matheus Noviello, Rog\u00e9rio Hasten, Philip Feitosa, Nikolas Ramos, Renato Caran, Gil Guedes, Atos Reis,Thayane Furtado e Yohane Ferreira que d\u00e3o vida aos personagens. O espet\u00e1culo estr\u00e1 em cartaz durante todos os finais de semana do m\u00eas de setembro.\u00a0<\/span><\/div>\n<div style=\"text-align: left\">\u00a0<\/div>\n<div style=\"text-align: left\">\u00a0<\/div>\n<div style=\"text-align: left\"><span style=\"color: #000000\"><strong>Quando:<\/strong> sextas, s\u00e1bados e domingos ( setembro)<\/span><\/div>\n<div style=\"text-align: left\"><span style=\"color: #000000\"><strong>Hor\u00e1rio:<\/strong>\u00a0 20 horas<\/span><\/div>\n<div style=\"text-align: left\"><span style=\"color: #000000\"><strong>Quanto:<\/strong> R$ 20 (pre\u00e7o \u00fanico)<\/span><br \/>\n<span style=\"color: #000000\"><strong>Onde:<\/strong> Galp\u00e3o de Ideias fica na Rua Uberl\u00e2ndia, 413, bairro Carlos Prates.<\/span><\/div>\n<div style=\"text-align: left\"><span style=\"color: #000000\"><strong>Informa\u00e7\u00f5es:<\/strong> 31 9884-1885\u00a0&#8211; Marco<\/span><\/div>\n<div>\u00a0<\/div>\n<div>\u00a0<\/div>\n","protected":false},"excerpt":{"rendered":"<p>A Companhia Teatral Marco Produ\u00e7\u00f5es invade a capital mineira com sua nova produ\u00e7\u00e3o o musical\u00a0Cabar\u00e9 Lid\u00f4,\u00a0com um formato bem diferente que mistura pe\u00e7a e festa e abre o leque da explora\u00e7\u00e3o sexual e tamb\u00e9m da diversidade! A pe\u00e7a destaca um tema muito pol\u00eamico da atualidade o aliciamento\u00a0 de pessoas para a prostitui\u00e7\u00e3o. No palco, os [&hellip;]<\/p>\n","protected":false},"author":48,"featured_media":20344,"comment_status":"open","ping_status":"closed","sticky":false,"template":"","format":"standard","meta":{"jetpack_post_was_ever_published":false,"_jetpack_newsletter_access":"","_jetpack_dont_email_post_to_subs":false,"_jetpack_newsletter_tier_id":0,"_jetpack_memberships_contains_paywalled_content":false,"_jetpack_memberships_contains_paid_content":false,"footnotes":"","jetpack_publicize_message":"","jetpack_publicize_feature_enabled":true,"jetpack_social_post_already_shared":true,"jetpack_social_options":{"image_generator_settings":{"template":"highway","enabled":false},"version":2}},"categories":[34,3537,3],"tags":[4197,4403,36],"class_list":["post-20343","post","type-post","status-publish","format-standard","has-post-thumbnail","hentry","category-diversao","category-gratuito-ou-a-baixo-custo","category-teatro","tag-baixocusto","tag-cabarelido","tag-teatro"],"jetpack_publicize_connections":[],"jetpack_featured_media_url":"https:\/\/culturalizabh.com.br\/wp-content\/uploads\/2018\/09\/DSC_0456.jpg","jetpack_sharing_enabled":true,"jetpack_shortlink":"https:\/\/wp.me\/p864jz-5i7","_links":{"self":[{"href":"https:\/\/culturalizabh.com.br\/index.php\/wp-json\/wp\/v2\/posts\/20343","targetHints":{"allow":["GET"]}}],"collection":[{"href":"https:\/\/culturalizabh.com.br\/index.php\/wp-json\/wp\/v2\/posts"}],"about":[{"href":"https:\/\/culturalizabh.com.br\/index.php\/wp-json\/wp\/v2\/types\/post"}],"author":[{"embeddable":true,"href":"https:\/\/culturalizabh.com.br\/index.php\/wp-json\/wp\/v2\/users\/48"}],"replies":[{"embeddable":true,"href":"https:\/\/culturalizabh.com.br\/index.php\/wp-json\/wp\/v2\/comments?post=20343"}],"version-history":[{"count":3,"href":"https:\/\/culturalizabh.com.br\/index.php\/wp-json\/wp\/v2\/posts\/20343\/revisions"}],"predecessor-version":[{"id":20348,"href":"https:\/\/culturalizabh.com.br\/index.php\/wp-json\/wp\/v2\/posts\/20343\/revisions\/20348"}],"wp:featuredmedia":[{"embeddable":true,"href":"https:\/\/culturalizabh.com.br\/index.php\/wp-json\/wp\/v2\/media\/20344"}],"wp:attachment":[{"href":"https:\/\/culturalizabh.com.br\/index.php\/wp-json\/wp\/v2\/media?parent=20343"}],"wp:term":[{"taxonomy":"category","embeddable":true,"href":"https:\/\/culturalizabh.com.br\/index.php\/wp-json\/wp\/v2\/categories?post=20343"},{"taxonomy":"post_tag","embeddable":true,"href":"https:\/\/culturalizabh.com.br\/index.php\/wp-json\/wp\/v2\/tags?post=20343"}],"curies":[{"name":"wp","href":"https:\/\/api.w.org\/{rel}","templated":true}]}}