{"id":20317,"date":"2018-09-07T17:28:47","date_gmt":"2018-09-07T20:28:47","guid":{"rendered":"http:\/\/culturalizabh.com.br\/?p=20317"},"modified":"2018-09-11T14:04:46","modified_gmt":"2018-09-11T17:04:46","slug":"wilson-dias-apresenta-seu-novo-album","status":"publish","type":"post","link":"https:\/\/culturalizabh.com.br\/index.php\/2018\/09\/07\/wilson-dias-apresenta-seu-novo-album\/","title":{"rendered":"Wilson Dias apresenta seu novo \u00e1lbum"},"content":{"rendered":"<p style=\"text-align: left\"><span style=\"color: #000000\">O cantor e violeiro mineiro Wilson Dias traz a BH, <strong>no dia 19 de setembro<\/strong>, o show de lan\u00e7amento do seu novo \u00e1lbum, intitulado <strong>\u201cNativo\u201d<\/strong>. O trabalho re\u00fane dois discos, um de can\u00e7\u00f5es sendo cinco m\u00fasicas em parceria com o poeta Jo\u00e3o Evangelista Rodrigues e outro instrumental. Um destaque \u00e9 a m\u00fasica <strong>\u201cZ\u00e9 Coco Barroco\u201d<\/strong>, tocada na afina\u00e7\u00e3o usada por seu Ant\u00f4nio de Jesus e denominada Sagrada pelo filho tamb\u00e9m violeiro.<\/span><\/p>\n<p style=\"text-align: left\">\u00a0<\/p>\n<p style=\"text-align: left\"><span style=\"color: #000000\">\u201cToda a minha rela\u00e7\u00e3o com a m\u00fasica, todo o meu processo criativo \u00e9 um exerc\u00edcio de armazenar esses sentimentos sutis. A religiosidade presente na cultura popular tamb\u00e9m me propicia isso. Eu tenho que estar bem com minha arte porque, s\u00f3 assim, posso oferecer bem-querer\u201d, diz Wilson sobre o processo de composi\u00e7\u00e3o do disco.<\/span><\/p>\n<p style=\"text-align: left\">\u00a0<\/p>\n<p style=\"text-align: left\"><span style=\"color: #000000\">No show de lan\u00e7amento na <strong>quarta-feira,<\/strong> 19 de setembro \u00e0s 20:30, Wilson Dias (voz e viola caipira) estar\u00e1 acompanhado por Edson Fernando (bateria\/percuss\u00e3o), Gladson Braga (percuss\u00e3o), Lucas Viotti (acordeon), Pedro Gomes (baixo) e Wallace Gomes (viol\u00e3o) com as participa\u00e7\u00f5es especiais de Titane, Rubinho do Vale, Brenda Andrade e Lislie Fiorinni.<\/span><\/p>\n<p style=\"text-align: left\">\u00a0<\/p>\n<p style=\"text-align: left\"><span style=\"color: #000000\"><strong>Show de lan\u00e7amento do \u00e1lbum \u201cNativo\u201d, de Wilson Dias<\/strong><\/span><br \/>\n<span style=\"color: #000000\"><strong>Quando:<\/strong> 19\/setembro de 2018 &#8211; quarta-feira<\/span><br \/>\n<span style=\"color: #000000\"><strong>Hor\u00e1rio:<\/strong> 20:30<\/span><br \/>\n<span style=\"color: #000000\"><strong>Onde:<\/strong> Grande Teatro do Sesc Palladium, rua Rio de Janeiro, 1046 Centro &#8211; BH<\/span><br \/>\n<span style=\"color: #000000\"><strong>Quanto:<\/strong> R$ 20 (inteira) R$ 10 (meia), na bilheteria e no site www.ingressorapido.com.br<\/span><br \/>\n<span style=\"color: #000000\"><strong>Informa\u00e7\u00f5es:<\/strong> 31 98515-7122<\/span><\/p>\n","protected":false},"excerpt":{"rendered":"<p>O cantor e violeiro mineiro Wilson Dias traz a BH, no dia 19 de setembro, o show de lan\u00e7amento do seu novo \u00e1lbum, intitulado \u201cNativo\u201d. O trabalho re\u00fane dois discos, um de can\u00e7\u00f5es sendo cinco m\u00fasicas em parceria com o poeta Jo\u00e3o Evangelista Rodrigues e outro instrumental. Um destaque \u00e9 a m\u00fasica \u201cZ\u00e9 Coco Barroco\u201d, [&hellip;]<\/p>\n","protected":false},"author":48,"featured_media":20320,"comment_status":"open","ping_status":"closed","sticky":false,"template":"","format":"standard","meta":{"jetpack_post_was_ever_published":false,"_jetpack_newsletter_access":"","_jetpack_dont_email_post_to_subs":true,"_jetpack_newsletter_tier_id":0,"_jetpack_memberships_contains_paywalled_content":false,"_jetpack_memberships_contains_paid_content":false,"footnotes":"","jetpack_publicize_message":"","jetpack_publicize_feature_enabled":true,"jetpack_social_post_already_shared":true,"jetpack_social_options":{"image_generator_settings":{"template":"highway","enabled":false},"version":2}},"categories":[19,14,18,6],"tags":[39,248,33,4399],"class_list":["post-20317","post","type-post","status-publish","format-standard","has-post-thumbnail","hentry","category-destaque","category-dicas","category-musica","category-shows","tag-bh","tag-sesc-palladium","tag-show","tag-wilson-dias"],"jetpack_publicize_connections":[],"jetpack_featured_media_url":"https:\/\/culturalizabh.com.br\/wp-content\/uploads\/2018\/09\/wilsondias_capa.jpg","jetpack_sharing_enabled":true,"jetpack_shortlink":"https:\/\/wp.me\/p864jz-5hH","_links":{"self":[{"href":"https:\/\/culturalizabh.com.br\/index.php\/wp-json\/wp\/v2\/posts\/20317","targetHints":{"allow":["GET"]}}],"collection":[{"href":"https:\/\/culturalizabh.com.br\/index.php\/wp-json\/wp\/v2\/posts"}],"about":[{"href":"https:\/\/culturalizabh.com.br\/index.php\/wp-json\/wp\/v2\/types\/post"}],"author":[{"embeddable":true,"href":"https:\/\/culturalizabh.com.br\/index.php\/wp-json\/wp\/v2\/users\/48"}],"replies":[{"embeddable":true,"href":"https:\/\/culturalizabh.com.br\/index.php\/wp-json\/wp\/v2\/comments?post=20317"}],"version-history":[{"count":2,"href":"https:\/\/culturalizabh.com.br\/index.php\/wp-json\/wp\/v2\/posts\/20317\/revisions"}],"predecessor-version":[{"id":20321,"href":"https:\/\/culturalizabh.com.br\/index.php\/wp-json\/wp\/v2\/posts\/20317\/revisions\/20321"}],"wp:featuredmedia":[{"embeddable":true,"href":"https:\/\/culturalizabh.com.br\/index.php\/wp-json\/wp\/v2\/media\/20320"}],"wp:attachment":[{"href":"https:\/\/culturalizabh.com.br\/index.php\/wp-json\/wp\/v2\/media?parent=20317"}],"wp:term":[{"taxonomy":"category","embeddable":true,"href":"https:\/\/culturalizabh.com.br\/index.php\/wp-json\/wp\/v2\/categories?post=20317"},{"taxonomy":"post_tag","embeddable":true,"href":"https:\/\/culturalizabh.com.br\/index.php\/wp-json\/wp\/v2\/tags?post=20317"}],"curies":[{"name":"wp","href":"https:\/\/api.w.org\/{rel}","templated":true}]}}