{"id":2031,"date":"2017-02-22T19:58:27","date_gmt":"2017-02-22T22:58:27","guid":{"rendered":"http:\/\/culturalizabh.com.br\/?p=2031"},"modified":"2017-02-22T23:06:44","modified_gmt":"2017-02-23T02:06:44","slug":"bloco-da-calixto-promete-animar-as-ruas-da-savassi-no-sabado","status":"publish","type":"post","link":"https:\/\/culturalizabh.com.br\/index.php\/2017\/02\/22\/bloco-da-calixto-promete-animar-as-ruas-da-savassi-no-sabado\/","title":{"rendered":"Bloco da Calixto promete animar as ruas da Savassi no s\u00e1bado"},"content":{"rendered":"<p style=\"text-align: left;\"><span style=\"color: #000000;\">Neste s\u00e1bado, em todo pique de carnaval, o <strong>Bloco da Calixto<\/strong>, comandado pela mineira <strong>Aline Calixto<\/strong>, vai colocar todo mundo para pular pelas ruas da Savassi, com as tradicionais marchinhas e os grandes sucessos da sambista! O bloco vai percorrer parte da Av. Bernardo Monteiro, seguindo para a Professor Morais e avenida Get\u00falio Varga, e ser\u00e1 encerrando na rua Para\u00edba.<\/span><\/p>\n<p style=\"text-align: left;\">\u00a0<\/p>\n<p style=\"text-align: left;\"><strong><span style=\"color: #000000;\">Bloco da Calixto\u00a0<\/span><\/strong><\/p>\n<p style=\"text-align: left;\">\u00a0<\/p>\n<p style=\"text-align: left;\"><span style=\"color: #000000;\"><strong>Quando:<\/strong> 25 de fevereiro de 2017 (s\u00e1bado)<\/span><\/p>\n<p style=\"text-align: left;\"><span style=\"color: #000000;\"><strong>Horas:<\/strong> 14h<\/span><\/p>\n<p style=\"text-align: left;\"><span style=\"color: #000000;\"><strong>Onde:<\/strong>\u00a0Rua Bernardo Monteiro, s\/n\u00ba &#8211; Savassi<\/span><\/p>\n<p style=\"text-align: left;\"><span style=\"color: #000000;\"><strong>Quanto:<\/strong> Gratuito\u00a0<\/span><\/p>\n","protected":false},"excerpt":{"rendered":"<p>Neste s\u00e1bado, em todo pique de carnaval, o Bloco da Calixto, comandado pela mineira Aline Calixto, vai colocar todo mundo para pular pelas ruas da Savassi, com as tradicionais marchinhas e os grandes sucessos da sambista! O bloco vai percorrer parte da Av. Bernardo Monteiro, seguindo para a Professor Morais e avenida Get\u00falio Varga, e [&hellip;]<\/p>\n","protected":false},"author":1,"featured_media":2032,"comment_status":"open","ping_status":"closed","sticky":false,"template":"","format":"standard","meta":{"jetpack_post_was_ever_published":false,"_jetpack_newsletter_access":"","_jetpack_dont_email_post_to_subs":true,"_jetpack_newsletter_tier_id":0,"_jetpack_memberships_contains_paywalled_content":false,"_jetpack_memberships_contains_paid_content":false,"footnotes":"","jetpack_publicize_message":"","jetpack_publicize_feature_enabled":true,"jetpack_social_post_already_shared":true,"jetpack_social_options":{"image_generator_settings":{"template":"highway","enabled":false},"version":2}},"categories":[437,1],"tags":[219,277,580,233,252],"class_list":["post-2031","post","type-post","status-publish","format-standard","has-post-thumbnail","hentry","category-carnaval-2017","category-culturaliza","tag-aline-calixto","tag-bloco","tag-bloco-da-calixto","tag-carnaval-2017","tag-folia"],"jetpack_publicize_connections":[],"jetpack_featured_media_url":"https:\/\/culturalizabh.com.br\/wp-content\/uploads\/2017\/02\/central-da-mpb-bloco-da-calixto-carnaval-bh-belo-horizonte-2016-foto-charchar-2.jpg","jetpack_sharing_enabled":true,"jetpack_shortlink":"https:\/\/wp.me\/p864jz-wL","_links":{"self":[{"href":"https:\/\/culturalizabh.com.br\/index.php\/wp-json\/wp\/v2\/posts\/2031","targetHints":{"allow":["GET"]}}],"collection":[{"href":"https:\/\/culturalizabh.com.br\/index.php\/wp-json\/wp\/v2\/posts"}],"about":[{"href":"https:\/\/culturalizabh.com.br\/index.php\/wp-json\/wp\/v2\/types\/post"}],"author":[{"embeddable":true,"href":"https:\/\/culturalizabh.com.br\/index.php\/wp-json\/wp\/v2\/users\/1"}],"replies":[{"embeddable":true,"href":"https:\/\/culturalizabh.com.br\/index.php\/wp-json\/wp\/v2\/comments?post=2031"}],"version-history":[{"count":1,"href":"https:\/\/culturalizabh.com.br\/index.php\/wp-json\/wp\/v2\/posts\/2031\/revisions"}],"predecessor-version":[{"id":2033,"href":"https:\/\/culturalizabh.com.br\/index.php\/wp-json\/wp\/v2\/posts\/2031\/revisions\/2033"}],"wp:featuredmedia":[{"embeddable":true,"href":"https:\/\/culturalizabh.com.br\/index.php\/wp-json\/wp\/v2\/media\/2032"}],"wp:attachment":[{"href":"https:\/\/culturalizabh.com.br\/index.php\/wp-json\/wp\/v2\/media?parent=2031"}],"wp:term":[{"taxonomy":"category","embeddable":true,"href":"https:\/\/culturalizabh.com.br\/index.php\/wp-json\/wp\/v2\/categories?post=2031"},{"taxonomy":"post_tag","embeddable":true,"href":"https:\/\/culturalizabh.com.br\/index.php\/wp-json\/wp\/v2\/tags?post=2031"}],"curies":[{"name":"wp","href":"https:\/\/api.w.org\/{rel}","templated":true}]}}