{"id":19760,"date":"2018-08-21T07:31:27","date_gmt":"2018-08-21T10:31:27","guid":{"rendered":"http:\/\/culturalizabh.com.br\/?p=19760"},"modified":"2018-08-21T07:31:27","modified_gmt":"2018-08-21T10:31:27","slug":"exposicao-sao-francisco-na-arte-de-mestres-italianos","status":"publish","type":"post","link":"https:\/\/culturalizabh.com.br\/index.php\/2018\/08\/21\/exposicao-sao-francisco-na-arte-de-mestres-italianos\/","title":{"rendered":"Exposi\u00e7\u00e3o \u201cS\u00e3o Francisco na Arte de Mestres Italianos\u201d"},"content":{"rendered":"<p style=\"text-align: left\"><span style=\"color: #000000\">Desde o dia 08 de agosto est\u00e1 em exposi\u00e7\u00e3o na capital um incompar\u00e1vel acervo, de importantes cole\u00e7\u00f5es italianas, dos s\u00e9culos XV a XVIII,\u00a0poder\u00e1 ser apreciado na <strong>Casa Fiat de Cultura, <\/strong>obras de mestres como <strong>Tiziano Vecellio<\/strong>, <strong>Perugino<\/strong>, <strong>Orazio Gentileschi<\/strong>, <strong>Guido Reni<\/strong>, <strong>Guercino<\/strong>, <strong>Carracci<\/strong> e <strong>Cigoli<\/strong> chegam pela primeira vez ao Brasil.<\/span><\/p>\n<p>&nbsp;<\/p>\n<p style=\"text-align: left\"><span style=\"color: #000000\">A exposi\u00e7\u00e3o <strong>\u201cS\u00e3o Francisco na Arte de Mestres Italianos\u201d<\/strong>, que re\u00fane 20 obras realizadas entre os s\u00e9culos XV e XVIII, tem curadoria dos italianos <strong>Giovanni Morello<\/strong>, especialista em Hist\u00f3ria da arte \u2013 que idealizou e curou diversas exposi\u00e7\u00f5es de arte antiga na It\u00e1lia, no Vaticano e outros pa\u00edses e integra a comiss\u00e3o permanente de tutela dos monumentos hist\u00f3ricos e art\u00edsticos da Santa S\u00e9 \u2013 e do professor e historiador <strong>Stefano Papetti<\/strong>, diretor da Pinacoteca <strong>Civica di Ascoli Piceno<\/strong>. A mostra apresenta as fases mais relevantes da representa\u00e7\u00e3o de <strong>S\u00e3o Francisco<\/strong> por meio de obras que se integraram \u00e0 cultura local de toda uma \u00e9poca e que ainda encontram espa\u00e7o na cultura ocidental por seus valores art\u00edstico, hist\u00f3rico e simb\u00f3lico.<\/span><\/p>\n<p>&nbsp;<\/p>\n<p style=\"text-align: left\"><span style=\"color: #000000\">A mostra traz acervos de 15 museus de 7 cidades italianas: Galleria Corsini, Palazzo Barberini, Musei Capitolini, Museo di Roma, Museo Francescano dell\u2019Istituto Storico dei Cappuccini (Roma); Pinacoteca Civica, Sacrestia della chiesa di San Francesco, Convento Cappuccini (Ascoli Piceno); Museo Nazionale d&#8217;Abruzzo (L&#8217;Aquila), GalleriaNazionale dell\u2019Umbria (Perugia); Istituto Campana per l&#8217;Istruzione permanente (Osimo); Museo Civico (Rieti), Pinacoteca Nazionale (Bolonha) e Duomo di Novara (Novara). Que conta ainda, com uma importante obra de <strong>Ludovico Cardi<\/strong> (dito Il Cigoli), <strong>\u201cSt. Francis Contemplating a Skull\u201d<\/strong> propriedade do colecionador e ator \u00edtalo-americano <strong>Federico Castelluccio<\/strong>. O quadro vir\u00e1 de Nova York para integrar a exposi\u00e7\u00e3o de Belo Horizonte.<\/span><\/p>\n<p>&nbsp;<\/p>\n<p style=\"text-align: left\"><span style=\"color: #000000\">Os visitantes ainda ter\u00e3o uma experi\u00eancia imersiva e \u00fanica, a mostra tamb\u00e9m inclui uma sala de <strong>Realidade Virtual<\/strong> que vai transportar o visitante da Casa Fiat de Cultura para a <strong>Bas\u00edlica Superior de Assis<\/strong> (1228), na It\u00e1lia, com o uso de \u00f3culos de tecnologia 3D.\u00a0 Ser\u00e1 poss\u00edvel caminhar por uma das mais importantes e belas bas\u00edlicas do pa\u00eds e conhecer obras-primas do pintor italiano <strong>Giotto <\/strong>(1267-1337), artista s\u00edmbolo dos per\u00edodos medieval e pr\u00e9-renascentista. Divididos em tr\u00eas blocos, os afrescos de Giotto representam 28 cenas da hist\u00f3ria da vida e morte de <strong>S\u00e3o Francisco<\/strong>, come\u00e7ando pela sua juventude, passando pela convers\u00e3o at\u00e9 o processo de canoniza\u00e7\u00e3o do santo.\u00a0 Tradi\u00e7\u00e3o, arte e tecnologia se encontram nesta exposi\u00e7\u00e3o, que ficar\u00e1 aberta \u00e0 visita\u00e7\u00e3o at\u00e9 <strong>21 de outubro<\/strong>, com <strong>entrada gratuita.<\/strong><\/span><\/p>\n<p>&nbsp;<\/p>\n<p style=\"text-align: left\"><span style=\"color: #000000\">Abaixo informa\u00e7\u00f5es sobre a exposi\u00e7\u00e3o:<\/span><\/p>\n<p style=\"text-align: left\"><span style=\"color: #000000\"><strong>Exposi\u00e7\u00e3o \u201cS\u00e3o Francisco na Arte de Mestres Italianos\u201d<\/strong><\/span><\/p>\n<p style=\"text-align: left\"><span style=\"color: #000000\"><strong>Quando:<\/strong> 08 de Agosto a 21 de Outubro<\/span><\/p>\n<p style=\"text-align: left\"><span style=\"color: #000000\"><strong>Hora: <\/strong>De ter\u00e7a a sexta-feira &#8211; das 10h \u00e0s 21h<\/span><\/p>\n<p style=\"text-align: left\"><span style=\"color: #000000\">S\u00e1bados, domingos e feriados &#8211; das 10h \u00e0s 18h<\/span><\/p>\n<p style=\"text-align: left\"><span style=\"color: #000000\"><strong>Quanto: <\/strong>Entrada Gratuita<\/span><\/p>\n<p style=\"text-align: left\"><span style=\"color: #000000\"><strong>Onde: <\/strong>Casa Fiat de Cultura &#8211; <a style=\"color: #000000\" href=\"https:\/\/maps.google.com\/?q=Pra%C3%A7a+da+Liberdade,+10&amp;entry=gmail&amp;source=g\">Pra\u00e7a da Liberdade, 10<\/a> \u2013 Esquina com a Rua da Bahia (em frente ao Minas T\u00eanis Clube I)<\/span><\/p>\n<p style=\"text-align: left\">\u00a0<\/p>\n","protected":false},"excerpt":{"rendered":"<p>Desde o dia 08 de agosto est\u00e1 em exposi\u00e7\u00e3o na capital um incompar\u00e1vel acervo, de importantes cole\u00e7\u00f5es italianas, dos s\u00e9culos XV a XVIII,\u00a0poder\u00e1 ser apreciado na Casa Fiat de Cultura, obras de mestres como Tiziano Vecellio, Perugino, Orazio Gentileschi, Guido Reni, Guercino, Carracci e Cigoli chegam pela primeira vez ao Brasil. &nbsp; A exposi\u00e7\u00e3o \u201cS\u00e3o [&hellip;]<\/p>\n","protected":false},"author":22,"featured_media":19761,"comment_status":"open","ping_status":"closed","sticky":false,"template":"","format":"standard","meta":{"jetpack_post_was_ever_published":false,"_jetpack_newsletter_access":"","_jetpack_dont_email_post_to_subs":false,"_jetpack_newsletter_tier_id":0,"_jetpack_memberships_contains_paywalled_content":false,"_jetpack_memberships_contains_paid_content":false,"footnotes":"","jetpack_publicize_message":"","jetpack_publicize_feature_enabled":true,"jetpack_social_post_already_shared":true,"jetpack_social_options":{"image_generator_settings":{"template":"highway","enabled":false},"version":2}},"categories":[19,34,10,3537],"tags":[4315,337,4314],"class_list":["post-19760","post","type-post","status-publish","format-standard","has-post-thumbnail","hentry","category-destaque","category-diversao","category-exposicoes","category-gratuito-ou-a-baixo-custo","tag-basilica-superior-de-assis","tag-casa-fiat-de-cultura","tag-sao-francisco"],"jetpack_publicize_connections":[],"jetpack_featured_media_url":"https:\/\/culturalizabh.com.br\/wp-content\/uploads\/2018\/08\/thumbnail__banner_Circuito_760x497px.jpg","jetpack_sharing_enabled":true,"jetpack_shortlink":"https:\/\/wp.me\/p864jz-58I","_links":{"self":[{"href":"https:\/\/culturalizabh.com.br\/index.php\/wp-json\/wp\/v2\/posts\/19760","targetHints":{"allow":["GET"]}}],"collection":[{"href":"https:\/\/culturalizabh.com.br\/index.php\/wp-json\/wp\/v2\/posts"}],"about":[{"href":"https:\/\/culturalizabh.com.br\/index.php\/wp-json\/wp\/v2\/types\/post"}],"author":[{"embeddable":true,"href":"https:\/\/culturalizabh.com.br\/index.php\/wp-json\/wp\/v2\/users\/22"}],"replies":[{"embeddable":true,"href":"https:\/\/culturalizabh.com.br\/index.php\/wp-json\/wp\/v2\/comments?post=19760"}],"version-history":[{"count":2,"href":"https:\/\/culturalizabh.com.br\/index.php\/wp-json\/wp\/v2\/posts\/19760\/revisions"}],"predecessor-version":[{"id":19763,"href":"https:\/\/culturalizabh.com.br\/index.php\/wp-json\/wp\/v2\/posts\/19760\/revisions\/19763"}],"wp:featuredmedia":[{"embeddable":true,"href":"https:\/\/culturalizabh.com.br\/index.php\/wp-json\/wp\/v2\/media\/19761"}],"wp:attachment":[{"href":"https:\/\/culturalizabh.com.br\/index.php\/wp-json\/wp\/v2\/media?parent=19760"}],"wp:term":[{"taxonomy":"category","embeddable":true,"href":"https:\/\/culturalizabh.com.br\/index.php\/wp-json\/wp\/v2\/categories?post=19760"},{"taxonomy":"post_tag","embeddable":true,"href":"https:\/\/culturalizabh.com.br\/index.php\/wp-json\/wp\/v2\/tags?post=19760"}],"curies":[{"name":"wp","href":"https:\/\/api.w.org\/{rel}","templated":true}]}}