{"id":19716,"date":"2018-08-18T12:34:39","date_gmt":"2018-08-18T15:34:39","guid":{"rendered":"http:\/\/culturalizabh.com.br\/?p=19716"},"modified":"2018-08-18T12:35:58","modified_gmt":"2018-08-18T15:35:58","slug":"exposicao-as-formas-da-cultura-pop-de-fred-birchal","status":"publish","type":"post","link":"https:\/\/culturalizabh.com.br\/index.php\/2018\/08\/18\/exposicao-as-formas-da-cultura-pop-de-fred-birchal\/","title":{"rendered":"Exposi\u00e7\u00e3o\u00a0\u201cAs formas da cultura pop\u201d de Fred Birchal"},"content":{"rendered":"<p class=\"m_-2685724801057020984m_8727174679329645594m_4063537889392705624gmail-m-1750457081909450836gmail-m-6059736319901785985m-2295374265340056776m-8893542148632080394m-3463651950569899282gmail-corpo\" style=\"text-align: left\"><span style=\"color: #000000\">BH ganhou mais um espa\u00e7o cultural! \u00c9 a\u00a0<strong><span lang=\"PT\">Cl\u00f3<\/span><span lang=\"IT\">vis Galeria Caf<\/span><span lang=\"PT\">\u00e9<\/span><span lang=\"PT\">, <\/span><\/strong><span lang=\"PT\">desenvolvida pelos irm\u00e3os\u00a0Felipe\u00a0 e Fred Birchal. A galeria \u00e9 um espa\u00e7o\u00a0 projetado para receber trabalho\u00a0 como:\u00a0\u00a0exposi\u00e7\u00f5es fotogr\u00e1ficas, ilustra\u00e7\u00e3<span lang=\"ES-TRAD\">o, artes pl<\/span>\u00e1sticas e digital e design , al\u00e9m de viabilizar o\u00a0 of\u00edcio de novos artistas e promover\u00a0\u00a0o acesso a cultura na capital mineira.\u00a0<\/span><\/span><\/p>\n<p>&nbsp;<\/p>\n<p class=\"m_-2685724801057020984m_8727174679329645594m_4063537889392705624gmail-m-1750457081909450836gmail-m-6059736319901785985m-2295374265340056776m-8893542148632080394m-3463651950569899282gmail-corpo\" style=\"text-align: left\"><span style=\"color: #000000\"><span lang=\"PT\">A\u00a0 primeira exposi\u00e7\u00e3o que a casa recebe \u00e9 <span lang=\"EN-US\">a mostra<\/span><strong><span lang=\"EN-US\">\u201cAs formas da cultura pop\u201d,\u00a0<\/span><\/strong>composta por 22 imagens digitais inspiradas\u00a0 cinemas , museus e\u00a0artistas Hollywood e dividida em quatro s\u00e9ries sendo elas:\u00a0 <strong><span lang=\"EN-US\"> Hollywood Costumes,\u00a0Famous Settings,\u00a0Museums of Modern Art e\u00a0Music Costumes,\u00a0<\/span><\/strong><\/span><\/span><\/p>\n<p class=\"m_4218276678976687296m_8727174679329645594m_4063537889392705624gmail-m-1750457081909450836gmail-m-6059736319901785985m-2295374265340056776m-8893542148632080394m-3463651950569899282gmail-corpo\">\u00a0<\/p>\n<p class=\"m_-2685724801057020984m_8727174679329645594m_4063537889392705624gmail-m-1750457081909450836gmail-m-6059736319901785985m-2295374265340056776m-8893542148632080394m-3463651950569899282gmail-corpo\" style=\"text-align: left\"><span style=\"color: #000000\">Fred Birchal\u00a0 \u00e9 designer e artista visual, ele destaca que a <strong><span lang=\"PT\">Cl\u00f3<\/span><span lang=\"IT\">vis Galeria Caf<\/span><span lang=\"PT\">\u00e9, <\/span><\/strong><span lang=\"PT\">inaugurada dia 11 de agosto deste ano,<\/span>\u00a0\u00e9 democr\u00e1tico e contempla a realiza\u00e7\u00e3o de projetos e encontros voltados para a cultura.\u00a0<\/span><\/p>\n<p>&nbsp;<\/p>\n<p class=\"m_-2685724801057020984m_8727174679329645594m_4063537889392705624gmail-m-1750457081909450836gmail-m-6059736319901785985m-2295374265340056776m-8893542148632080394m-3463651950569899282gmail-corpo\">\u00a0<\/p>\n<p style=\"text-align: left\"><span style=\"color: #000000\"><b><span lang=\"PT\">Exposi\u00e7\u00e3o:\u00a0<\/span><\/b><span lang=\"PT\">\u201cAs formas da cultura pop\u201d, de Fred Birchal<\/span><\/span><\/p>\n<p style=\"text-align: left\"><span style=\"color: #000000\"><b><span lang=\"PT\">Quando:<\/span><\/b><span lang=\"PT\">\u00a011\/08 at\u00e9 11\/10<\/span><\/span><\/p>\n<p style=\"text-align: left\"><span style=\"color: #000000\"><b><span lang=\"PT\">Hor\u00e1rio:<\/span><\/b><span lang=\"PT\">\u00a09 h \u00e0s 19h, de segunda a sexta|\u00a0 9h \u00e0s 14h, no s\u00e1bado<\/span><\/span><\/p>\n<p style=\"text-align: left\"><span style=\"color: #000000\"><b><span lang=\"PT\">Onde:\u00a0<\/span><\/b><\/span><span lang=\"PT\"><span style=\"color: #000000\">Cl\u00f3vis Galeria Caf\u00e9,<\/span>\u00a0<\/span><span lang=\"PT\"><a href=\"https:\/\/maps.google.com\/?q=rua+Cear%C3%A1,+n%C2%BA+1.584,+Funcion%C3%A1rios&amp;entry=gmail&amp;source=g\" target=\"_blank\" rel=\"noopener noreferrer\">rua Cear\u00e1, n\u00ba 1.584, Funcion\u00e1rios<\/a><\/span><span lang=\"PT\">, <span style=\"color: #000000\">pr\u00f3ximo \u00e0 Pra\u00e7a ABC<\/span><\/span><\/p>\n<p style=\"text-align: left\"><span style=\"color: #000000\"><b><span lang=\"PT\">Quanto:\u00a0<\/span><\/b><span lang=\"PT\">Gratuito<\/span><\/span><\/p>\n","protected":false},"excerpt":{"rendered":"<p>BH ganhou mais um espa\u00e7o cultural! \u00c9 a\u00a0Cl\u00f3vis Galeria Caf\u00e9, desenvolvida pelos irm\u00e3os\u00a0Felipe\u00a0 e Fred Birchal. A galeria \u00e9 um espa\u00e7o\u00a0 projetado para receber trabalho\u00a0 como:\u00a0\u00a0exposi\u00e7\u00f5es fotogr\u00e1ficas, ilustra\u00e7\u00e3o, artes pl\u00e1sticas e digital e design , al\u00e9m de viabilizar o\u00a0 of\u00edcio de novos artistas e promover\u00a0\u00a0o acesso a cultura na capital mineira.\u00a0 &nbsp; A\u00a0 primeira exposi\u00e7\u00e3o [&hellip;]<\/p>\n","protected":false},"author":48,"featured_media":19734,"comment_status":"open","ping_status":"closed","sticky":false,"template":"","format":"standard","meta":{"jetpack_post_was_ever_published":false,"_jetpack_newsletter_access":"","_jetpack_dont_email_post_to_subs":true,"_jetpack_newsletter_tier_id":0,"_jetpack_memberships_contains_paywalled_content":false,"_jetpack_memberships_contains_paid_content":false,"footnotes":"","jetpack_publicize_message":"","jetpack_publicize_feature_enabled":true,"jetpack_social_post_already_shared":true,"jetpack_social_options":{"image_generator_settings":{"template":"highway","enabled":false},"version":2}},"categories":[1,10,3537],"tags":[4305,4306,23],"class_list":["post-19716","post","type-post","status-publish","format-standard","has-post-thumbnail","hentry","category-culturaliza","category-exposicoes","category-gratuito-ou-a-baixo-custo","tag-clovisgaleriacafe","tag-asformasdaculturapop","tag-exposicao"],"jetpack_publicize_connections":[],"jetpack_featured_media_url":"https:\/\/culturalizabh.com.br\/wp-content\/uploads\/2018\/08\/IMG_8280.jpg","jetpack_sharing_enabled":true,"jetpack_shortlink":"https:\/\/wp.me\/p864jz-580","_links":{"self":[{"href":"https:\/\/culturalizabh.com.br\/index.php\/wp-json\/wp\/v2\/posts\/19716","targetHints":{"allow":["GET"]}}],"collection":[{"href":"https:\/\/culturalizabh.com.br\/index.php\/wp-json\/wp\/v2\/posts"}],"about":[{"href":"https:\/\/culturalizabh.com.br\/index.php\/wp-json\/wp\/v2\/types\/post"}],"author":[{"embeddable":true,"href":"https:\/\/culturalizabh.com.br\/index.php\/wp-json\/wp\/v2\/users\/48"}],"replies":[{"embeddable":true,"href":"https:\/\/culturalizabh.com.br\/index.php\/wp-json\/wp\/v2\/comments?post=19716"}],"version-history":[{"count":3,"href":"https:\/\/culturalizabh.com.br\/index.php\/wp-json\/wp\/v2\/posts\/19716\/revisions"}],"predecessor-version":[{"id":19737,"href":"https:\/\/culturalizabh.com.br\/index.php\/wp-json\/wp\/v2\/posts\/19716\/revisions\/19737"}],"wp:featuredmedia":[{"embeddable":true,"href":"https:\/\/culturalizabh.com.br\/index.php\/wp-json\/wp\/v2\/media\/19734"}],"wp:attachment":[{"href":"https:\/\/culturalizabh.com.br\/index.php\/wp-json\/wp\/v2\/media?parent=19716"}],"wp:term":[{"taxonomy":"category","embeddable":true,"href":"https:\/\/culturalizabh.com.br\/index.php\/wp-json\/wp\/v2\/categories?post=19716"},{"taxonomy":"post_tag","embeddable":true,"href":"https:\/\/culturalizabh.com.br\/index.php\/wp-json\/wp\/v2\/tags?post=19716"}],"curies":[{"name":"wp","href":"https:\/\/api.w.org\/{rel}","templated":true}]}}