{"id":19540,"date":"2018-08-15T10:00:04","date_gmt":"2018-08-15T13:00:04","guid":{"rendered":"http:\/\/culturalizabh.com.br\/?p=19540"},"modified":"2018-08-21T16:48:50","modified_gmt":"2018-08-21T19:48:50","slug":"felipe-bedetti-lanca-primeiro-album-no-cine-theatro-brasil","status":"publish","type":"post","link":"https:\/\/culturalizabh.com.br\/index.php\/2018\/08\/15\/felipe-bedetti-lanca-primeiro-album-no-cine-theatro-brasil\/","title":{"rendered":"Felipe Bedetti lan\u00e7a primeiro \u00e1lbum, no Cine Theatro Brasil"},"content":{"rendered":"<p style=\"text-align: left;\"><span style=\"color: #000000;\">Com <strong>Felipe Bedetti<\/strong> a m\u00fasica veio de ber\u00e7o. O jovem m\u00fasico j\u00e1 ouvia os grandes Elomar, Geraldo Azevedo, Beto Guedes e Milton desde muito novo e aos seis anos o viol\u00e3o entrou em sua vida&#8230;\u00a0<\/span><\/p>\n<p style=\"text-align: left;\">\u00a0<\/p>\n<p style=\"text-align: left;\"><span style=\"color: #000000;\">Crescendo t\u00e3o bem acompanhado assim, s\u00f3 poderia sair algo bem interessante, n\u00e3o \u00e9 mesmo? Pois foi assim que nasceu <strong>&#8220;Solo Mineiro&#8221;<\/strong>, o seu primeiro trabalho autoral. De acordo com Bedetti, o disco teve um processo de produ\u00e7\u00e3o bem livre, quando os m\u00fasicos convidados tiveram total liberdade quanto aos seus arranjos. Al\u00e9m de grandes amigos, o artista contou com as participa\u00e7\u00f5es mais que especiais de <strong>Ladston do Nascimento<\/strong> e <strong>Tadeu Franco<\/strong>, &#8220;duas pessoas queridas e dois m\u00fasicos importantes em minha forma\u00e7\u00e3o musical.&#8221;<\/span><\/p>\n<p style=\"text-align: left;\">\u00a0<\/p>\n<p style=\"text-align: left;\"><span style=\"color: #000000;\">O disco re\u00fane can\u00e7\u00f5es que fazem parte da trajet\u00f3ria art\u00edstica de\u00a0Bedetti, dos 13 anos at\u00e9 os dias atuais. Das mais de 70 composi\u00e7\u00f5es ao longo desse per\u00edodo, dez foram escolhidas para fazer parte do\u00a0CD\u00a0e feitas em\u00a0parceria com <strong>Z\u00e9 Luiz Rodovalho<\/strong> (Campinas\/SP), <strong>Thales Martinez<\/strong> (BH\/MG) e <strong>Mar\u00edlia Abduani<\/strong> (Piedade de Ponte Nova\/MG).<\/span><\/p>\n<p style=\"text-align: left;\">\u00a0<\/p>\n<p style=\"text-align: left;\"><span style=\"color: #000000;\"><strong>Ou\u00e7a o \u00e1lbum em diversas plataformas:<\/strong><\/span><\/p>\n<p style=\"text-align: left;\">\u00a0<\/p>\n<p style=\"text-align: left;\"><strong><a href=\"https:\/\/onerpm.com\/al\/3250295200\">https:\/\/onerpm.com\/al\/3250295200<\/a><\/strong><\/p>\n<p style=\"text-align: left;\">\u00a0<\/p>\n<p style=\"text-align: left;\">\u00a0<\/p>\n<p style=\"text-align: left;\"><span style=\"color: #000000;\">Tendo o \u201cjeito\u00a0mineiro\u00a0de ser\u201d como base de inspira\u00e7\u00e3o, Felipe completa que as tradi\u00e7\u00f5es populares, a vida na ro\u00e7a, a estrada e o povo serviram como inspira\u00e7\u00e3o para seu primeiro trabalho autoral.&#8221;Tudo isso serviu de inspira\u00e7\u00e3o, as letras caminham nesse contexto, se passando pelo interior de minas, trazendo toda mineirice que cada um carrega dentro de si.&#8221;<\/span><\/p>\n<div style=\"text-align: left;\">\u00a0<\/div>\n<div style=\"text-align: left;\">\u00a0<\/div>\n<div style=\"text-align: left;\"><span style=\"color: #000000;\"><strong>A m\u00fasica cart\u00e3o de visita\u00a0<\/strong><\/span><\/div>\n<div style=\"text-align: left;\">\u00a0<\/div>\n<div style=\"text-align: left;\">\u00a0<\/div>\n<div style=\"text-align: left;\"><span style=\"color: #000000;\">&#8220;O Sert\u00e3o do Meu Pai&#8221; \u00e9 uma m\u00fasica que sempre est\u00e1 no repert\u00f3rio do cantor e tamb\u00e9m faz parte de &#8220;Solo Mineiro&#8221;. Bedetti afirma que sua letra trata de hist\u00f3rias comuns do cotidiano das pessoas. Al\u00e9m desse destaque, as faixas &#8220;Interior&#8221;, &#8220;Bons tempos&#8221;, &#8220;Campos&#8221; e &#8220;Minas Gerais&#8221; tamb\u00e9m s\u00e3o lembradas por Felipe. &#8220;elas todas juntas formam uma coisa s\u00f3, que representa melhor meu trabalho.&#8221;<\/span><\/p>\n<div>\u00a0<\/div>\n<\/div>\n<div style=\"text-align: left;\">\u00a0<\/div>\n<div style=\"text-align: left;\"><span style=\"color: #000000;\"><strong>Show de lan\u00e7amento\u00a0<\/strong><\/span><\/div>\n<div style=\"text-align: left;\">\u00a0<\/div>\n<div style=\"text-align: left;\">\u00a0<\/div>\n<div style=\"text-align: left;\"><span style=\"color: #000000;\">Para lan\u00e7ar o \u00e1lbum, Felipe se apresenta neste <strong>s\u00e1bado (18\/08)<\/strong>, \u00e0s <strong>19h<\/strong>, no <strong>Teatro de C\u00e2mara Do Cine Theatro Brasil Vallourec<\/strong>, e apresentar\u00e1 as can\u00e7\u00f5es do \u00e1lbum e de outras que n\u00e3o est\u00e3o no trabalho. O show contar\u00e1 com a\u00a0participa\u00e7\u00e3o de <strong>Thiago Couto<\/strong> na flauta e sax, <strong>Jo\u00e3o Paulo Avelar<\/strong> no Baixo e <strong>Aender Reis<\/strong> e <strong>Ladston do Nascimento<\/strong>.\u00a0<\/span><\/div>\n<p style=\"text-align: left;\">\u00a0<\/p>\n<p style=\"font-weight: 400; text-align: left;\">\u00a0<\/p>\n<p style=\"font-weight: 400; text-align: left;\"><span style=\"color: #000000;\"><strong>Felipe\u00a0Bedetti\u00a0<\/strong><strong>lan\u00e7a<\/strong><strong>\u00a0seu\u00a0primeiro\u00a0CD\u00a0\u201cSolo\u00a0mineiro\u201d\u00a0<\/strong><\/span><\/p>\n<p style=\"text-align: left;\">\u00a0<\/p>\n<p style=\"font-weight: 400; text-align: left;\"><span style=\"color: #000000;\"><strong>Quando: <\/strong>18\/08 (s\u00e1bado)\u00a0\u00a0<\/span><\/p>\n<p style=\"font-weight: 400; text-align: left;\"><span style=\"color: #000000;\"><strong>Horas:<\/strong> 19h<\/span><\/p>\n<p style=\"font-weight: 400; text-align: left;\"><span style=\"color: #000000;\"><strong>Onde: <\/strong>Teatro de C\u00e2mara do Cine Theatro Brasil &#8211; Avenida Amazonas, 315 &#8211; Centro<\/span><\/p>\n<p style=\"font-weight: 400; text-align: left;\"><span style=\"color: #000000;\"><strong>Quanto:<\/strong>\u00a0R$ 40 (inteira) e R$ 20 (meia)<\/span><\/p>\n<p style=\"text-align: left;\"><span style=\"color: #000000;\"><strong> Venda na pr\u00f3pria bilheteria do teatro ou pela internet<\/strong>\u00a0\u00a0<a style=\"color: #000000;\" href=\"https:\/\/www.eventim.com.br\/\" data-saferedirecturl=\"https:\/\/www.google.com\/url?hl=pt-BR&amp;q=https:\/\/www.eventim.com.br&amp;source=gmail&amp;ust=1534284770572000&amp;usg=AFQjCNGnBpt_20p1xxMh4LR2slrlE9P_oQ\">https:\/\/www.eventim.com.br<\/a><\/span><\/p>\n<p style=\"text-align: left;\"><span style=\"color: #000000;\"><strong>Informa\u00e7\u00f5es: <\/strong>(31) 3201-5211<\/span><\/p>\n<p>&nbsp;<\/p>\n<p style=\"text-align: left;\"><span style=\"color: #000000;\"><em><strong>*Foto em destaque: Andreia Carvalho<\/strong><\/em><\/span><\/p>\n","protected":false},"excerpt":{"rendered":"<p>Com Felipe Bedetti a m\u00fasica veio de ber\u00e7o. O jovem m\u00fasico j\u00e1 ouvia os grandes Elomar, Geraldo Azevedo, Beto Guedes e Milton desde muito novo e aos seis anos o viol\u00e3o entrou em sua vida&#8230;\u00a0 \u00a0 Crescendo t\u00e3o bem acompanhado assim, s\u00f3 poderia sair algo bem interessante, n\u00e3o \u00e9 mesmo? Pois foi assim que nasceu [&hellip;]<\/p>\n","protected":false},"author":1,"featured_media":19542,"comment_status":"open","ping_status":"closed","sticky":false,"template":"","format":"standard","meta":{"jetpack_post_was_ever_published":false,"_jetpack_newsletter_access":"","_jetpack_dont_email_post_to_subs":true,"_jetpack_newsletter_tier_id":0,"_jetpack_memberships_contains_paywalled_content":false,"_jetpack_memberships_contains_paid_content":false,"footnotes":"","jetpack_publicize_message":"","jetpack_publicize_feature_enabled":true,"jetpack_social_post_already_shared":true,"jetpack_social_options":{"image_generator_settings":{"template":"highway","enabled":false},"version":2}},"categories":[214,18,6],"tags":[2291,50,4274,158,4275],"class_list":["post-19540","post","type-post","status-publish","format-standard","has-post-thumbnail","hentry","category-entrevistas","category-musica","category-shows","tag-autoral","tag-cultura","tag-felipe-bedetti","tag-musica","tag-solo-mineiro"],"jetpack_publicize_connections":[],"jetpack_featured_media_url":"https:\/\/culturalizabh.com.br\/wp-content\/uploads\/2018\/08\/foto-Andreia-Carvalho-1.jpg","jetpack_sharing_enabled":true,"jetpack_shortlink":"https:\/\/wp.me\/p864jz-55a","_links":{"self":[{"href":"https:\/\/culturalizabh.com.br\/index.php\/wp-json\/wp\/v2\/posts\/19540","targetHints":{"allow":["GET"]}}],"collection":[{"href":"https:\/\/culturalizabh.com.br\/index.php\/wp-json\/wp\/v2\/posts"}],"about":[{"href":"https:\/\/culturalizabh.com.br\/index.php\/wp-json\/wp\/v2\/types\/post"}],"author":[{"embeddable":true,"href":"https:\/\/culturalizabh.com.br\/index.php\/wp-json\/wp\/v2\/users\/1"}],"replies":[{"embeddable":true,"href":"https:\/\/culturalizabh.com.br\/index.php\/wp-json\/wp\/v2\/comments?post=19540"}],"version-history":[{"count":4,"href":"https:\/\/culturalizabh.com.br\/index.php\/wp-json\/wp\/v2\/posts\/19540\/revisions"}],"predecessor-version":[{"id":19545,"href":"https:\/\/culturalizabh.com.br\/index.php\/wp-json\/wp\/v2\/posts\/19540\/revisions\/19545"}],"wp:featuredmedia":[{"embeddable":true,"href":"https:\/\/culturalizabh.com.br\/index.php\/wp-json\/wp\/v2\/media\/19542"}],"wp:attachment":[{"href":"https:\/\/culturalizabh.com.br\/index.php\/wp-json\/wp\/v2\/media?parent=19540"}],"wp:term":[{"taxonomy":"category","embeddable":true,"href":"https:\/\/culturalizabh.com.br\/index.php\/wp-json\/wp\/v2\/categories?post=19540"},{"taxonomy":"post_tag","embeddable":true,"href":"https:\/\/culturalizabh.com.br\/index.php\/wp-json\/wp\/v2\/tags?post=19540"}],"curies":[{"name":"wp","href":"https:\/\/api.w.org\/{rel}","templated":true}]}}