{"id":19346,"date":"2018-07-30T12:44:54","date_gmt":"2018-07-30T15:44:54","guid":{"rendered":"http:\/\/culturalizabh.com.br\/?p=19346"},"modified":"2018-08-06T18:22:20","modified_gmt":"2018-08-06T21:22:20","slug":"vamp-o-musical-no-sesc-palladium","status":"publish","type":"post","link":"https:\/\/culturalizabh.com.br\/index.php\/2018\/07\/30\/vamp-o-musical-no-sesc-palladium\/","title":{"rendered":"Vamp &#8211; O musical, no Sesc Palladium"},"content":{"rendered":"<p style=\"text-align: left\"><span style=\"color: #000000\">A <strong>novela Vamp<\/strong> foi um dos grandes cl\u00e1ssicos da televis\u00e3o brasileira, marcando os anos 90 como uma brilhante hist\u00f3ria de amor, com\u00e9dia e terror e hoje \u00e9 considerada cult pelos f\u00e3s e pela cr\u00edtica. Agora, com texto de <strong>Antonio Calmon<\/strong>, concep\u00e7\u00e3o e dire\u00e7\u00e3o geral de <strong>Jorge Fernando<\/strong> e dire\u00e7\u00e3o de <strong>Diego Morais<\/strong>, a montagem volta aos palcos trazendo no elenco os protagonistas do folhetim,<strong> Claudia Ohana<\/strong> e<strong> Ney Latorraca<\/strong>: a inesquec\u00edvel dupla de vampiros hil\u00e1rios, cativantes e apavorantes!<\/span><\/p>\n<p style=\"text-align: left\"><span style=\"color: #000000\">Como na novela, exibida em 1991, a trama conta a hist\u00f3ria de <strong>Natasha<\/strong>, uma cantora que vende a alma para <strong>Conde Vlad<\/strong> em troca do sucesso na carreira. Ele, <strong>apaixonado<\/strong> por sua presa, faz de tudo para conquist\u00e1-la, mas com o passar do tempo Natasha s\u00f3 tenta se livrar dele e da maldi\u00e7\u00e3o de ser vampira para sempre. Para isso, parte em busca do <strong>Medalh\u00e3o do Poder<\/strong>, escondido na cidadezinha litor\u00e2nea Ba\u00eda dos Anjos, onde encontra a fam\u00edlia do <strong>capit\u00e3o Jonas<\/strong>.\u00a0 Natasha vai at\u00e9 l\u00e1 com a desculpa de gravar o clipe de uma m\u00fasica, causando como\u00e7\u00e3o na cidade. Vlad descobre seu plano e, para se <strong>vingar<\/strong>, transforma o para\u00edso em uma cidade tomada por <strong>vampiros<\/strong>. J\u00e1 o final promete ser muito diferente do da novela, capaz de <strong>surpreender<\/strong> at\u00e9 mesmo quem n\u00e3o perdeu nem um cap\u00edtulo da trama&#8230;<\/span><\/p>\n<p style=\"text-align: left\"><span style=\"color: #000000\">Venha conferir!<\/span><\/p>\n<p style=\"text-align: left\">\u00a0<\/p>\n<p style=\"text-align: left\"><strong><span style=\"color: #000000\">Vamp &#8211; O musical<\/span><\/strong><\/p>\n<p style=\"text-align: left\"><span style=\"color: #000000\"><strong>Quando:<\/strong> 10 de agosto de 2018 e 11 de agosto de 2018<\/span><\/p>\n<p style=\"text-align: left\"><span style=\"color: #000000\"><strong>Hora:<\/strong> Sex 21:00 | Sab 17:00 e 21:00<\/span><\/p>\n<p style=\"text-align: left\"><span style=\"color: #000000\"><strong>Onde:<\/strong> Grande Teatro do Sesc Palladium &#8211;\u00a0Av. Augusto de Lima, 420, Centro &#8211; Belo Horizonte\/MG<\/span><\/p>\n<p style=\"text-align: left\"><span style=\"color: #000000\"><strong>Quanto:<\/strong> Pr\u00e9-venda especial R$ 44, 00 (qualquer setor) | Ap\u00f3s a pr\u00e9-venda: Plateia I R$ 130,00 (inteira) R$ 65,00 meia) Plateia II R$ 90,00 (inteira) R$ 65,00 (meia) Plateia II R$ 50,00 (inteira) R$ 25,00 (meia)<\/span><\/p>\n<p style=\"text-align: left\"><span style=\"color: #000000\"><strong>Informa\u00e7\u00f5es:<\/strong>\u00a0(31) 3270-8100 |\u00a0<a style=\"color: #000000\" href=\"http:\/\/www.sescmg.com.br\/sescpalladium\/\" target=\"_blank\" rel=\"noopener\">Site<\/a><\/span><\/p>\n","protected":false},"excerpt":{"rendered":"<p>A novela Vamp foi um dos grandes cl\u00e1ssicos da televis\u00e3o brasileira, marcando os anos 90 como uma brilhante hist\u00f3ria de amor, com\u00e9dia e terror e hoje \u00e9 considerada cult pelos f\u00e3s e pela cr\u00edtica. Agora, com texto de Antonio Calmon, concep\u00e7\u00e3o e dire\u00e7\u00e3o geral de Jorge Fernando e dire\u00e7\u00e3o de Diego Morais, a montagem volta [&hellip;]<\/p>\n","protected":false},"author":48,"featured_media":19347,"comment_status":"open","ping_status":"closed","sticky":false,"template":"","format":"standard","meta":{"jetpack_post_was_ever_published":false,"_jetpack_newsletter_access":"","_jetpack_dont_email_post_to_subs":true,"_jetpack_newsletter_tier_id":0,"_jetpack_memberships_contains_paywalled_content":false,"_jetpack_memberships_contains_paid_content":false,"footnotes":"","jetpack_publicize_message":"","jetpack_publicize_feature_enabled":true,"jetpack_social_post_already_shared":true,"jetpack_social_options":{"image_generator_settings":{"template":"highway","enabled":false},"version":2}},"categories":[1,18,3],"tags":[1560,248,4230],"class_list":["post-19346","post","type-post","status-publish","format-standard","has-post-thumbnail","hentry","category-culturaliza","category-musica","category-teatro","tag-musical","tag-sesc-palladium","tag-vamp"],"jetpack_publicize_connections":[],"jetpack_featured_media_url":"https:\/\/culturalizabh.com.br\/wp-content\/uploads\/2018\/08\/Vamp-Photo-CaioGallucci-022.jpg","jetpack_sharing_enabled":true,"jetpack_shortlink":"https:\/\/wp.me\/p864jz-522","_links":{"self":[{"href":"https:\/\/culturalizabh.com.br\/index.php\/wp-json\/wp\/v2\/posts\/19346","targetHints":{"allow":["GET"]}}],"collection":[{"href":"https:\/\/culturalizabh.com.br\/index.php\/wp-json\/wp\/v2\/posts"}],"about":[{"href":"https:\/\/culturalizabh.com.br\/index.php\/wp-json\/wp\/v2\/types\/post"}],"author":[{"embeddable":true,"href":"https:\/\/culturalizabh.com.br\/index.php\/wp-json\/wp\/v2\/users\/48"}],"replies":[{"embeddable":true,"href":"https:\/\/culturalizabh.com.br\/index.php\/wp-json\/wp\/v2\/comments?post=19346"}],"version-history":[{"count":2,"href":"https:\/\/culturalizabh.com.br\/index.php\/wp-json\/wp\/v2\/posts\/19346\/revisions"}],"predecessor-version":[{"id":19349,"href":"https:\/\/culturalizabh.com.br\/index.php\/wp-json\/wp\/v2\/posts\/19346\/revisions\/19349"}],"wp:featuredmedia":[{"embeddable":true,"href":"https:\/\/culturalizabh.com.br\/index.php\/wp-json\/wp\/v2\/media\/19347"}],"wp:attachment":[{"href":"https:\/\/culturalizabh.com.br\/index.php\/wp-json\/wp\/v2\/media?parent=19346"}],"wp:term":[{"taxonomy":"category","embeddable":true,"href":"https:\/\/culturalizabh.com.br\/index.php\/wp-json\/wp\/v2\/categories?post=19346"},{"taxonomy":"post_tag","embeddable":true,"href":"https:\/\/culturalizabh.com.br\/index.php\/wp-json\/wp\/v2\/tags?post=19346"}],"curies":[{"name":"wp","href":"https:\/\/api.w.org\/{rel}","templated":true}]}}