{"id":18667,"date":"2018-07-18T15:00:56","date_gmt":"2018-07-18T18:00:56","guid":{"rendered":"http:\/\/culturalizabh.com.br\/?p=18667"},"modified":"2018-07-23T15:01:47","modified_gmt":"2018-07-23T18:01:47","slug":"noturno-nos-museus-nesta-sexta-feira-20-07-em-diversos-espacos-culturais-de-bh","status":"publish","type":"post","link":"https:\/\/culturalizabh.com.br\/index.php\/2018\/07\/18\/noturno-nos-museus-nesta-sexta-feira-20-07-em-diversos-espacos-culturais-de-bh\/","title":{"rendered":"Noturno nos Museus nesta sexta-feira (20\/07), em diversos espa\u00e7os culturais de BH"},"content":{"rendered":"<p style=\"text-align: left;\"><span style=\"color: #000000;\">A <strong>Prefeitura de Belo Horizonte<\/strong>, por meio da<strong> Secretaria Municipal de Cultura<\/strong> e da <strong>Funda\u00e7\u00e3o Municipal de Cultura<\/strong>, realiza a <strong>5\u00aa edi\u00e7\u00e3o do Noturno nos Museus<\/strong>, nesta<strong> sexta-feira (20\/08)<\/strong>, em diversos espa\u00e7os culturais da cidade com hor\u00e1rios alternativos variando de 18h \u00e0s 0h.\u00a0<\/span><\/p>\n<p style=\"text-align: left;\">\u00a0<\/p>\n<p style=\"text-align: left;\"><span style=\"color: #000000;\">Neste ano, 17 institui\u00e7\u00f5es participam do projeto e apresentam atra\u00e7\u00f5es que variam entre\u00a0exposi\u00e7\u00f5es, oficinas de arte, exibi\u00e7\u00f5es de v\u00eddeos, instala\u00e7\u00f5es culturais, shows, apresenta\u00e7\u00f5es de dan\u00e7a, espet\u00e1culos teatrais, entre outras.\u00a0<\/span><\/p>\n<p style=\"text-align: left;\">\u00a0<\/p>\n<p style=\"text-align: left;\"><span style=\"color: #000000;\"><strong>Vans gratuitas<\/strong><\/span><\/p>\n<p style=\"text-align: left;\">\u00a0<\/p>\n<p style=\"text-align: left;\"><span style=\"color: #000000;\">Para facilitar a chegada nos diversos locais, ser\u00e3o disponibilizadas gratuitamente vans que sair\u00e3o do centro de BH e de alguns centros culturais, interligando diversos museus. As vans estar\u00e3o dispon\u00edveis a partir das 18h at\u00e9 0h\u00a0<\/span><\/p>\n<p style=\"text-align: left;\">\u00a0<\/p>\n<h3 style=\"text-align: left;\"><a href=\"http:\/\/www.noturnonosmuseus.pbh.gov.br\/\">Confira a programa\u00e7\u00e3o completa, clicando aqui!\u00a0<\/a><\/h3>\n","protected":false},"excerpt":{"rendered":"<p>A Prefeitura de Belo Horizonte, por meio da Secretaria Municipal de Cultura e da Funda\u00e7\u00e3o Municipal de Cultura, realiza a 5\u00aa edi\u00e7\u00e3o do Noturno nos Museus, nesta sexta-feira (20\/08), em diversos espa\u00e7os culturais da cidade com hor\u00e1rios alternativos variando de 18h \u00e0s 0h.\u00a0 \u00a0 Neste ano, 17 institui\u00e7\u00f5es participam do projeto e apresentam atra\u00e7\u00f5es que [&hellip;]<\/p>\n","protected":false},"author":1,"featured_media":18669,"comment_status":"open","ping_status":"closed","sticky":false,"template":"","format":"standard","meta":{"jetpack_post_was_ever_published":false,"_jetpack_newsletter_access":"","_jetpack_dont_email_post_to_subs":true,"_jetpack_newsletter_tier_id":0,"_jetpack_memberships_contains_paywalled_content":false,"_jetpack_memberships_contains_paid_content":false,"footnotes":"","jetpack_publicize_message":"","jetpack_publicize_feature_enabled":true,"jetpack_social_post_already_shared":true,"jetpack_social_options":{"image_generator_settings":{"template":"highway","enabled":false},"version":2}},"categories":[14],"tags":[283,50,783,4105],"class_list":["post-18667","post","type-post","status-publish","format-standard","has-post-thumbnail","hentry","category-dicas","tag-cult","tag-cultura","tag-museu","tag-noturno-nos-museus"],"jetpack_publicize_connections":[],"jetpack_featured_media_url":"https:\/\/culturalizabh.com.br\/wp-content\/uploads\/2018\/07\/Museu-Inim\u00e1-de-Paula-Autoria-Isaac-Boy-Educativo-Museu-Inim\u00e1-de-Paula.jpg","jetpack_sharing_enabled":true,"jetpack_shortlink":"https:\/\/wp.me\/p864jz-4R5","_links":{"self":[{"href":"https:\/\/culturalizabh.com.br\/index.php\/wp-json\/wp\/v2\/posts\/18667","targetHints":{"allow":["GET"]}}],"collection":[{"href":"https:\/\/culturalizabh.com.br\/index.php\/wp-json\/wp\/v2\/posts"}],"about":[{"href":"https:\/\/culturalizabh.com.br\/index.php\/wp-json\/wp\/v2\/types\/post"}],"author":[{"embeddable":true,"href":"https:\/\/culturalizabh.com.br\/index.php\/wp-json\/wp\/v2\/users\/1"}],"replies":[{"embeddable":true,"href":"https:\/\/culturalizabh.com.br\/index.php\/wp-json\/wp\/v2\/comments?post=18667"}],"version-history":[{"count":3,"href":"https:\/\/culturalizabh.com.br\/index.php\/wp-json\/wp\/v2\/posts\/18667\/revisions"}],"predecessor-version":[{"id":18671,"href":"https:\/\/culturalizabh.com.br\/index.php\/wp-json\/wp\/v2\/posts\/18667\/revisions\/18671"}],"wp:featuredmedia":[{"embeddable":true,"href":"https:\/\/culturalizabh.com.br\/index.php\/wp-json\/wp\/v2\/media\/18669"}],"wp:attachment":[{"href":"https:\/\/culturalizabh.com.br\/index.php\/wp-json\/wp\/v2\/media?parent=18667"}],"wp:term":[{"taxonomy":"category","embeddable":true,"href":"https:\/\/culturalizabh.com.br\/index.php\/wp-json\/wp\/v2\/categories?post=18667"},{"taxonomy":"post_tag","embeddable":true,"href":"https:\/\/culturalizabh.com.br\/index.php\/wp-json\/wp\/v2\/tags?post=18667"}],"curies":[{"name":"wp","href":"https:\/\/api.w.org\/{rel}","templated":true}]}}