{"id":18584,"date":"2018-07-16T17:06:58","date_gmt":"2018-07-16T20:06:58","guid":{"rendered":"http:\/\/culturalizabh.com.br\/?p=18584"},"modified":"2018-07-16T17:06:58","modified_gmt":"2018-07-16T20:06:58","slug":"concerto-muntano-o-mondengo-com-elomar-figueira-mello-e-joao-omar","status":"publish","type":"post","link":"https:\/\/culturalizabh.com.br\/index.php\/2018\/07\/16\/concerto-muntano-o-mondengo-com-elomar-figueira-mello-e-joao-omar\/","title":{"rendered":"Concerto \u201cMuntano o Mondengo\u201d, com Elomar Figueira Mello e Jo\u00e3o Omar"},"content":{"rendered":"<p style=\"text-align: left\"><span style=\"color: #000000\">A semana ainda est\u00e1 no in\u00edcio mas j\u00e1 temos uma programa\u00e7\u00e3o toda especial para o pr\u00f3ximo fim de semana, dia 20 e 21 de julho, o <strong>Teatro do Centro Cultural Minas T\u00eanis Clube<\/strong>, recebe <strong>Elomar Figueira Mello<\/strong> e <strong>Jo\u00e3o<\/strong> <strong>Omar<\/strong> para um concerto com repert\u00f3rio criado com o objetivo de valorizar a hist\u00f3ria dos viajantes, retirantes, tropeiros, andarilhos errantes e cegos cantadores.\u00a0<\/span><\/p>\n<p>&nbsp;<\/p>\n<p style=\"text-align: left\"><span style=\"color: #000000\"><strong>Muntano<\/strong> <strong>o<\/strong> <strong>Mondengo<\/strong>, com <strong>Elomar<\/strong> <strong>Figueira<\/strong> <strong>Mello<\/strong> e o m\u00fasico convidado <strong>Jo\u00e3o Omar<\/strong>, trafega pela hist\u00f3ria do <strong>Brasil<\/strong> atrav\u00e9s da m\u00fasica, perpassando as rotinas dos tropeiros, vaqueiros e retirantes, numa leitura de seu universo simb\u00f3lico e fant\u00e1stico. A express\u00e3o \u2018<strong>Muntano o Mondengo\u2019<\/strong>, faz refer\u00eancia aos versos da can\u00e7\u00e3o <strong>\u201cNa<\/strong> <strong>Quadrada<\/strong> <strong>das<\/strong> <strong>\u00c1guas<\/strong> <strong>Perdidas<\/strong>, tamb\u00e9m t\u00edtulo do segundo \u00e1lbum musical de Elomar, gravado nos est\u00fadios do Semin\u00e1rio Livre de M\u00fasica da Universidade Federal da Bahia, em dezembro de 1978, com participa\u00e7\u00e3o e muito empenho dos malungos D\u00e9rcio Marques, Carlos Pita, F\u00e1bio Paes, Xangai, Elena Rodrigues Neuma, Cal, Limonge e o saudoso Alevando Luz. \u201cCom algumas penadas do tamb\u00e9m saudoso Ernest Widmer\u201d, completa Elomar.<\/span><\/p>\n<p>&nbsp;<\/p>\n<p style=\"text-align: left\"><span style=\"color: #000000\">O artista que conquistou respeitabilidade no meio da m\u00fasica popular genuinamente brasileira e na m\u00fasica erudita mais elaborada, comp\u00f5e suas obras percorrendo os &#8220;lugares encantados\u201d, a sua \u201cgeografia inventada\u201d, neste projeto traz a capital mineira, o Sert\u00e3o Profundo de Elomar (aquele lugar vaporoso, que se desmancha toda vez que se alcan\u00e7a), numa interpreta\u00e7\u00e3o incomum com seu viol\u00e3o e voz de menestrel, al\u00e9m do maestro <strong>Jo\u00e3o<\/strong> <strong>Omar<\/strong> violonista, violoncelista, filho de Elomar. A apresenta\u00e7\u00e3o \u00e9 uma oportunidade capaz de transportar o p\u00fablico para uma viagem\u00a0com estes dois andarilhos capitaneada por uma linguagem musical elaborada no portugu\u00eas vern\u00e1culo, dos tempos do come\u00e7o e tamb\u00e9m no dialeto ro\u00e7aliano, cunhado na obra de Elomar, como \u201cdialeto sertanez\u201d.<\/span><\/p>\n<p style=\"text-align: left\">\u00a0<\/p>\n<p style=\"text-align: left\"><span style=\"color: #000000\"><strong>Montanu<\/strong> <strong>o<\/strong> <strong>Modengo<\/strong>\u00a0faz parte da Agenda Nacional <strong>\u201cHomenagem<\/strong> <strong>ao<\/strong> <strong>Menestrel\u201d,<\/strong> em comemora\u00e7\u00e3o aos 80 anos do cantor e compositor brasileiro Elomar Figueira Mello completados em 21 de dezembro de 2017. Nas palavras de Rossane Nascimento, produtora de Elomar, \u201cos tropeiros \u2018muntandos mundengos\u2019 atravessaram o pa\u00eds de ponta a ponta, levando a sua cultura por onde quer que passassem; aprendiam e ensinavam. Geravam riquezas, difundiam h\u00e1bitos e costumes. Faziam florescer cidades a partir de simples rancharias, deixando como legado h\u00e1bitos e costumes ainda presentes na vida cotidiana\u201d.<\/span><\/p>\n<p>&nbsp;<\/p>\n<p style=\"text-align: left\"><span style=\"color: #000000\">Abaixo mais informa\u00e7\u00f5es sobre o concerto:<\/span><\/p>\n<p style=\"text-align: left\"><span style=\"color: #000000\"><strong>Concerto \u201cMuntano o Mondengo\u201d, com Elomar Figueira Mello e Jo\u00e3o Omar<\/strong><\/span><\/p>\n<p style=\"text-align: left\"><span style=\"color: #000000\"><strong>Quando:<\/strong> 20 e 21 de julho de 2018\u00a0<\/span><\/p>\n<p style=\"text-align: left\"><span style=\"color: #000000\"><strong>Hora:<\/strong> 20h<\/span><\/p>\n<p style=\"text-align: left\"><span style=\"color: #000000\"><strong>Onde<\/strong>: Teatro do Centro Cultural Minas T\u00eanis Clube\u00a0\u2013 Rua da Bahia, 2244 &#8211; Lourdes &#8211;\u00a0<\/span><\/p>\n<p style=\"text-align: left\"><span style=\"color: #000000\"><strong>Quanto: <\/strong>R$ 100 (inteira) e R$ 50 (meia-entrada)<\/span><\/p>\n<p style=\"text-align: left\"><span style=\"color: #000000\">Ingressos \u00e0 venda na bilheteria ou no site:\u00a0<a style=\"color: #000000\" href=\"http:\/\/www.eventim.com.br\/\">www.eventim.com.br<\/a><\/span><\/p>\n<p style=\"text-align: left\"><span style=\"color: #000000\">Hor\u00e1rio de funcionamento da bilheteria:\u00a0de segunda a s\u00e1bado, das 12h \u00e0s 20h, e domingo, das 12h \u00e0s 19h. Formas de pagamento: dinheiro e todos os cart\u00f5es de d\u00e9bito e cr\u00e9dito.<\/span><\/p>\n<p style=\"text-align: left\"><span style=\"color: #000000\">Estacionamento com acesso interno:\u00a0entrada pela rua da Bahia, ao lado do Teatro.<\/span><\/p>\n<p style=\"text-align: left\">\u00a0<\/p>\n","protected":false},"excerpt":{"rendered":"<p>A semana ainda est\u00e1 no in\u00edcio mas j\u00e1 temos uma programa\u00e7\u00e3o toda especial para o pr\u00f3ximo fim de semana, dia 20 e 21 de julho, o Teatro do Centro Cultural Minas T\u00eanis Clube, recebe Elomar Figueira Mello e Jo\u00e3o Omar para um concerto com repert\u00f3rio criado com o objetivo de valorizar a hist\u00f3ria dos viajantes, [&hellip;]<\/p>\n","protected":false},"author":22,"featured_media":18585,"comment_status":"open","ping_status":"closed","sticky":false,"template":"","format":"standard","meta":{"jetpack_post_was_ever_published":false,"_jetpack_newsletter_access":"","_jetpack_dont_email_post_to_subs":false,"_jetpack_newsletter_tier_id":0,"_jetpack_memberships_contains_paywalled_content":false,"_jetpack_memberships_contains_paid_content":false,"footnotes":"","jetpack_publicize_message":"","jetpack_publicize_feature_enabled":true,"jetpack_social_post_already_shared":true,"jetpack_social_options":{"image_generator_settings":{"template":"highway","enabled":false},"version":2}},"categories":[1,14,34,6],"tags":[4086,3969],"class_list":["post-18584","post","type-post","status-publish","format-standard","has-post-thumbnail","hentry","category-culturaliza","category-dicas","category-diversao","category-shows","tag-montanu-o-modengo","tag-teatro-do-centro-cultural-minas-tenis-clube"],"jetpack_publicize_connections":[],"jetpack_featured_media_url":"https:\/\/culturalizabh.com.br\/wp-content\/uploads\/2018\/07\/Elomar-Foto-Kika-Antunes-1.jpg","jetpack_sharing_enabled":true,"jetpack_shortlink":"https:\/\/wp.me\/p864jz-4PK","_links":{"self":[{"href":"https:\/\/culturalizabh.com.br\/index.php\/wp-json\/wp\/v2\/posts\/18584","targetHints":{"allow":["GET"]}}],"collection":[{"href":"https:\/\/culturalizabh.com.br\/index.php\/wp-json\/wp\/v2\/posts"}],"about":[{"href":"https:\/\/culturalizabh.com.br\/index.php\/wp-json\/wp\/v2\/types\/post"}],"author":[{"embeddable":true,"href":"https:\/\/culturalizabh.com.br\/index.php\/wp-json\/wp\/v2\/users\/22"}],"replies":[{"embeddable":true,"href":"https:\/\/culturalizabh.com.br\/index.php\/wp-json\/wp\/v2\/comments?post=18584"}],"version-history":[{"count":2,"href":"https:\/\/culturalizabh.com.br\/index.php\/wp-json\/wp\/v2\/posts\/18584\/revisions"}],"predecessor-version":[{"id":18587,"href":"https:\/\/culturalizabh.com.br\/index.php\/wp-json\/wp\/v2\/posts\/18584\/revisions\/18587"}],"wp:featuredmedia":[{"embeddable":true,"href":"https:\/\/culturalizabh.com.br\/index.php\/wp-json\/wp\/v2\/media\/18585"}],"wp:attachment":[{"href":"https:\/\/culturalizabh.com.br\/index.php\/wp-json\/wp\/v2\/media?parent=18584"}],"wp:term":[{"taxonomy":"category","embeddable":true,"href":"https:\/\/culturalizabh.com.br\/index.php\/wp-json\/wp\/v2\/categories?post=18584"},{"taxonomy":"post_tag","embeddable":true,"href":"https:\/\/culturalizabh.com.br\/index.php\/wp-json\/wp\/v2\/tags?post=18584"}],"curies":[{"name":"wp","href":"https:\/\/api.w.org\/{rel}","templated":true}]}}