{"id":18505,"date":"2018-07-14T00:22:31","date_gmt":"2018-07-14T03:22:31","guid":{"rendered":"http:\/\/culturalizabh.com.br\/?p=18505"},"modified":"2018-07-14T00:22:31","modified_gmt":"2018-07-14T03:22:31","slug":"ferias-no-museu-dos-brinquedos","status":"publish","type":"post","link":"https:\/\/culturalizabh.com.br\/index.php\/2018\/07\/14\/ferias-no-museu-dos-brinquedos\/","title":{"rendered":"F\u00e9rias no Museu dos Brinquedos"},"content":{"rendered":"<p style=\"text-align: left\"><span style=\"color: #000000\">Julho chegou e com ele as f\u00e9rias, por isso o museu dos brinquedos preparou uma super programa\u00e7\u00e3o para a crian\u00e7ada a partir de 3 anos aproveitar muito! A tem\u00e1tica da col\u00f4nia de f\u00e9rias \u00e9\u00a0\u201cAventura no Universo\u201d, os pequenos v\u00e3o se divertir com t\u00f3picos relacionados ao espa\u00e7o e tamb\u00e9m com astronomia e poder\u00e3o soltar a imagina\u00e7\u00e3o com uma visita ao sistema solar passando pelos planetas, cometas e tudo que diz respeito ao universo.<\/span><\/p>\n<p>&nbsp;<\/p>\n<p style=\"text-align: left\"><span style=\"color: #000000\">Entre as atividades tem\u00e1ticas est\u00e3o oficinas, onde as crian\u00e7as v\u00e3o aprender produzir brinquedos de papel\u00e3o &#8211; Laborat\u00f3rio de Experi\u00eancias Malucas, a crian\u00e7ada vai poder desvendar mist\u00e9rios do universo. Haver\u00e1 tamb\u00e9m show lun\u00e1tico com os educadores do Museu que v\u00e3o apresentar diversas experi\u00eancias, entre elas\u00a0vulc\u00e3o e areia movedi\u00e7a.<\/span><\/p>\n<p>&nbsp;<\/p>\n<p><img loading=\"lazy\" decoding=\"async\" class=\"aligncenter wp-image-18542 \" src=\"https:\/\/culturalizabh.com.br\/wp-content\/uploads\/2018\/07\/Col\u00f4nia-de-F\u00e9rias-Museu-dos-Brinquedos_-divulga\u00e7\u00e3o-1-300x200.jpg\" alt=\"\" width=\"464\" height=\"309\" \/><\/p>\n<p style=\"font-weight: 400;text-align: left\">\u00a0<\/p>\n<p style=\"font-weight: 400;text-align: left\"><span style=\"color: #000000\">Al\u00e9m de toda programa\u00e7\u00e3o preparada exclusivamente para a col\u00f4nia de f\u00e9rias, a garotada tamb\u00e9m poder\u00e1 se divertir no p\u00e1tio de brinquedos, exposi\u00e7\u00e3o de hist\u00f3ria que originou o Museu dos Brinquedos e a brinquedoteca. Ent\u00e3o, n\u00e3o tem com quem deixar as crian\u00e7as nas f\u00e9rias? o Museu dos brinquedos \u00e9 uma boa op\u00e7\u00e3o! Confira os pre\u00e7os e a programa\u00e7\u00e3o da semana.<\/span><\/p>\n<p>&nbsp;<\/p>\n<p style=\"text-align: left\"><strong><span style=\"color: #000000\">De Segunda a sexta- feira!<\/span><\/strong><\/p>\n<p style=\"text-align: left\"><span style=\"color: #000000\"><strong>13h\u00a0<\/strong> Chegada\u00a0 p\u00e1tio livre<\/span><\/p>\n<p style=\"text-align: left\"><span style=\"color: #000000\"><strong>13h30\u00a0<\/strong>Brincadeiras coletivas: gincana e cantigas de roda.<\/span><\/p>\n<p style=\"text-align: left\"><span style=\"color: #000000\"><strong>14h\u00a0<\/strong>( Uma oficina para cada dia da semana)<\/span><\/p>\n<p style=\"text-align: left\"><span style=\"color: #000000\">Oficina de rob\u00f4 com papel\u00e3o e bugigangas<\/span><\/p>\n<p style=\"text-align: left\"><span style=\"color: #000000\">Oficina de espa\u00e7onave com E.T.<\/span><\/p>\n<p style=\"text-align: left\"><span style=\"color: #000000\">Oficina de foguete com caixas e garrafas pets<\/span><\/p>\n<p style=\"text-align: left\"><span style=\"color: #000000\">Oficina de disco voador com CDs<\/span><\/p>\n<p style=\"text-align: left\"><span style=\"color: #000000\">Oficina de astronauta<\/span><\/p>\n<p style=\"text-align: left\"><span style=\"color: #000000\"><strong>15h<\/strong>\u00a0Hora do Lanche<\/span><\/p>\n<p style=\"text-align: left\"><span style=\"color: #000000\"><strong>15h30<\/strong>\u00a0Hora de conto: hist\u00f3rias de aventuras espaciais<\/span><\/p>\n<p style=\"text-align: left\"><span style=\"color: #000000\"><strong>16h\u00a0<\/strong> Show Lun\u00e1tico com os Educadores do Museu:<\/span><\/p>\n<p style=\"text-align: left\"><span style=\"color: #000000\">\u00a0Jo\u00e3o J\u00fapiter, Mel Merc\u00fario, Ale Pot\u00e1ssio, Dani Meteoro, Deb Marte ir\u00e3o apresentar interessantes e inusitadas experi\u00eancias, como vulc\u00e3o e areia movedi\u00e7a.<\/span><\/p>\n<p style=\"text-align: left\"><span style=\"color: #000000\"><strong>16h30<\/strong>\u00a0 \u00a0Laborat\u00f3rio de Experi\u00eancias Malucas ( uma experi\u00eancia para cada dia da semana)<\/span><\/p>\n<p style=\"text-align: left\"><span style=\"color: #000000\">Geleca c\u00f3smica<\/span><\/p>\n<p style=\"text-align: left\"><span style=\"color: #000000\">Ilus\u00e3o de \u00f3tica<\/span><\/p>\n<p style=\"text-align: left\"><span style=\"color: #000000\">Rel\u00f3gio de sol<\/span><\/p>\n<p style=\"text-align: left\"><span style=\"color: #000000\">Oficina de B\u00fassola<\/span><\/p>\n<p style=\"text-align: left\"><span style=\"color: #000000\"><strong>17h15<\/strong>\u00a0P\u00e1tio de Brincadeiras<\/span><\/p>\n<p style=\"text-align: left\"><span style=\"color: #000000\"><strong>17h30<\/strong>\u00a0Encerramento das Atividades<\/span><\/p>\n<p>&nbsp;<\/p>\n<p>&nbsp;<\/p>\n<p style=\"text-align: left\"><span style=\"color: #000000\"><strong>Quando:<\/strong>\u00a0de 16 a 31 de julho (segunda a sexta-feira)<\/span><\/p>\n<p style=\"text-align: left\"><span style=\"color: #000000\"><strong>Onde:<\/strong>\u00a0Museu dos Brinquedos &#8211; Avenida Afonso Pena, 2564 \u2013 Funcion\u00e1rios<\/span><\/p>\n<p style=\"text-align: left\"><span style=\"color: #000000\"><strong>Hor\u00e1rio:\u00a0<\/strong>13h \u00e0s 17h30<\/span><\/p>\n<p style=\"text-align: left\"><span style=\"color: #000000\"><strong>Quanto:\u00a0<\/strong>R$ 65 ou R$ 260 por semana. Irm\u00e3os ganham 10% de desconto|\u00a0Visita regular: R$ 24 inteira\u00a0 e R$ 12,00 meia entrada.<\/span><\/p>\n<p style=\"text-align: left\"><span style=\"color: #000000\"><strong>Observa\u00e7\u00e3o:<\/strong> Cada crian\u00e7a deve levar o seu lanche.<\/span><\/p>\n<p style=\"font-weight: 400;text-align: left\"><span style=\"color: #000000\"><strong>Faixa et\u00e1ria:\u00a0<\/strong>\u00a0A partir de 3 anos<\/span><\/p>\n<p style=\"font-weight: 400;text-align: left\"><span style=\"color: #000000\"><strong>Informa\u00e7\u00f5es:<\/strong>(31) 3261-3992<\/span>\u00a0\u00a0<u><a href=\"https:\/\/www.facebook.com\/museudosbrinquedos\">www.facebook.com\/museudosbrinquedos<\/a><\/u>\u00a0<\/p>\n<p style=\"font-weight: 400\">\u00a0<\/p>\n<p style=\"font-weight: 400\">\u00a0<\/p>\n<p>&nbsp;<\/p>\n","protected":false},"excerpt":{"rendered":"<p>Julho chegou e com ele as f\u00e9rias, por isso o museu dos brinquedos preparou uma super programa\u00e7\u00e3o para a crian\u00e7ada a partir de 3 anos aproveitar muito! A tem\u00e1tica da col\u00f4nia de f\u00e9rias \u00e9\u00a0\u201cAventura no Universo\u201d, os pequenos v\u00e3o se divertir com t\u00f3picos relacionados ao espa\u00e7o e tamb\u00e9m com astronomia e poder\u00e3o soltar a imagina\u00e7\u00e3o [&hellip;]<\/p>\n","protected":false},"author":48,"featured_media":18543,"comment_status":"open","ping_status":"closed","sticky":false,"template":"","format":"standard","meta":{"jetpack_post_was_ever_published":false,"_jetpack_newsletter_access":"","_jetpack_dont_email_post_to_subs":false,"_jetpack_newsletter_tier_id":0,"_jetpack_memberships_contains_paywalled_content":false,"_jetpack_memberships_contains_paid_content":false,"footnotes":"","jetpack_publicize_message":"","jetpack_publicize_feature_enabled":true,"jetpack_social_post_already_shared":true,"jetpack_social_options":{"image_generator_settings":{"template":"highway","enabled":false},"version":2}},"categories":[1,34,3537,13],"tags":[4079,4078,425,60],"class_list":["post-18505","post","type-post","status-publish","format-standard","has-post-thumbnail","hentry","category-culturaliza","category-diversao","category-gratuito-ou-a-baixo-custo","category-infantil","tag-coloniadeferrias","tag-museudosbriquedos","tag-culturalizabh","tag-ferias"],"jetpack_publicize_connections":[],"jetpack_featured_media_url":"https:\/\/culturalizabh.com.br\/wp-content\/uploads\/2018\/07\/Fachada-Museu-dos-Brinquedos_divulga\u00e7\u00e3o-1.jpg","jetpack_sharing_enabled":true,"jetpack_shortlink":"https:\/\/wp.me\/p864jz-4Ot","_links":{"self":[{"href":"https:\/\/culturalizabh.com.br\/index.php\/wp-json\/wp\/v2\/posts\/18505","targetHints":{"allow":["GET"]}}],"collection":[{"href":"https:\/\/culturalizabh.com.br\/index.php\/wp-json\/wp\/v2\/posts"}],"about":[{"href":"https:\/\/culturalizabh.com.br\/index.php\/wp-json\/wp\/v2\/types\/post"}],"author":[{"embeddable":true,"href":"https:\/\/culturalizabh.com.br\/index.php\/wp-json\/wp\/v2\/users\/48"}],"replies":[{"embeddable":true,"href":"https:\/\/culturalizabh.com.br\/index.php\/wp-json\/wp\/v2\/comments?post=18505"}],"version-history":[{"count":4,"href":"https:\/\/culturalizabh.com.br\/index.php\/wp-json\/wp\/v2\/posts\/18505\/revisions"}],"predecessor-version":[{"id":18546,"href":"https:\/\/culturalizabh.com.br\/index.php\/wp-json\/wp\/v2\/posts\/18505\/revisions\/18546"}],"wp:featuredmedia":[{"embeddable":true,"href":"https:\/\/culturalizabh.com.br\/index.php\/wp-json\/wp\/v2\/media\/18543"}],"wp:attachment":[{"href":"https:\/\/culturalizabh.com.br\/index.php\/wp-json\/wp\/v2\/media?parent=18505"}],"wp:term":[{"taxonomy":"category","embeddable":true,"href":"https:\/\/culturalizabh.com.br\/index.php\/wp-json\/wp\/v2\/categories?post=18505"},{"taxonomy":"post_tag","embeddable":true,"href":"https:\/\/culturalizabh.com.br\/index.php\/wp-json\/wp\/v2\/tags?post=18505"}],"curies":[{"name":"wp","href":"https:\/\/api.w.org\/{rel}","templated":true}]}}