{"id":18104,"date":"2018-07-03T10:48:35","date_gmt":"2018-07-03T13:48:35","guid":{"rendered":"http:\/\/culturalizabh.com.br\/?p=18104"},"modified":"2018-07-03T10:48:35","modified_gmt":"2018-07-03T13:48:35","slug":"exposicao-cidades-e-outras-passagens-na-casa-fiat-de-cultura-caminhos-de-uma-residencia-em-arte-digital","status":"publish","type":"post","link":"https:\/\/culturalizabh.com.br\/index.php\/2018\/07\/03\/exposicao-cidades-e-outras-passagens-na-casa-fiat-de-cultura-caminhos-de-uma-residencia-em-arte-digital\/","title":{"rendered":"Exposi\u00e7\u00e3o \u201cCidades e outras passagens na Casa Fiat de Cultura \u2013 Caminhos de uma resid\u00eancia em arte digital\u201d"},"content":{"rendered":"<p style=\"text-align: left\"><span style=\"color: #000000\">Entre os dias <strong>4 de julho a 5 de agosto<\/strong>, o p\u00fablico poder\u00e1 conferir tr\u00eas instala\u00e7\u00f5es e quatro videoartes, de artistas que antes ocupavam o espa\u00e7o de cria\u00e7\u00e3o da <strong>Resid\u00eancia Art\u00edstica em Arte Digital da Casa Fiat de Cultura<\/strong>, agora v\u00e3o ocupar a Piccola Galleria e o Videowall do hall principal para apresentar os processos e resultados da jornada colaborativa na <strong>exposi\u00e7\u00e3o \u201cCidades e outras passagens na Casa Fiat de Cultura \u2013 Caminhos de uma resid\u00eancia em arte digital\u201d.<\/strong><\/span><\/p>\n<p>&nbsp;<\/p>\n<p style=\"text-align: left\"><span style=\"color: #000000\">A Mostra foi criada a partir da imers\u00e3o em projetos que buscavam relacionar a cidade de <strong>Belo Horizonte<\/strong> ao painel de <strong>Candido Portinari \u201cCiviliza\u00e7\u00e3o Mineira\u201d<\/strong> (1959), &#8211; que retrata a mudan\u00e7a da capital mineira de Ouro Preto para Belo Horizonte em 1897 e o marco hist\u00f3rico que a Inconfid\u00eancia Mineira de 1789 representou para o Estado &#8211; acervo da Casa Fiat de Cultura em exposi\u00e7\u00e3o permanente. A proposta era criar obras com foco na transforma\u00e7\u00e3o da experi\u00eancia do p\u00fablico visitante, inserindo-o em uma realidade h\u00edbrida: <strong>material <\/strong>e <strong>virtual<\/strong>.<\/span><\/p>\n<p>&nbsp;<\/p>\n<p style=\"text-align: left\"><span style=\"color: #000000\">O t\u00edtulo da exposi\u00e7\u00e3o remete aos caminhos trilhados pelos artistas para falar dessas duas cidades, Ouro Preto e Belo Horizonte. Caminhos em sentido amplo: art\u00edsticos, t\u00e9cnicos, pol\u00edtico-sociais e at\u00e9 geogr\u00e1ficos. Os locais visitados se misturam entre o passado, na antiga capital mineira, e o presente, na cidade de BH, e se encontram no painel de Portinari.<\/span><\/p>\n<p>&nbsp;<\/p>\n<p style=\"text-align: left\"><span style=\"color: #000000\">O processo da <strong>Resid\u00eancia Art\u00edstica<\/strong> teve concep\u00e7\u00e3o e coordena\u00e7\u00e3o do <strong>Programa Educativo da Casa Fiat de Cultura<\/strong>, com coordena\u00e7\u00e3o de <strong>Clarita Gonzaga<\/strong> e orienta\u00e7\u00e3o de <strong>Taiane Costa<\/strong>, no qual a produ\u00e7\u00e3o colaborativa foi uma metodologia essencial. A obra <strong>\u201cDe Portinari em Portinari BH\u201d<\/strong>, por exemplo, era um projeto de <strong>Fl\u00e1vio CRO<\/strong>, mestre em Artes pela Escola Guignard, que ganhou nova configura\u00e7\u00e3o com a interven\u00e7\u00e3o de <strong>Let\u00edcia Vianna<\/strong>, graduanda em Design na Universidade do Estado de Minas Gerais (UEMG), que assinou a co-autoria da obra. Juntos eles apresentam uma videoarte com o trajeto, feito de bicicleta, da Casa Fiat de Cultura em dire\u00e7\u00e3o aos diversos \u201cPortinaris\u201d que existem na cidade de Belo Horizonte, n\u00e3o apenas outras pinturas, mas tamb\u00e9m estabelecimentos comerciais e at\u00e9 uma rua com o nome do artista. \u201cA medida que convivemos com outros artistas, o projeto vai ganhando novas dimens\u00f5es. A Let\u00edcia Vianna se tornou uma parte importante do meu projeto, pois me fez repensar a apropria\u00e7\u00e3o que eu estava fazendo do mapa da cidade. Costumo trabalhar com uma apropria\u00e7\u00e3o \u2018nua e crua\u2019, sem modificar as imagens, e ela agregou mais arte ao meu projeto na edi\u00e7\u00e3o do v\u00eddeo: desenhou, recriou os percursos e utilizou as cores do painel de Portinari\u201d, comenta <strong>Fl\u00e1vio CRO<\/strong>.<\/span><\/p>\n<p>&nbsp;<\/p>\n<p style=\"text-align: left\"><span style=\"color: #000000\">O projeto ainda contar\u00e1 com um bate-papo entre os artistas da mostra, <strong>Alexandre Milagres, Augusto Lara, Fabr\u00edcio Lins, Fl\u00e1vio CRO, Guilherme Xavier, Let\u00edcia Vianna, Mari Moraga e Thiago Amoreira <\/strong>e o curador <strong>Pablo Gobira, <\/strong>professor da Escola Guignard, pesquisador das rela\u00e7\u00f5es entre arte, ci\u00eancia e tecnologia e diretor do Laborat\u00f3rio de Po\u00e9ticas Fronteiri\u00e7as do Conselho Nacional de Desenvolvimento Cient\u00edfico e Tecnol\u00f3gico (CNPq)<strong>.<\/strong><\/span><\/p>\n<p>&nbsp;<\/p>\n<p style=\"text-align: left\"><span style=\"color: #000000\">Abaixo mais informa\u00e7\u00f5es sobre a mostra que traz outras instala\u00e7\u00f5es interativas como a <strong>\u201cInterface Preta\u201d<\/strong>, que permite uma experi\u00eancia sensorial, t\u00e1til e auditiva, do conceito de mudan\u00e7a e contraste do painel de Portinari, com elementos que remetem ora a Ouro Preto, ora a BH.<\/span><\/p>\n<p>&nbsp;<\/p>\n<p style=\"text-align: left\"><span style=\"color: #000000\"><strong>Exposi\u00e7\u00e3o \u201cCidades e outras passagens na Casa Fiat de Cultura \u2013 Caminhos de uma resid\u00eancia em arte digital\u201d<\/strong><\/span><\/p>\n<p style=\"text-align: left\"><span style=\"color: #000000\"><strong>Quando:<\/strong> 4 de julho a 5 de agosto<\/span><\/p>\n<p style=\"text-align: left\"><span style=\"color: #000000\"><strong>Hora:<\/strong> Ter\u00e7a a sexta, das 10h \u00e0s 21h; s\u00e1bados, domingos e feriados, das 10h \u00e0s 18h<\/span><\/p>\n<p style=\"text-align: left\"><span style=\"color: #000000\"><strong>Quanto: <\/strong>Entrada Gratuita<\/span><\/p>\n<p style=\"text-align: left\"><span style=\"color: #000000\"><strong><u>Bate-papo com curador e artistas<\/u><\/strong><\/span><\/p>\n<p style=\"text-align: left\"><span style=\"color: #000000\">5 de julho<\/span><\/p>\n<p style=\"text-align: left\"><span style=\"color: #000000\">19h30 \u00e0s 21h<\/span><\/p>\n<p style=\"text-align: left\"><span style=\"color: #000000\">Participa\u00e7\u00e3o gratuita &#8211; com espa\u00e7o sujeito \u00e0 lota\u00e7\u00e3o<\/span><\/p>\n<p style=\"text-align: left\"><span style=\"color: #000000\"><strong>Onde:<\/strong> Casa Fiat de Cultura &#8211; Circuito Liberdade<\/span><\/p>\n<p style=\"text-align: left\"><span style=\"color: #000000\">Pra\u00e7a da Liberdade, 10 \u2013 Funcion\u00e1rios<\/span><\/p>\n<p style=\"text-align: left\"><span style=\"color: #000000\">Hor\u00e1rio de funcionamento: ter\u00e7a a sexta, das 10h \u00e0s 21h \u2013 s\u00e1bados, domingos e feriados, das 10h \u00e0s 18h<\/span><\/p>\n<p style=\"text-align: left\">\u00a0<\/p>\n<p style=\"text-align: left\"><span style=\"color: #000000\"><strong>Informa\u00e7\u00f5es &#8211; <\/strong>(31) 3289-8900<\/span><\/p>\n<p style=\"text-align: left\"><span style=\"color: #000000\"><a style=\"color: #000000\" href=\"http:\/\/www.casafiatdecultura.com.br\">www.casafiatdecultura.com.br<\/a>\u00a0 |<a style=\"color: #000000\" href=\"mailto:casafiat@casafiat.com.br\">casafiat@casafiat.com.br<\/a><\/span><\/p>\n<p style=\"text-align: left\"><span style=\"color: #000000\"><a style=\"color: #000000\" href=\"http:\/\/facebook.com.br\/casafiatdecultura\">facebook.com.br\/casafiatdecultura<\/a><\/span><\/p>\n<p style=\"text-align: left\"><span style=\"color: #000000\">Instagram: @casafiatdecultura<\/span><\/p>\n<p style=\"text-align: left\"><span style=\"color: #000000\">Twitter: @casafiat<\/span><\/p>\n<p style=\"text-align: left\"><span style=\"color: #000000\"><a style=\"color: #000000\" href=\"http:\/\/www.circuitoculturalliberdade.com.br\">www.circuitoculturalliberdade.com.br<\/a><\/span><\/p>\n<p style=\"text-align: left\">\u00a0<\/p>\n","protected":false},"excerpt":{"rendered":"<p>Entre os dias 4 de julho a 5 de agosto, o p\u00fablico poder\u00e1 conferir tr\u00eas instala\u00e7\u00f5es e quatro videoartes, de artistas que antes ocupavam o espa\u00e7o de cria\u00e7\u00e3o da Resid\u00eancia Art\u00edstica em Arte Digital da Casa Fiat de Cultura, agora v\u00e3o ocupar a Piccola Galleria e o Videowall do hall principal para apresentar os processos [&hellip;]<\/p>\n","protected":false},"author":22,"featured_media":18105,"comment_status":"open","ping_status":"closed","sticky":false,"template":"","format":"standard","meta":{"jetpack_post_was_ever_published":false,"_jetpack_newsletter_access":"","_jetpack_dont_email_post_to_subs":false,"_jetpack_newsletter_tier_id":0,"_jetpack_memberships_contains_paywalled_content":false,"_jetpack_memberships_contains_paid_content":false,"footnotes":"","jetpack_publicize_message":"","jetpack_publicize_feature_enabled":true,"jetpack_social_post_already_shared":true,"jetpack_social_options":{"image_generator_settings":{"template":"highway","enabled":false},"version":2}},"categories":[1,34,10,3537],"tags":[337,2124],"class_list":["post-18104","post","type-post","status-publish","format-standard","has-post-thumbnail","hentry","category-culturaliza","category-diversao","category-exposicoes","category-gratuito-ou-a-baixo-custo","tag-casa-fiat-de-cultura","tag-portinari"],"jetpack_publicize_connections":[],"jetpack_featured_media_url":"https:\/\/culturalizabh.com.br\/wp-content\/uploads\/2018\/07\/Pablo-Gobira-e-Residentes_Resid\u00eancia-Art\u00edstica-em-Arte-Digital_Casa-Fiat-de-Cultura_Foto-Leo-Lara_Studio-Cerri.jpg","jetpack_sharing_enabled":true,"jetpack_shortlink":"https:\/\/wp.me\/p864jz-4I0","_links":{"self":[{"href":"https:\/\/culturalizabh.com.br\/index.php\/wp-json\/wp\/v2\/posts\/18104","targetHints":{"allow":["GET"]}}],"collection":[{"href":"https:\/\/culturalizabh.com.br\/index.php\/wp-json\/wp\/v2\/posts"}],"about":[{"href":"https:\/\/culturalizabh.com.br\/index.php\/wp-json\/wp\/v2\/types\/post"}],"author":[{"embeddable":true,"href":"https:\/\/culturalizabh.com.br\/index.php\/wp-json\/wp\/v2\/users\/22"}],"replies":[{"embeddable":true,"href":"https:\/\/culturalizabh.com.br\/index.php\/wp-json\/wp\/v2\/comments?post=18104"}],"version-history":[{"count":2,"href":"https:\/\/culturalizabh.com.br\/index.php\/wp-json\/wp\/v2\/posts\/18104\/revisions"}],"predecessor-version":[{"id":18107,"href":"https:\/\/culturalizabh.com.br\/index.php\/wp-json\/wp\/v2\/posts\/18104\/revisions\/18107"}],"wp:featuredmedia":[{"embeddable":true,"href":"https:\/\/culturalizabh.com.br\/index.php\/wp-json\/wp\/v2\/media\/18105"}],"wp:attachment":[{"href":"https:\/\/culturalizabh.com.br\/index.php\/wp-json\/wp\/v2\/media?parent=18104"}],"wp:term":[{"taxonomy":"category","embeddable":true,"href":"https:\/\/culturalizabh.com.br\/index.php\/wp-json\/wp\/v2\/categories?post=18104"},{"taxonomy":"post_tag","embeddable":true,"href":"https:\/\/culturalizabh.com.br\/index.php\/wp-json\/wp\/v2\/tags?post=18104"}],"curies":[{"name":"wp","href":"https:\/\/api.w.org\/{rel}","templated":true}]}}