{"id":17956,"date":"2018-06-27T16:43:50","date_gmt":"2018-06-27T19:43:50","guid":{"rendered":"http:\/\/culturalizabh.com.br\/?p=17956"},"modified":"2018-07-02T11:20:27","modified_gmt":"2018-07-02T14:20:27","slug":"acontece-no-boulevard-shopping-o-primeiro-encontro-da-danca","status":"publish","type":"post","link":"https:\/\/culturalizabh.com.br\/index.php\/2018\/06\/27\/acontece-no-boulevard-shopping-o-primeiro-encontro-da-danca\/","title":{"rendered":"Acontece no Boulevard Shopping o &#8220;Primeiro Encontro da Dan\u00e7a&#8221;"},"content":{"rendered":"<p style=\"text-align: left\"><span style=\"color: #000000\">Dan\u00e7a \u00e9 arte, vida e movimento! Pensando nisso, o <strong>Boulevard Shopping BH<\/strong> re\u00fane diversas escolas de dan\u00e7a da capital mineira e, com dan\u00e7arinos de alto padr\u00e3o, transforma sua <strong>Pra\u00e7a de eventos<\/strong> em um cen\u00e1rio digno dos melhores musicais para o <strong>Primeiro Encontro da Dan\u00e7a<\/strong>.<\/span><\/p>\n<p style=\"text-align: left\"><span style=\"color: #000000\">Durante as tr\u00eas dias, o p\u00fablico poder\u00e1 se encantar com as mais lindas apresenta\u00e7\u00f5es nos mais <strong>variados estilos<\/strong> de dan\u00e7a: bal\u00e9, flamenco, sapateado, jazz, dan\u00e7a de rua, dan\u00e7a do ventre, dan\u00e7a contempor\u00e2nea, entre outros. Ser\u00e1 uma oportunidade \u00fanica de assistir shows muito bem <strong>produzidos<\/strong> e <strong>executados<\/strong>!<\/span><\/p>\n<p style=\"text-align: left\">\u00a0<\/p>\n<p style=\"text-align: left\"><strong><span style=\"color: #000000\">Primeiro Encontro da Dan\u00e7a<\/span><\/strong><\/p>\n<p style=\"text-align: left\"><span style=\"color: #000000\"><strong>Quando:<\/strong> 29 de junho de 2018 a 01 de julho de 2018<\/span><\/p>\n<p style=\"text-align: left\"><span style=\"color: #000000\"><strong>Hora:<\/strong> Sex a partir das 17:30 | Sab e Dom a partir das 14:00<\/span><\/p>\n<p style=\"text-align: left\"><span style=\"color: #000000\"><strong>Onde:<\/strong> Pra\u00e7a de Eventos do Boulevard Shopping &#8211; Av. dos Andradas, 3.000, Santa Efig\u00eania &#8211; Belo Horizonte\/MG<\/span><\/p>\n<p style=\"text-align: left\"><span style=\"color: #000000\"><strong>Quanto:<\/strong> gratuito<\/span><\/p>\n<p style=\"text-align: left\"><span style=\"color: #000000\"><strong>Informa\u00e7\u00f5es:<\/strong>\u00a0<a style=\"color: #000000\" href=\"http:\/\/www.boulevardshopping.com.br\/\">Site<\/a>\u00a0|\u00a02538-7438 | 2538- 7439<\/span><\/p>\n","protected":false},"excerpt":{"rendered":"<p>Dan\u00e7a \u00e9 arte, vida e movimento! Pensando nisso, o Boulevard Shopping BH re\u00fane diversas escolas de dan\u00e7a da capital mineira e, com dan\u00e7arinos de alto padr\u00e3o, transforma sua Pra\u00e7a de eventos em um cen\u00e1rio digno dos melhores musicais para o Primeiro Encontro da Dan\u00e7a. Durante as tr\u00eas dias, o p\u00fablico poder\u00e1 se encantar com as [&hellip;]<\/p>\n","protected":false},"author":48,"featured_media":17962,"comment_status":"open","ping_status":"closed","sticky":false,"template":"","format":"standard","meta":{"jetpack_post_was_ever_published":false,"_jetpack_newsletter_access":"","_jetpack_dont_email_post_to_subs":true,"_jetpack_newsletter_tier_id":0,"_jetpack_memberships_contains_paywalled_content":false,"_jetpack_memberships_contains_paid_content":false,"footnotes":"","jetpack_publicize_message":"","jetpack_publicize_feature_enabled":true,"jetpack_social_post_already_shared":true,"jetpack_social_options":{"image_generator_settings":{"template":"highway","enabled":false},"version":2}},"categories":[1,3537],"tags":[61,299,3976],"class_list":["post-17956","post","type-post","status-publish","format-standard","has-post-thumbnail","hentry","category-culturaliza","category-gratuito-ou-a-baixo-custo","tag-boulevard-shopping","tag-danca","tag-primeiro-encontro-da-danca"],"jetpack_publicize_connections":[],"jetpack_featured_media_url":"https:\/\/culturalizabh.com.br\/wp-content\/uploads\/2018\/06\/Boulevard-Shopping-foto-acervo-Boulevard.jpg","jetpack_sharing_enabled":true,"jetpack_shortlink":"https:\/\/wp.me\/p864jz-4FC","_links":{"self":[{"href":"https:\/\/culturalizabh.com.br\/index.php\/wp-json\/wp\/v2\/posts\/17956","targetHints":{"allow":["GET"]}}],"collection":[{"href":"https:\/\/culturalizabh.com.br\/index.php\/wp-json\/wp\/v2\/posts"}],"about":[{"href":"https:\/\/culturalizabh.com.br\/index.php\/wp-json\/wp\/v2\/types\/post"}],"author":[{"embeddable":true,"href":"https:\/\/culturalizabh.com.br\/index.php\/wp-json\/wp\/v2\/users\/48"}],"replies":[{"embeddable":true,"href":"https:\/\/culturalizabh.com.br\/index.php\/wp-json\/wp\/v2\/comments?post=17956"}],"version-history":[{"count":2,"href":"https:\/\/culturalizabh.com.br\/index.php\/wp-json\/wp\/v2\/posts\/17956\/revisions"}],"predecessor-version":[{"id":17964,"href":"https:\/\/culturalizabh.com.br\/index.php\/wp-json\/wp\/v2\/posts\/17956\/revisions\/17964"}],"wp:featuredmedia":[{"embeddable":true,"href":"https:\/\/culturalizabh.com.br\/index.php\/wp-json\/wp\/v2\/media\/17962"}],"wp:attachment":[{"href":"https:\/\/culturalizabh.com.br\/index.php\/wp-json\/wp\/v2\/media?parent=17956"}],"wp:term":[{"taxonomy":"category","embeddable":true,"href":"https:\/\/culturalizabh.com.br\/index.php\/wp-json\/wp\/v2\/categories?post=17956"},{"taxonomy":"post_tag","embeddable":true,"href":"https:\/\/culturalizabh.com.br\/index.php\/wp-json\/wp\/v2\/tags?post=17956"}],"curies":[{"name":"wp","href":"https:\/\/api.w.org\/{rel}","templated":true}]}}