{"id":17864,"date":"2018-06-24T22:35:45","date_gmt":"2018-06-25T01:35:45","guid":{"rendered":"http:\/\/culturalizabh.com.br\/?p=17864"},"modified":"2018-06-24T22:38:50","modified_gmt":"2018-06-25T01:38:50","slug":"palestra-na-academia-mineira-de-letras-no-dia-28-06-enfatiza-relacao-essencial-entre-direito-e-literatura","status":"publish","type":"post","link":"https:\/\/culturalizabh.com.br\/index.php\/2018\/06\/24\/palestra-na-academia-mineira-de-letras-no-dia-28-06-enfatiza-relacao-essencial-entre-direito-e-literatura\/","title":{"rendered":"Palestra na academia mineira de letras, no dia 28\/06, enfatiza rela\u00e7\u00e3o essencial entre direito e literatura"},"content":{"rendered":"<p style=\"font-weight: 400; text-align: left;\">A Academia Mineira de Letras realiza no dia\u00a0<strong>28 de junho<\/strong>, \u00e0s\u00a0<strong>19h30<\/strong>, a palestra\u00a0<strong>Direito e literatura: uma rela\u00e7\u00e3o necess\u00e1ria<\/strong>, com o\u00a0professor e magistrado Fernando Armando Ribeiro.<\/p>\n<p>&nbsp;<\/p>\n<p style=\"font-weight: 400; text-align: left;\">O evento faz parte do programa\u00a0Universidade Livre \u2013 Plano Anual de Manuten\u00e7\u00e3o AML, realizado mediante a Lei Federal de Incentivo \u00e0 Cultura, com\u00a0patroc\u00ednio do Instituto\u00a0Unimed-BH, por meio do incentivo fiscal de mais de 4,7 mil m\u00e9dicos cooperados e colaboradores.\u00a0A\u00a0AML\u00a0integra o Circuito Liberdade.<\/p>\n<p>&nbsp;<\/p>\n<p style=\"font-weight: 400; text-align: left;\">A palestra busca demonstrar por que a literatura \u00e9 indispens\u00e1vel ao direito. \u201cEla pode efetivamente contribuir para a supera\u00e7\u00e3o de problemas e contradi\u00e7\u00f5es legadas ao direito moderno, seja pelo positivismo jur\u00eddico ou pela predomin\u00e2ncia de uma racionalidade instrumental\u201d, defende Fernando Armando Ribeiro.<\/p>\n<p>&nbsp;<\/p>\n<p style=\"text-align: left;\"><b>Palestra Direito e literatura: uma rela\u00e7\u00e3o necess\u00e1ria<\/b>, <strong>com\u00a0Fernando Armando Ribeiro<\/strong><\/p>\n<p style=\"text-align: left;\"><strong>Quando:<\/strong>\u00a0quinta-feira,\u00a028 de junho<\/p>\n<p style=\"text-align: left;\"><strong>Onde:<\/strong>\u00a0Academia Mineira de Letras (rua da Bahia, 1.466, Lourdes \u2013 BH\/MG)<\/p>\n<p style=\"text-align: left;\"><strong>Horas:<\/strong>\u00a019h30<\/p>\n<p style=\"text-align: left;\"><strong>Quanto:<\/strong>\u00a0Entrada gratuita.<\/p>\n<p style=\"text-align: left;\"><strong>Informa\u00e7\u00f5es:<\/strong>\u00a0<b>\u00a0<\/b><a href=\"http:\/\/academiamineiradeletras.org.br\/\" target=\"_blank\" rel=\"noopener noreferrer\" data-saferedirecturl=\"https:\/\/www.google.com\/url?hl=pt-BR&amp;q=http:\/\/academiamineiradeletras.org.br&amp;source=gmail&amp;ust=1529974610046000&amp;usg=AFQjCNEOzdLRsVvxfIFDMpHagy77039fFw\"><b>academiamineiradeletras.org.br<\/b><\/a><\/p>\n","protected":false},"excerpt":{"rendered":"<p>A Academia Mineira de Letras realiza no dia\u00a028 de junho, \u00e0s\u00a019h30, a palestra\u00a0Direito e literatura: uma rela\u00e7\u00e3o necess\u00e1ria, com o\u00a0professor e magistrado Fernando Armando Ribeiro. &nbsp; O evento faz parte do programa\u00a0Universidade Livre \u2013 Plano Anual de Manuten\u00e7\u00e3o AML, realizado mediante a Lei Federal de Incentivo \u00e0 Cultura, com\u00a0patroc\u00ednio do Instituto\u00a0Unimed-BH, por meio do incentivo [&hellip;]<\/p>\n","protected":false},"author":34,"featured_media":17873,"comment_status":"open","ping_status":"closed","sticky":false,"template":"","format":"standard","meta":{"jetpack_post_was_ever_published":false,"_jetpack_newsletter_access":"","_jetpack_dont_email_post_to_subs":true,"_jetpack_newsletter_tier_id":0,"_jetpack_memberships_contains_paywalled_content":false,"_jetpack_memberships_contains_paid_content":false,"footnotes":"","jetpack_publicize_message":"","jetpack_publicize_feature_enabled":true,"jetpack_social_post_already_shared":true,"jetpack_social_options":{"image_generator_settings":{"template":"highway","enabled":false},"version":2}},"categories":[1,14,3537],"tags":[],"class_list":["post-17864","post","type-post","status-publish","format-standard","has-post-thumbnail","hentry","category-culturaliza","category-dicas","category-gratuito-ou-a-baixo-custo"],"jetpack_publicize_connections":[],"jetpack_featured_media_url":"https:\/\/culturalizabh.com.br\/wp-content\/uploads\/2018\/06\/Fernando-Armando-Ribeiro2-Divulga\u00e7\u00e3o.jpg","jetpack_sharing_enabled":true,"jetpack_shortlink":"https:\/\/wp.me\/p864jz-4E8","_links":{"self":[{"href":"https:\/\/culturalizabh.com.br\/index.php\/wp-json\/wp\/v2\/posts\/17864","targetHints":{"allow":["GET"]}}],"collection":[{"href":"https:\/\/culturalizabh.com.br\/index.php\/wp-json\/wp\/v2\/posts"}],"about":[{"href":"https:\/\/culturalizabh.com.br\/index.php\/wp-json\/wp\/v2\/types\/post"}],"author":[{"embeddable":true,"href":"https:\/\/culturalizabh.com.br\/index.php\/wp-json\/wp\/v2\/users\/34"}],"replies":[{"embeddable":true,"href":"https:\/\/culturalizabh.com.br\/index.php\/wp-json\/wp\/v2\/comments?post=17864"}],"version-history":[{"count":3,"href":"https:\/\/culturalizabh.com.br\/index.php\/wp-json\/wp\/v2\/posts\/17864\/revisions"}],"predecessor-version":[{"id":17872,"href":"https:\/\/culturalizabh.com.br\/index.php\/wp-json\/wp\/v2\/posts\/17864\/revisions\/17872"}],"wp:featuredmedia":[{"embeddable":true,"href":"https:\/\/culturalizabh.com.br\/index.php\/wp-json\/wp\/v2\/media\/17873"}],"wp:attachment":[{"href":"https:\/\/culturalizabh.com.br\/index.php\/wp-json\/wp\/v2\/media?parent=17864"}],"wp:term":[{"taxonomy":"category","embeddable":true,"href":"https:\/\/culturalizabh.com.br\/index.php\/wp-json\/wp\/v2\/categories?post=17864"},{"taxonomy":"post_tag","embeddable":true,"href":"https:\/\/culturalizabh.com.br\/index.php\/wp-json\/wp\/v2\/tags?post=17864"}],"curies":[{"name":"wp","href":"https:\/\/api.w.org\/{rel}","templated":true}]}}