{"id":17472,"date":"2018-06-11T11:28:07","date_gmt":"2018-06-11T14:28:07","guid":{"rendered":"http:\/\/culturalizabh.com.br\/?p=17472"},"modified":"2018-06-12T23:38:19","modified_gmt":"2018-06-13T02:38:19","slug":"11a-confraria-de-vinhos-amadoria","status":"publish","type":"post","link":"https:\/\/culturalizabh.com.br\/index.php\/2018\/06\/11\/11a-confraria-de-vinhos-amadoria\/","title":{"rendered":"11\u00aa Confraria de Vinhos Amadoria"},"content":{"rendered":"<p style=\"text-align: left\"><span style=\"color: #000000\">Saber degustar um bom vinho \u00e9 uma arte e \u00e9 com isso em mente que a <strong>Amadoria<\/strong>,\u00a0em parceria com a Sommelier <strong>Paula Bernardes<\/strong> da <strong>Adega CB<\/strong>, realiza a <strong>Confraria de Vinhos<\/strong>, uma experi\u00eancia especial para os apreciadores da bebida. <\/span><\/p>\n<p style=\"text-align: left\"><span style=\"color: #000000\">A<strong> 11\u00aa edi\u00e7\u00e3o<\/strong> do evento tem com o tema <strong>Vinhos do Alentejo<\/strong> e, excepcionalmente, ser\u00e1 apresentada pelo sommelier <strong>Mateus Batista<\/strong>, formado pela<strong> Associazione Italiana Sommelier<\/strong>, Piemonte, e pela<strong> WSET<\/strong>, de Londres.\u00a0Com vinhos tintos ricos, exuberantes e de bom corpo, os alentejanos s\u00e3o, em geral, prontos para beber desde jovens, e f\u00e1ceis de agradar logo no primeiro gole. O \u00f3timo trabalho e a alta qualidade da produ\u00e7\u00e3o colocam o Alentejo entre as produtoras dos <strong>melhores r\u00f3tulos<\/strong> do pais.<\/span><\/p>\n<p style=\"text-align: left\"><span style=\"color: #000000\">O foco da Confraria de Vinhos da Amadoria \u00e9 a <strong>degusta\u00e7\u00e3o de vinhos<\/strong>, mas sempre s\u00e3o disponibilizados pequenos <strong>acompanhamentos<\/strong>, como p\u00e3es e queijos, tudo para unir a degusta\u00e7\u00e3o pr\u00e1tica \u00e0 teoria, de forma simples, clara e objetiva, sem diminuir o <strong>prazer<\/strong> de\u00a0provar variados estilos e sabores.<\/span><\/p>\n<p style=\"text-align: left\">\u00a0<\/p>\n<p style=\"text-align: left\"><strong><span style=\"color: #000000\">11\u00aa Confraria de Vinhos Amadoria<br \/>\n<\/span><\/strong><\/p>\n<p style=\"text-align: left\"><span style=\"color: #000000\"><strong>Quando:<\/strong> 13 de junho de 2018<\/span><\/p>\n<p style=\"text-align: left\"><span style=\"color: #000000\"><strong>Hora:<\/strong> 19:30 \u00e0s 22:00<\/span><\/p>\n<p style=\"text-align: left\"><span style=\"color: #000000\"><strong>Onde:<\/strong>\u00a0Casa da Amadoria \u2013\u00a0Rua Mucuri, n\u00ba 325, Floresta &#8211; Belo Horizonte\/MG<\/span><\/p>\n<p style=\"text-align: left\"><span style=\"color: #000000\"><strong>Quanto:<\/strong> R$ 110,00 | Inscri\u00e7\u00f5es pelo\u00a0<a style=\"color: #000000\" href=\"http:\/\/ww.sympla.com.br\/amadoria\" target=\"_blank\" rel=\"noopener noreferrer\">Sympla<\/a><\/span><\/p>\n<p style=\"text-align: left\"><span style=\"color: #000000\"><strong>Informa\u00e7\u00f5es:<\/strong>\u00a0<a style=\"color: #000000\" href=\"mailto:paula@adegacb.com.br\" target=\"_blank\" rel=\"noopener noreferrer\">paula@adegacb.com.br<\/a><\/span><\/p>\n","protected":false},"excerpt":{"rendered":"<p>Saber degustar um bom vinho \u00e9 uma arte e \u00e9 com isso em mente que a Amadoria,\u00a0em parceria com a Sommelier Paula Bernardes da Adega CB, realiza a Confraria de Vinhos, uma experi\u00eancia especial para os apreciadores da bebida. A 11\u00aa edi\u00e7\u00e3o do evento tem com o tema Vinhos do Alentejo e, excepcionalmente, ser\u00e1 apresentada [&hellip;]<\/p>\n","protected":false},"author":48,"featured_media":17473,"comment_status":"open","ping_status":"closed","sticky":false,"template":"","format":"standard","meta":{"jetpack_post_was_ever_published":false,"_jetpack_newsletter_access":"","_jetpack_dont_email_post_to_subs":false,"_jetpack_newsletter_tier_id":0,"_jetpack_memberships_contains_paywalled_content":false,"_jetpack_memberships_contains_paid_content":false,"footnotes":"","jetpack_publicize_message":"","jetpack_publicize_feature_enabled":true,"jetpack_social_post_already_shared":true,"jetpack_social_options":{"image_generator_settings":{"template":"highway","enabled":false},"version":2}},"categories":[1,2,8],"tags":[3678,3874,3875],"class_list":["post-17472","post","type-post","status-publish","format-standard","has-post-thumbnail","hentry","category-culturaliza","category-eventos","category-gastronomia","tag-amadoria","tag-confraria-de-vinhos","tag-degustacao"],"jetpack_publicize_connections":[],"jetpack_featured_media_url":"https:\/\/culturalizabh.com.br\/wp-content\/uploads\/2018\/06\/QU4RTO07203518-R.jpg","jetpack_sharing_enabled":true,"jetpack_shortlink":"https:\/\/wp.me\/p864jz-4xO","_links":{"self":[{"href":"https:\/\/culturalizabh.com.br\/index.php\/wp-json\/wp\/v2\/posts\/17472","targetHints":{"allow":["GET"]}}],"collection":[{"href":"https:\/\/culturalizabh.com.br\/index.php\/wp-json\/wp\/v2\/posts"}],"about":[{"href":"https:\/\/culturalizabh.com.br\/index.php\/wp-json\/wp\/v2\/types\/post"}],"author":[{"embeddable":true,"href":"https:\/\/culturalizabh.com.br\/index.php\/wp-json\/wp\/v2\/users\/48"}],"replies":[{"embeddable":true,"href":"https:\/\/culturalizabh.com.br\/index.php\/wp-json\/wp\/v2\/comments?post=17472"}],"version-history":[{"count":2,"href":"https:\/\/culturalizabh.com.br\/index.php\/wp-json\/wp\/v2\/posts\/17472\/revisions"}],"predecessor-version":[{"id":17475,"href":"https:\/\/culturalizabh.com.br\/index.php\/wp-json\/wp\/v2\/posts\/17472\/revisions\/17475"}],"wp:featuredmedia":[{"embeddable":true,"href":"https:\/\/culturalizabh.com.br\/index.php\/wp-json\/wp\/v2\/media\/17473"}],"wp:attachment":[{"href":"https:\/\/culturalizabh.com.br\/index.php\/wp-json\/wp\/v2\/media?parent=17472"}],"wp:term":[{"taxonomy":"category","embeddable":true,"href":"https:\/\/culturalizabh.com.br\/index.php\/wp-json\/wp\/v2\/categories?post=17472"},{"taxonomy":"post_tag","embeddable":true,"href":"https:\/\/culturalizabh.com.br\/index.php\/wp-json\/wp\/v2\/tags?post=17472"}],"curies":[{"name":"wp","href":"https:\/\/api.w.org\/{rel}","templated":true}]}}