{"id":16673,"date":"2018-05-29T11:24:38","date_gmt":"2018-05-29T14:24:38","guid":{"rendered":"http:\/\/culturalizabh.com.br\/?p=16673"},"modified":"2018-05-29T11:24:38","modified_gmt":"2018-05-29T14:24:38","slug":"rodrigo-brasileiro-e-o-samba-de-desencana-ze","status":"publish","type":"post","link":"https:\/\/culturalizabh.com.br\/index.php\/2018\/05\/29\/rodrigo-brasileiro-e-o-samba-de-desencana-ze\/","title":{"rendered":"Rodrigo Brasileiro e o samba de &#8220;Desencana Z\u00e9&#8221;"},"content":{"rendered":"<p style=\"font-weight: 400; text-align: left;\"><span style=\"color: #000000;\">De BH para o Brasil, <strong>Rodrigo Brasileiro<\/strong>, est\u00e1 no mundo musical desde 2015, quando gravou\u00a0e lan\u00e7ou o \u00e1lbum &#8220;Mem\u00f3rias&#8221;, com o cavaquinista <strong>Warley Henrique<\/strong>. Nesses anos, o artista acumulou v\u00e1rias letras, completas ou n\u00e3o, todas criadas com o apoio de seu amigo cavaquinho. Al\u00e9m do instrumento, Rodrigo procura sempre ler qualquer livro, seja de fic\u00e7\u00e3o ou n\u00e3o,\u00a0e assim produz m\u00fasicas baseadas na hist\u00f3ria.\u00a0<\/span><\/p>\n<p style=\"font-weight: 400; text-align: left;\"><span style=\"color: #000000;\">\u00a0<\/span><\/p>\n<p style=\"font-weight: 400; text-align: left;\"><span style=\"color: #000000;\">Ap\u00f3s tantas leituras, letras e at\u00e9 um CD, chegou a hora de mostrar mais de seu trabalho, por isso, ele chega com um novo single que j\u00e1 vem acompanhado com um videoclipe. A m\u00fasica \u00e9 <strong>&#8220;Desencana Z\u00e9&#8221;<\/strong> e o estilo? Samba! Um estilo bem nacional, assim como seu nome art\u00edstico, e que foi sempre escutado por Rodrigo.\u00a0<\/span><\/p>\n<p style=\"font-weight: 400; text-align: left;\"><span style=\"color: #000000;\">\u00a0<\/span><\/p>\n<blockquote>\n<p style=\"font-weight: 400;\"><span style=\"color: #000000;\"><em>Meu gosto realmente \u00e9 pela m\u00fasica, mas o samba \u00e9 a vertente musical mais brasileira, creio eu.<\/em><\/span><\/p>\n<\/blockquote>\n<p style=\"font-weight: 400; text-align: left;\"><span style=\"color: #000000;\">\u00a0<\/span><\/p>\n<p style=\"font-weight: 400; text-align: left;\"><span style=\"color: #000000;\">A faixa contou com uma grande turma na grava\u00e7\u00e3o: Robson Batata (percuss\u00e3o), Alo\u00edsio Horta (baixo), Ramon Braga (bateria), Leonardo Brasilno (trombone), Gustavo Monteiro (viol\u00e3o), o seu amigo de longa data Auzier Vin\u00edcius (solo de cavaquinho), Fernando Bento (cavaquinho e banjo), Manu Dias (voz\u00a0forte\u00a0no\u00a0coro), e o pianista Christiano Caldas que atuou substancialmente tamb\u00e9m na elabora\u00e7\u00e3o dos arranjos. <\/span><\/p>\n<p style=\"font-weight: 400; text-align: left;\">\u00a0<\/p>\n<p style=\"font-weight: 400; text-align: left;\"><span style=\"color: #000000;\">Sua letra surgiu ap\u00f3s uma desilus\u00e3o\u00a0 e que vem como forma de protesto \u00e0 atual situa\u00e7\u00e3o que vive o pa\u00eds:<\/span><\/p>\n<p style=\"font-weight: 400; text-align: left;\">\u00a0<\/p>\n<p style=\"font-weight: 400; text-align: left;\"><span style=\"color: #000000;\"><em>&#8220;&#8216;Desencana Z\u00e9&#8217; vem de uma certa desilus\u00e3o, uma desesperan\u00e7a geral que se v\u00ea hoje em dia no Brasil&#8230;. Um pa\u00eds onde os corruptos e bandidos est\u00e3o sacrificando todos os cidad\u00e3os&#8230;. Um lugar onde o correto, o trabalhador, o homem de bem parece ter perdido seu valor, e nesse aspecto, tento passar uma ideia de continuar tocando o barco&#8221;<\/em><\/span><\/p>\n<p style=\"font-weight: 400; text-align: left;\"><span style=\"color: #000000;\">\u00a0<\/span><\/p>\n<p style=\"font-weight: 400; text-align: right;\"><span style=\"color: #000000;\">&#8211; Explica Rodrigo\u00a0<\/span><\/p>\n<p style=\"font-weight: 400; text-align: left;\"><span style=\"color: #000000;\">\u00a0<\/span><\/p>\n<p style=\"font-weight: 400; text-align: left;\"><span style=\"color: #000000;\">O clipe da m\u00fasica foi lan\u00e7ado no primeiro dia de maio\/2018 e a ideia de sua grava\u00e7\u00e3o surgiu ap\u00f3s Christiano Caldas, produtor musical, ter terminado a mixagem e masteriza\u00e7\u00e3o da faixa. Ap\u00f3s isso, come\u00e7aram as produ\u00e7\u00f5es do v\u00eddeo com o viodeomaker Marcos Cantanhede.\u00a0<\/span><\/p>\n<p style=\"font-weight: 400; text-align: left;\">\u00a0<\/p>\n<p style=\"font-weight: 400; text-align: left;\"><span style=\"color: #000000;\">Veja o clipe de &#8220;Desencana Z\u00e9&#8221;:<\/span><\/p>\n<p style=\"font-weight: 400; text-align: left;\"><span style=\"color: #000000;\">\u00a0<\/span><\/p>\n<p style=\"text-align: left;\"><iframe loading=\"lazy\" src=\"https:\/\/www.youtube.com\/embed\/jOo66SR4TZ0\" width=\"560\" height=\"315\" frameborder=\"0\" allowfullscreen=\"allowfullscreen\"><\/iframe><\/p>\n<p style=\"font-weight: 400; text-align: left;\"><span style=\"color: #000000;\">\u00a0<\/span><\/p>\n<p style=\"font-weight: 400; text-align: left;\"><span style=\"color: #000000;\">O cantor ainda planeja o lan\u00e7amento de um disco totalmente autoral at\u00e9 o final de 2018 ou in\u00edcio de 2019. Acompanhe o trabalho de Ronaldo Brasileiro e fique por dentro das suas novidades:<\/span><\/p>\n<p style=\"font-weight: 400; text-align: left;\">\u00a0<\/p>\n<h3 style=\"font-weight: 400; text-align: left;\"><strong><a href=\"https:\/\/www.facebook.com\/RodrigoBrasileiroComposicoes\/\">Facebook<\/a>\u00a0| <a href=\"https:\/\/www.instagram.com\/rodrigobrasileirocomposicoes\/\">Instagram<\/a><\/strong><\/h3>\n<p style=\"font-weight: 400;\">\u00a0<\/p>\n<p style=\"font-weight: 400;\"><span style=\"color: #000000;\">*Foto em destaque: Vitor Maciel\u00a0<\/span><\/p>\n<p style=\"font-weight: 400;\">\u00a0<\/p>\n","protected":false},"excerpt":{"rendered":"<p>De BH para o Brasil, Rodrigo Brasileiro, est\u00e1 no mundo musical desde 2015, quando gravou\u00a0e lan\u00e7ou o \u00e1lbum &#8220;Mem\u00f3rias&#8221;, com o cavaquinista Warley Henrique. Nesses anos, o artista acumulou v\u00e1rias letras, completas ou n\u00e3o, todas criadas com o apoio de seu amigo cavaquinho. Al\u00e9m do instrumento, Rodrigo procura sempre ler qualquer livro, seja de fic\u00e7\u00e3o [&hellip;]<\/p>\n","protected":false},"author":1,"featured_media":16675,"comment_status":"open","ping_status":"closed","sticky":false,"template":"","format":"standard","meta":{"jetpack_post_was_ever_published":false,"_jetpack_newsletter_access":"","_jetpack_dont_email_post_to_subs":false,"_jetpack_newsletter_tier_id":0,"_jetpack_memberships_contains_paywalled_content":false,"_jetpack_memberships_contains_paid_content":false,"footnotes":"","jetpack_publicize_message":"","jetpack_publicize_feature_enabled":true,"jetpack_social_post_already_shared":true,"jetpack_social_options":{"image_generator_settings":{"template":"highway","enabled":false},"version":2}},"categories":[1,214,18],"tags":[283,50,3771,3770,689],"class_list":["post-16673","post","type-post","status-publish","format-standard","has-post-thumbnail","hentry","category-culturaliza","category-entrevistas","category-musica","tag-cult","tag-cultura","tag-desencana-ze","tag-rodrigo-brasileiro","tag-samba"],"jetpack_publicize_connections":[],"jetpack_featured_media_url":"https:\/\/culturalizabh.com.br\/wp-content\/uploads\/2018\/05\/Rodrigo-Brasileiro-cr\u00e9dito-Vitor-Maciel.jpg","jetpack_sharing_enabled":true,"jetpack_shortlink":"https:\/\/wp.me\/p864jz-4kV","_links":{"self":[{"href":"https:\/\/culturalizabh.com.br\/index.php\/wp-json\/wp\/v2\/posts\/16673","targetHints":{"allow":["GET"]}}],"collection":[{"href":"https:\/\/culturalizabh.com.br\/index.php\/wp-json\/wp\/v2\/posts"}],"about":[{"href":"https:\/\/culturalizabh.com.br\/index.php\/wp-json\/wp\/v2\/types\/post"}],"author":[{"embeddable":true,"href":"https:\/\/culturalizabh.com.br\/index.php\/wp-json\/wp\/v2\/users\/1"}],"replies":[{"embeddable":true,"href":"https:\/\/culturalizabh.com.br\/index.php\/wp-json\/wp\/v2\/comments?post=16673"}],"version-history":[{"count":3,"href":"https:\/\/culturalizabh.com.br\/index.php\/wp-json\/wp\/v2\/posts\/16673\/revisions"}],"predecessor-version":[{"id":16677,"href":"https:\/\/culturalizabh.com.br\/index.php\/wp-json\/wp\/v2\/posts\/16673\/revisions\/16677"}],"wp:featuredmedia":[{"embeddable":true,"href":"https:\/\/culturalizabh.com.br\/index.php\/wp-json\/wp\/v2\/media\/16675"}],"wp:attachment":[{"href":"https:\/\/culturalizabh.com.br\/index.php\/wp-json\/wp\/v2\/media?parent=16673"}],"wp:term":[{"taxonomy":"category","embeddable":true,"href":"https:\/\/culturalizabh.com.br\/index.php\/wp-json\/wp\/v2\/categories?post=16673"},{"taxonomy":"post_tag","embeddable":true,"href":"https:\/\/culturalizabh.com.br\/index.php\/wp-json\/wp\/v2\/tags?post=16673"}],"curies":[{"name":"wp","href":"https:\/\/api.w.org\/{rel}","templated":true}]}}