{"id":16542,"date":"2018-05-25T16:00:42","date_gmt":"2018-05-25T19:00:42","guid":{"rendered":"http:\/\/culturalizabh.com.br\/?p=16542"},"modified":"2018-05-25T16:00:42","modified_gmt":"2018-05-25T19:00:42","slug":"mercado-instrumental-recebe-qu4tro-em-ponto","status":"publish","type":"post","link":"https:\/\/culturalizabh.com.br\/index.php\/2018\/05\/25\/mercado-instrumental-recebe-qu4tro-em-ponto\/","title":{"rendered":"Mercado Instrumental recebe Qu4tro Em Ponto"},"content":{"rendered":"<p style=\"text-align: left;\"><span style=\"color: #000000;\">O\u00a0<strong>Distrital<\/strong>\u00a0recebe, por meio do\u00a0<strong>Mercado Instrumental<\/strong>,\u00a0<strong>neste domingo (27\/05)<\/strong>, o grupo\u00a0<b>Qu4tro Em Ponto<\/b>, que\u00a0carrega as influ\u00eancias da m\u00fasica mineira, jazz, pop, tocadas em vers\u00f5es instrumentais, com arranjos inovadores.\u00a0<\/span><\/p>\n<p style=\"text-align: left;\">\u00a0<\/p>\n<p style=\"text-align: left;\"><span style=\"color: #000000;\">O repert\u00f3rio \u00e9 de cl\u00e1ssicos nacionais e internacionais como Tom Jobim, Jo\u00e3o Bosco,<span class=\"text_exposed_show\">\u00a0Jo\u00e3o Donato, Beatles, Mavin Gaye, Rolling Stones, Bob Marley, em vers\u00f5es descoladas que evidenciam a liga\u00e7\u00e3o dos m\u00fasicos com o Pop e o Jazz, al\u00e9m de composi\u00e7\u00f5es pr\u00f3prias.<\/span><\/span><\/p>\n<p style=\"text-align: left;\">\n<p><span style=\"color: #000000;\">Uma tarde sonora com o melhor da m\u00fasica instrumental! M\u00fasica boa, bebidinhas e comidinhas pra voc\u00ea aproveitar!<\/span><\/p>\n<p style=\"text-align: left;\">\u00a0<\/p>\n<p style=\"text-align: left;\"><span style=\"color: #000000;\"><strong>Mercado Instrumental\u00a0<\/strong><\/span><\/p>\n<p style=\"text-align: left;\">\u00a0<\/p>\n<p style=\"text-align: left;\"><span style=\"color: #000000;\"><strong>Quando:<\/strong>\u00a0 27\/05\u00a0 (domingo)<\/span><\/p>\n<p style=\"text-align: left;\"><span style=\"color: #000000;\"><strong>Horas:<\/strong>\u00a012h<\/span><\/p>\n<p style=\"text-align: left;\"><span style=\"color: #000000;\"><strong>Onde:<\/strong>\u00a0Distrital \u2013\u00a0Rua Opala, sem n\u00famero, Mercado do Cruzeiro, Cruzeiro<\/span><\/p>\n<p style=\"text-align: left;\"><span style=\"color: #000000;\"><strong>Quanto:<\/strong>\u00a0Covert de R$ 15<\/span><\/p>\n<p style=\"text-align: left;\"><span style=\"color: #000000;\"><strong>Informa\u00e7\u00f5es:<\/strong>\u00a0<\/span> <a href=\"https:\/\/www.facebook.com\/events\/1941580886131829\/\">Facebook<\/a><\/p>\n","protected":false},"excerpt":{"rendered":"<p>O\u00a0Distrital\u00a0recebe, por meio do\u00a0Mercado Instrumental,\u00a0neste domingo (27\/05), o grupo\u00a0Qu4tro Em Ponto, que\u00a0carrega as influ\u00eancias da m\u00fasica mineira, jazz, pop, tocadas em vers\u00f5es instrumentais, com arranjos inovadores.\u00a0 \u00a0 O repert\u00f3rio \u00e9 de cl\u00e1ssicos nacionais e internacionais como Tom Jobim, Jo\u00e3o Bosco,\u00a0Jo\u00e3o Donato, Beatles, Mavin Gaye, Rolling Stones, Bob Marley, em vers\u00f5es descoladas que evidenciam a liga\u00e7\u00e3o [&hellip;]<\/p>\n","protected":false},"author":1,"featured_media":16546,"comment_status":"open","ping_status":"closed","sticky":false,"template":"","format":"standard","meta":{"jetpack_post_was_ever_published":false,"_jetpack_newsletter_access":"","_jetpack_dont_email_post_to_subs":false,"_jetpack_newsletter_tier_id":0,"_jetpack_memberships_contains_paywalled_content":false,"_jetpack_memberships_contains_paid_content":false,"footnotes":"","jetpack_publicize_message":"","jetpack_publicize_feature_enabled":true,"jetpack_social_post_already_shared":true,"jetpack_social_options":{"image_generator_settings":{"template":"highway","enabled":false},"version":2}},"categories":[3520],"tags":[315,806,3584],"class_list":["post-16542","post","type-post","status-publish","format-standard","has-post-thumbnail","hentry","category-distrital","tag-distrital","tag-jazz","tag-mercado-instrumental"],"jetpack_publicize_connections":[],"jetpack_featured_media_url":"https:\/\/culturalizabh.com.br\/wp-content\/uploads\/2018\/05\/33534206_1704820539575110_5973919837922000896_n.jpg","jetpack_sharing_enabled":true,"jetpack_shortlink":"https:\/\/wp.me\/p864jz-4iO","_links":{"self":[{"href":"https:\/\/culturalizabh.com.br\/index.php\/wp-json\/wp\/v2\/posts\/16542","targetHints":{"allow":["GET"]}}],"collection":[{"href":"https:\/\/culturalizabh.com.br\/index.php\/wp-json\/wp\/v2\/posts"}],"about":[{"href":"https:\/\/culturalizabh.com.br\/index.php\/wp-json\/wp\/v2\/types\/post"}],"author":[{"embeddable":true,"href":"https:\/\/culturalizabh.com.br\/index.php\/wp-json\/wp\/v2\/users\/1"}],"replies":[{"embeddable":true,"href":"https:\/\/culturalizabh.com.br\/index.php\/wp-json\/wp\/v2\/comments?post=16542"}],"version-history":[{"count":2,"href":"https:\/\/culturalizabh.com.br\/index.php\/wp-json\/wp\/v2\/posts\/16542\/revisions"}],"predecessor-version":[{"id":16548,"href":"https:\/\/culturalizabh.com.br\/index.php\/wp-json\/wp\/v2\/posts\/16542\/revisions\/16548"}],"wp:featuredmedia":[{"embeddable":true,"href":"https:\/\/culturalizabh.com.br\/index.php\/wp-json\/wp\/v2\/media\/16546"}],"wp:attachment":[{"href":"https:\/\/culturalizabh.com.br\/index.php\/wp-json\/wp\/v2\/media?parent=16542"}],"wp:term":[{"taxonomy":"category","embeddable":true,"href":"https:\/\/culturalizabh.com.br\/index.php\/wp-json\/wp\/v2\/categories?post=16542"},{"taxonomy":"post_tag","embeddable":true,"href":"https:\/\/culturalizabh.com.br\/index.php\/wp-json\/wp\/v2\/tags?post=16542"}],"curies":[{"name":"wp","href":"https:\/\/api.w.org\/{rel}","templated":true}]}}