{"id":16346,"date":"2018-05-18T15:19:27","date_gmt":"2018-05-18T18:19:27","guid":{"rendered":"http:\/\/culturalizabh.com.br\/?p=16346"},"modified":"2018-05-18T15:22:40","modified_gmt":"2018-05-18T18:22:40","slug":"feira-de-leitura-no-colegio-sagrado-coracao-de-maria","status":"publish","type":"post","link":"https:\/\/culturalizabh.com.br\/index.php\/2018\/05\/18\/feira-de-leitura-no-colegio-sagrado-coracao-de-maria\/","title":{"rendered":"Feira de Leitura no Col\u00e9gio Sagrado Cora\u00e7\u00e3o de Maria"},"content":{"rendered":"<p style=\"text-align: left;\"><span style=\"color: #000000;\">O <strong>Col\u00e9gio Sagrado Cora\u00e7\u00e3o de Maria<\/strong> promove a <strong>Feira de Leitura: 7\u00ba Encontro Marcado<\/strong>, com a tem\u00e1tica &#8220;90 anos para recordar&#8221;. O evento contar\u00e1 com uma programa\u00e7\u00e3o especial com v\u00e1rias atividades voltadas \u00e0 leitura.\u00a0<\/span><\/p>\n<p style=\"text-align: left;\">\u00a0<\/p>\n<p style=\"text-align: left;\"><span style=\"color: #000000;\">Entre os destaques da programa\u00e7\u00e3o,\u00a0\u00a0o\u00a0espet\u00e1culo\u00a0&#8220;Bel\u00f4, meu amor&#8221;, em que os personagens <strong>Joj\u00f4 e Palito<\/strong> contam a hist\u00f3ria de Belo Horizonte com muita m\u00fasica, alegria e divers\u00e3o. A apresenta\u00e7\u00e3o acontecer\u00e1 no audit\u00f3rio da escola,\u00a0<a style=\"color: #000000;\" href=\"https:\/\/maps.google.com\/?q=Rua+Estev%C3%A3o+Pinto,+400+%E2%80%93+Bairro+Serra&amp;entry=gmail&amp;source=g\">Rua Estev\u00e3o Pinto, 400 \u2013 Bairro Serra<\/a>, a partir das 9h, com entrada gratuita e aberta ao p\u00fablico (sujeita a lota\u00e7\u00e3o do espa\u00e7o). O\u00a0espet\u00e1culo\u00a0acontecer\u00e1 dentro da programa\u00e7\u00e3o da feira liter\u00e1ria, evento organizado anualmente pelo\u00a0col\u00e9gio.<\/span><\/p>\n<p style=\"text-align: left;\">\u00a0<\/p>\n<p style=\"font-weight: 400; text-align: left;\"><span style=\"color: #000000;\"><strong>Feira Liter\u00e1ria<\/strong><\/span><\/p>\n<p style=\"font-weight: 400; text-align: left;\"><span style=\"color: #000000;\"><strong>Quando:<\/strong>\u00a0\u00a019 de maio<\/span><\/p>\n<p style=\"font-weight: 400; text-align: left;\"><span style=\"color: #000000;\"><strong>Onde:<\/strong>\u00a0\u00a0Col\u00e9gio\u00a0Sagrado\u00a0Cora\u00e7\u00e3o\u00a0de\u00a0Maria &#8211;\u00a0<a style=\"color: #000000;\" href=\"https:\/\/maps.google.com\/?q=Rua+Palmira,+289,+Serra+-+Belo+Horizonte&amp;entry=gmail&amp;source=g\">Rua Palmira, 289, Serra &#8211; Belo Horizonte<\/a><\/span><\/p>\n<p style=\"font-weight: 400; text-align: left;\"><span style=\"color: #000000;\"><strong>Horas:<\/strong>\u00a0das 8h \u00e0s 13h<\/span><\/p>\n<p style=\"font-weight: 400; text-align: left;\"><span style=\"color: #000000;\"><strong>Quanto:<\/strong>\u00a0gratuito<\/span><\/p>\n<p style=\"font-weight: 400; text-align: left;\"><span style=\"color: #000000;\">\u00a0<\/span><\/p>\n<p style=\"font-weight: 400; text-align: left;\"><span style=\"color: #000000;\"><strong>Joj\u00f4 e Palito em Bel\u00f4, meu Amor<\/strong><\/span><\/p>\n<p style=\"font-weight: 400; text-align: left;\"><span style=\"color: #000000;\"><strong>Quando:<\/strong>\u00a0\u00a019 de maio<\/span><\/p>\n<p style=\"font-weight: 400; text-align: left;\"><span style=\"color: #000000;\"><strong>Onde:<\/strong>\u00a0\u00a0Audit\u00f3rio do\u00a0Col\u00e9gio\u00a0Sagrado\u00a0Cora\u00e7\u00e3o\u00a0de\u00a0Maria &#8211;\u00a0<a style=\"color: #000000;\" href=\"https:\/\/maps.google.com\/?q=Rua+Palmira,+289,+Serra+-+Belo+Horizonte&amp;entry=gmail&amp;source=g\">Rua Palmira, 289, Serra &#8211; Belo Horizonte<\/a><\/span><\/p>\n<p style=\"font-weight: 400; text-align: left;\"><span style=\"color: #000000;\"><strong>Horas:<\/strong>\u00a010h<\/span><\/p>\n<p style=\"font-weight: 400; text-align: left;\"><span style=\"color: #000000;\"><strong>Quanto:<\/strong>\u00a0gratuito<\/span><\/p>\n<p style=\"font-weight: 400; text-align: left;\"><strong>\u00a0<\/strong><\/p>\n","protected":false},"excerpt":{"rendered":"<p>O Col\u00e9gio Sagrado Cora\u00e7\u00e3o de Maria promove a Feira de Leitura: 7\u00ba Encontro Marcado, com a tem\u00e1tica &#8220;90 anos para recordar&#8221;. O evento contar\u00e1 com uma programa\u00e7\u00e3o especial com v\u00e1rias atividades voltadas \u00e0 leitura.\u00a0 \u00a0 Entre os destaques da programa\u00e7\u00e3o,\u00a0\u00a0o\u00a0espet\u00e1culo\u00a0&#8220;Bel\u00f4, meu amor&#8221;, em que os personagens Joj\u00f4 e Palito contam a hist\u00f3ria de Belo Horizonte [&hellip;]<\/p>\n","protected":false},"author":1,"featured_media":16352,"comment_status":"open","ping_status":"closed","sticky":false,"template":"","format":"standard","meta":{"jetpack_post_was_ever_published":false,"_jetpack_newsletter_access":"","_jetpack_dont_email_post_to_subs":true,"_jetpack_newsletter_tier_id":0,"_jetpack_memberships_contains_paywalled_content":false,"_jetpack_memberships_contains_paid_content":false,"footnotes":"","jetpack_publicize_message":"","jetpack_publicize_feature_enabled":true,"jetpack_social_post_already_shared":true,"jetpack_social_options":{"image_generator_settings":{"template":"highway","enabled":false},"version":2}},"categories":[1,9],"tags":[3699,3700,367],"class_list":["post-16346","post","type-post","status-publish","format-standard","has-post-thumbnail","hentry","category-culturaliza","category-literatura","tag-colegio-sagrado-coracao-de-maria","tag-feira-literaria","tag-literatura"],"jetpack_publicize_connections":[],"jetpack_featured_media_url":"https:\/\/culturalizabh.com.br\/wp-content\/uploads\/2018\/05\/Bel\u00f4-Meu-Amor-Passaros-da-Serra-do-Curral.jpg","jetpack_sharing_enabled":true,"jetpack_shortlink":"https:\/\/wp.me\/p864jz-4fE","_links":{"self":[{"href":"https:\/\/culturalizabh.com.br\/index.php\/wp-json\/wp\/v2\/posts\/16346","targetHints":{"allow":["GET"]}}],"collection":[{"href":"https:\/\/culturalizabh.com.br\/index.php\/wp-json\/wp\/v2\/posts"}],"about":[{"href":"https:\/\/culturalizabh.com.br\/index.php\/wp-json\/wp\/v2\/types\/post"}],"author":[{"embeddable":true,"href":"https:\/\/culturalizabh.com.br\/index.php\/wp-json\/wp\/v2\/users\/1"}],"replies":[{"embeddable":true,"href":"https:\/\/culturalizabh.com.br\/index.php\/wp-json\/wp\/v2\/comments?post=16346"}],"version-history":[{"count":4,"href":"https:\/\/culturalizabh.com.br\/index.php\/wp-json\/wp\/v2\/posts\/16346\/revisions"}],"predecessor-version":[{"id":16359,"href":"https:\/\/culturalizabh.com.br\/index.php\/wp-json\/wp\/v2\/posts\/16346\/revisions\/16359"}],"wp:featuredmedia":[{"embeddable":true,"href":"https:\/\/culturalizabh.com.br\/index.php\/wp-json\/wp\/v2\/media\/16352"}],"wp:attachment":[{"href":"https:\/\/culturalizabh.com.br\/index.php\/wp-json\/wp\/v2\/media?parent=16346"}],"wp:term":[{"taxonomy":"category","embeddable":true,"href":"https:\/\/culturalizabh.com.br\/index.php\/wp-json\/wp\/v2\/categories?post=16346"},{"taxonomy":"post_tag","embeddable":true,"href":"https:\/\/culturalizabh.com.br\/index.php\/wp-json\/wp\/v2\/tags?post=16346"}],"curies":[{"name":"wp","href":"https:\/\/api.w.org\/{rel}","templated":true}]}}