{"id":1613,"date":"2017-02-22T20:00:18","date_gmt":"2017-02-22T23:00:18","guid":{"rendered":"http:\/\/culturalizabh.com.br\/?p=1613"},"modified":"2017-02-22T22:49:56","modified_gmt":"2017-02-23T01:49:56","slug":"quando-chegar-fevereiro-eu-quero-ser-carnaval","status":"publish","type":"post","link":"https:\/\/culturalizabh.com.br\/index.php\/2017\/02\/22\/quando-chegar-fevereiro-eu-quero-ser-carnaval\/","title":{"rendered":"&#8220;Quando chegar fevereiro, eu quero ser carnaval&#8221;"},"content":{"rendered":"<p style=\"text-align: left;\"><span style=\"color: #000000;\">H\u00e1 muito tempo, lembro-me de ver muita gente falando &#8220;eu odeio carnaval&#8221;, &#8220;que feriado mais chato&#8221;, &#8220;odeio samba&#8221;, &#8220;nasci no pa\u00eds errado&#8221;, e n\u00e3o conseguia entender tanto desgosto por uma data comemorativa t\u00e3o maravilhosa assim. Desde minha inf\u00e2ncia, ficava acordado at\u00e9 altas horas para assistir aos desfiles de escolas de samba. Naquela \u00e9poca, sabia que aquilo era do meu pa\u00eds e que aquilo me fazia bem mais feliz.<\/span><\/p>\n<p style=\"text-align: left;\">\u00a0<\/p>\n<p style=\"text-align: left;\"><span style=\"color: #000000;\">Hoje, vejo muita gente ainda reclamando do carnaval (como assim?), por\u00e9m, vejo muita gente bem animada com o carnaval de Bel\u00f4. Por qu\u00ea? Porque o nosso carnaval est\u00e1 cada dia mais lindo, com uma vibra\u00e7\u00e3o bem\u00a0gostosa. Tive a oportunidade de conferir, no \u00faltimo domingo (12\/02), o bloco <strong>Balanc\u00ea<\/strong>, na <strong>Pra\u00e7a da Assembleia<\/strong> e me surpreendi com a empolga\u00e7\u00e3o de todos e com a <em>vibe<\/em> incr\u00edvel que estava por l\u00e1. Deu pra sentir o gostinho maravilhoso que nos aguarda nos dias oficiais de folia! M\u00fasicas novas e antigas, todas produzidas aqui dentro! Uma coisa nossa! Coisa do Brasil!<\/span><\/p>\n<p style=\"text-align: left;\">\u00a0<\/p>\n<p style=\"text-align: left;\"><span style=\"color: #000000;\">Olho pra tr\u00e1s, e vejo que aquele sentimento de felicidade, que sentia em todo carnaval, continua\u00a0presente em minha vida, e de forma dobrada! Agora \u00e9 nada de Netflix, nada de passar o feriado em len\u00e7\u00f3is, porque a rua nos aguarda! A rua est\u00e1 te esperando para dan\u00e7ar, conhecer pessoas novas, ver cores e ser feliz!\u00a0<\/span><\/p>\n<p style=\"text-align: left;\">\u00a0<\/p>\n<p style=\"text-align: left;\"><span style=\"color: #000000;\">Seja feliz e aproveite o carnaval deste ano! E como diz Johnny Hooker:\u00a0<\/span><\/p>\n<p style=\"text-align: left;\">\u00a0<\/p>\n<p style=\"text-align: left;\"><span style=\"color: #000000;\">&#8220;quando chegar fevereiro, eu quero ser carnaval!&#8221;<\/span><\/p>\n","protected":false},"excerpt":{"rendered":"<p>H\u00e1 muito tempo, lembro-me de ver muita gente falando &#8220;eu odeio carnaval&#8221;, &#8220;que feriado mais chato&#8221;, &#8220;odeio samba&#8221;, &#8220;nasci no pa\u00eds errado&#8221;, e n\u00e3o conseguia entender tanto desgosto por uma data comemorativa t\u00e3o maravilhosa assim. Desde minha inf\u00e2ncia, ficava acordado at\u00e9 altas horas para assistir aos desfiles de escolas de samba. Naquela \u00e9poca, sabia que [&hellip;]<\/p>\n","protected":false},"author":1,"featured_media":1615,"comment_status":"open","ping_status":"closed","sticky":false,"template":"","format":"standard","meta":{"jetpack_post_was_ever_published":false,"_jetpack_newsletter_access":"","_jetpack_dont_email_post_to_subs":true,"_jetpack_newsletter_tier_id":0,"_jetpack_memberships_contains_paywalled_content":false,"_jetpack_memberships_contains_paid_content":false,"footnotes":"","jetpack_publicize_message":"","jetpack_publicize_feature_enabled":true,"jetpack_social_post_already_shared":true,"jetpack_social_options":{"image_generator_settings":{"template":"highway","enabled":false},"version":2}},"categories":[1],"tags":[],"class_list":["post-1613","post","type-post","status-publish","format-standard","has-post-thumbnail","hentry","category-culturaliza"],"jetpack_publicize_connections":[],"jetpack_featured_media_url":"https:\/\/culturalizabh.com.br\/wp-content\/uploads\/2017\/02\/30267440402_af45da51dc_b.jpg","jetpack_sharing_enabled":true,"jetpack_shortlink":"https:\/\/wp.me\/p864jz-q1","_links":{"self":[{"href":"https:\/\/culturalizabh.com.br\/index.php\/wp-json\/wp\/v2\/posts\/1613","targetHints":{"allow":["GET"]}}],"collection":[{"href":"https:\/\/culturalizabh.com.br\/index.php\/wp-json\/wp\/v2\/posts"}],"about":[{"href":"https:\/\/culturalizabh.com.br\/index.php\/wp-json\/wp\/v2\/types\/post"}],"author":[{"embeddable":true,"href":"https:\/\/culturalizabh.com.br\/index.php\/wp-json\/wp\/v2\/users\/1"}],"replies":[{"embeddable":true,"href":"https:\/\/culturalizabh.com.br\/index.php\/wp-json\/wp\/v2\/comments?post=1613"}],"version-history":[{"count":6,"href":"https:\/\/culturalizabh.com.br\/index.php\/wp-json\/wp\/v2\/posts\/1613\/revisions"}],"predecessor-version":[{"id":1826,"href":"https:\/\/culturalizabh.com.br\/index.php\/wp-json\/wp\/v2\/posts\/1613\/revisions\/1826"}],"wp:featuredmedia":[{"embeddable":true,"href":"https:\/\/culturalizabh.com.br\/index.php\/wp-json\/wp\/v2\/media\/1615"}],"wp:attachment":[{"href":"https:\/\/culturalizabh.com.br\/index.php\/wp-json\/wp\/v2\/media?parent=1613"}],"wp:term":[{"taxonomy":"category","embeddable":true,"href":"https:\/\/culturalizabh.com.br\/index.php\/wp-json\/wp\/v2\/categories?post=1613"},{"taxonomy":"post_tag","embeddable":true,"href":"https:\/\/culturalizabh.com.br\/index.php\/wp-json\/wp\/v2\/tags?post=1613"}],"curies":[{"name":"wp","href":"https:\/\/api.w.org\/{rel}","templated":true}]}}