{"id":15802,"date":"2018-05-14T11:32:24","date_gmt":"2018-05-14T14:32:24","guid":{"rendered":"http:\/\/culturalizabh.com.br\/?p=15802"},"modified":"2018-07-23T13:03:46","modified_gmt":"2018-07-23T16:03:46","slug":"5-exposicoes-de-arte-gratuitas-que-estao-abertas-em-bh","status":"publish","type":"post","link":"https:\/\/culturalizabh.com.br\/index.php\/2018\/05\/14\/5-exposicoes-de-arte-gratuitas-que-estao-abertas-em-bh\/","title":{"rendered":"5 exposi\u00e7\u00f5es de arte GRATUITAS que est\u00e3o abertas em BH"},"content":{"rendered":"<p style=\"text-align: left;\"><span style=\"color: #000000;\">Belo Horizonte est\u00e1 cheia de exposi\u00e7\u00f5es legais e <strong>GRATUITAS<\/strong> rolando, em diversos locais. Para voc\u00ea ver a quantidade de obras que est\u00e3o a espera da sua visita, separamos<strong> 5 mostras que est\u00e3o abertas aqui na capital, at\u00e9 junho<\/strong>:<\/span><\/p>\n<p style=\"text-align: left;\">\u00a0<\/p>\n<h2 style=\"text-align: left;\"><span style=\"color: #ff6600;\"><a style=\"color: #ff6600;\" href=\"https:\/\/culturalizabh.com.br\/index.php\/2018\/04\/21\/1a-mostra-audiovisual-de-arte-do-barreiro\/\">1\u00aa Mostra Audiovisual de Arte do Barreiro\u00a0<\/a><\/span><\/h2>\n<p style=\"text-align: left;\">\u00a0<\/p>\n<p style=\"text-align: left;\"><img loading=\"lazy\" decoding=\"async\" class=\"size-medium wp-image-15313 aligncenter\" src=\"https:\/\/culturalizabh.com.br\/wp-content\/uploads\/2018\/04\/Fosfeno-de-Rodrigo-Faustini-cr\u00e9dito-MADA-Divulga\u00e7\u00e3o-300x169.jpg\" alt=\"\" width=\"300\" height=\"169\" srcset=\"https:\/\/culturalizabh.com.br\/wp-content\/uploads\/2018\/04\/Fosfeno-de-Rodrigo-Faustini-cr\u00e9dito-MADA-Divulga\u00e7\u00e3o-300x169.jpg 300w, https:\/\/culturalizabh.com.br\/wp-content\/uploads\/2018\/04\/Fosfeno-de-Rodrigo-Faustini-cr\u00e9dito-MADA-Divulga\u00e7\u00e3o-768x432.jpg 768w, https:\/\/culturalizabh.com.br\/wp-content\/uploads\/2018\/04\/Fosfeno-de-Rodrigo-Faustini-cr\u00e9dito-MADA-Divulga\u00e7\u00e3o-1024x576.jpg 1024w, https:\/\/culturalizabh.com.br\/wp-content\/uploads\/2018\/04\/Fosfeno-de-Rodrigo-Faustini-cr\u00e9dito-MADA-Divulga\u00e7\u00e3o-311x175.jpg 311w\" sizes=\"auto, (max-width: 300px) 100vw, 300px\" \/><\/p>\n<p style=\"text-align: left;\">\u00a0<\/p>\n<p style=\"text-align: left;\"><span style=\"color: #000000;\">Um evento direcionado a arte e a cultura com exposi\u00e7\u00e3o, oficinas, produ\u00e7\u00f5es audiovisuais e debates. O espa\u00e7o tamb\u00e9m ser\u00e1 utilizado para divulgar o resultado do trabalho de artistas de v\u00e1rias partes do mundo como Filipinas, Espanha, Bol\u00edvia entre outros, que se inscreveram na Mostra Audiovisual de Arte do Barreiro -MADA.\u00a0<\/span><\/p>\n<p style=\"text-align: left;\">\u00a0<\/p>\n<p style=\"text-align: left;\"><span style=\"color: #000000;\"><strong>QUANDO:<\/strong> at\u00e9 06\/06<\/span><\/p>\n<p style=\"text-align: left;\"><span style=\"color: #000000;\"><strong>ONDE:<\/strong>\u00a0Viaduto das Artes, Av. Olinto Meireles, 45 \u2013 Barreiro\u00a0<\/span><\/p>\n<p style=\"text-align: left;\">\u00a0<\/p>\n<p style=\"text-align: left;\">\u00a0<\/p>\n<h2 style=\"text-align: left;\"><span style=\"color: #ff6600;\"><a style=\"color: #ff6600;\" href=\"https:\/\/culturalizabh.com.br\/index.php\/2018\/04\/06\/100-anos-de-athos-bulcao\/\">100 anos de Athos Bulc\u00e3o<\/a><\/span><\/h2>\n<p style=\"text-align: left;\">\u00a0<\/p>\n<p style=\"text-align: left;\"><img loading=\"lazy\" decoding=\"async\" class=\"size-medium wp-image-14690 aligncenter\" src=\"https:\/\/culturalizabh.com.br\/wp-content\/uploads\/2018\/04\/aqui_tem_diversao_athos_bulcao-300x184.jpg\" alt=\"\" width=\"300\" height=\"184\" srcset=\"https:\/\/culturalizabh.com.br\/wp-content\/uploads\/2018\/04\/aqui_tem_diversao_athos_bulcao-300x184.jpg 300w, https:\/\/culturalizabh.com.br\/wp-content\/uploads\/2018\/04\/aqui_tem_diversao_athos_bulcao-768x472.jpg 768w, https:\/\/culturalizabh.com.br\/wp-content\/uploads\/2018\/04\/aqui_tem_diversao_athos_bulcao.jpg 1024w, https:\/\/culturalizabh.com.br\/wp-content\/uploads\/2018\/04\/aqui_tem_diversao_athos_bulcao-285x175.jpg 285w, https:\/\/culturalizabh.com.br\/wp-content\/uploads\/2018\/04\/aqui_tem_diversao_athos_bulcao-1020x629.jpg 1020w\" sizes=\"auto, (max-width: 300px) 100vw, 300px\" \/><\/p>\n<p style=\"text-align: left;\">\u00a0<\/p>\n<p style=\"text-align: left;\"><span style=\"color: #000000;\">A exposi\u00e7\u00e3o recebe os mais de 300 trabalhos, alguns dos quais in\u00e9ditos, assinados por\u00a0Athos Bulc\u00e3o. A mostra\u00a0passou por Bras\u00edlia, onde fica a sede da\u00a0Funda\u00e7\u00e3o Athos e vai\u00a0al\u00e9m da arte da azulejaria: destaca tamb\u00e9m a pintura figurativa do artista realizada nos anos 1940 e 1950, antes de Bras\u00edlia.\u00a0<\/span><\/p>\n<p style=\"text-align: left;\">\u00a0<\/p>\n<p style=\"text-align: left;\"><span style=\"color: #000000;\"><strong>QUANDO:<\/strong>\u00a0at\u00e9 25\/06<\/span><\/p>\n<p style=\"text-align: left;\"><span style=\"color: #000000;\"><strong>ONDE:<\/strong> CCBB BH &#8211; Centro Cultural Banco do Brasil\u00a0<\/span><\/p>\n<p style=\"text-align: left;\">\u00a0<\/p>\n<p style=\"text-align: left;\">\u00a0<\/p>\n<h2 class=\"entry-title\" style=\"text-align: left;\"><span style=\"color: #ff6600;\"><a style=\"color: #ff6600;\" href=\"https:\/\/culturalizabh.com.br\/index.php\/2018\/05\/13\/exposicao-memorial-vale-itinerante-africanidades-no-aglomerado-da-serra\/\">Memorial Vale Itinerante \u2013 Africanidades<\/a><\/span><\/h2>\n<p style=\"text-align: left;\">\u00a0<\/p>\n<p style=\"text-align: left;\"><img loading=\"lazy\" decoding=\"async\" class=\"size-medium wp-image-16127 aligncenter\" src=\"https:\/\/culturalizabh.com.br\/wp-content\/uploads\/2018\/05\/Expo-Memorial-Itinerante-Africanidades_ByMaria-Luiza-Correa-300x200.jpg\" alt=\"\" width=\"300\" height=\"200\" srcset=\"https:\/\/culturalizabh.com.br\/wp-content\/uploads\/2018\/05\/Expo-Memorial-Itinerante-Africanidades_ByMaria-Luiza-Correa-300x200.jpg 300w, https:\/\/culturalizabh.com.br\/wp-content\/uploads\/2018\/05\/Expo-Memorial-Itinerante-Africanidades_ByMaria-Luiza-Correa-768x512.jpg 768w, https:\/\/culturalizabh.com.br\/wp-content\/uploads\/2018\/05\/Expo-Memorial-Itinerante-Africanidades_ByMaria-Luiza-Correa-1024x683.jpg 1024w, https:\/\/culturalizabh.com.br\/wp-content\/uploads\/2018\/05\/Expo-Memorial-Itinerante-Africanidades_ByMaria-Luiza-Correa-263x175.jpg 263w\" sizes=\"auto, (max-width: 300px) 100vw, 300px\" \/><\/p>\n<p style=\"text-align: left;\">\u00a0<\/p>\n<p style=\"text-align: left;\">\u00a0<\/p>\n<p style=\"text-align: left;\"><span style=\"color: #000000;\">A comunidade do Aglomerado da Serra, em Belo Horizonte, recebeu dia 8 de Maio\u00a0o Memorial Itinerante \u2013 Africanidades, projeto que leva \u00e0 popula\u00e7\u00e3o um recorte do acervo do Memorial Minas Gerais Vale. A mostra pretende ampliar a discuss\u00e3o e a reflex\u00e3o a respeito das quest\u00f5es \u00e9tnico-raciais, propondo a\u00e7\u00f5es de fortalecimento das identidades e apropria\u00e7\u00e3o das matrizes africanas presentes na sociedade brasileira.<\/span><\/p>\n<p style=\"text-align: left;\">\u00a0<\/p>\n<p style=\"text-align: left;\"><span style=\"color: #000000;\"><strong>QUANDO:<\/strong> at\u00e9 09\/06<\/span><\/p>\n<p style=\"text-align: left;\"><span style=\"color: #000000;\"><strong>ONDE:<\/strong> Centro Cultural Vila F\u00e1tima \u2013 Rua S\u00e3o Miguel Arcanjo, 215 \/ Aglomerado da Serra<\/span><\/p>\n<p style=\"text-align: left;\">\u00a0<\/p>\n<p style=\"text-align: left;\">\u00a0<\/p>\n<h2 class=\"entry-title\" style=\"text-align: left;\"><span style=\"color: #ff6600;\"><a style=\"color: #ff6600;\" href=\"https:\/\/culturalizabh.com.br\/index.php\/2018\/05\/11\/exposicao-dimensoes-de-lila-hamdan\/\">\u201cDimens\u00f5es\u201d de Lila Hamdan<\/a><\/span><\/h2>\n<p style=\"text-align: left;\">\u00a0<\/p>\n<p style=\"text-align: left;\"><img loading=\"lazy\" decoding=\"async\" class=\"size-medium wp-image-16089 aligncenter\" src=\"https:\/\/culturalizabh.com.br\/wp-content\/uploads\/2018\/05\/DNA-300x199.jpg\" alt=\"\" width=\"300\" height=\"199\" srcset=\"https:\/\/culturalizabh.com.br\/wp-content\/uploads\/2018\/05\/DNA-300x199.jpg 300w, https:\/\/culturalizabh.com.br\/wp-content\/uploads\/2018\/05\/DNA-768x509.jpg 768w, https:\/\/culturalizabh.com.br\/wp-content\/uploads\/2018\/05\/DNA-1024x679.jpg 1024w, https:\/\/culturalizabh.com.br\/wp-content\/uploads\/2018\/05\/DNA-264x175.jpg 264w, https:\/\/culturalizabh.com.br\/wp-content\/uploads\/2018\/05\/DNA.jpg 1891w\" sizes=\"auto, (max-width: 300px) 100vw, 300px\" \/><\/p>\n<p style=\"text-align: left;\">\u00a0<\/p>\n<p style=\"text-align: left;\">\u00a0<\/p>\n<p style=\"text-align: left;\"><span style=\"color: #000000;\">Ap\u00f3s expor seus trabalhos por diversos pa\u00edses entre eles Finl\u00e2ndia, Estados Unidos e Paris, a artista pl\u00e1stica\u00a0<strong>Lila Hamdan\u00a0<\/strong>escolheu a capital mineira para sua exposi\u00e7\u00e3o\u00a0<strong>\u201cDimens\u00f5es\u201d<\/strong>, onde apresenta esculturas in\u00e9ditas. A artista iniciou sua arte na d\u00e9cada de 80, atualmente de dedica em tempo integral para suas obras. A mostra estar\u00e1 na Galeria de Artes da Assembleia Legislativa entre os dias 21\u00a0 maio e 8 de junho.<\/span><\/p>\n<p style=\"text-align: left;\">\u00a0<\/p>\n<p style=\"text-align: left;\"><span style=\"color: #000000;\"><strong>QUANDO:<\/strong> 08\/06<\/span><\/p>\n<p style=\"text-align: left;\"><span style=\"color: #000000;\"><strong>ONDE:\u00a0<\/strong>Galeria de Arte da Assembl\u00e9ia Legislativa de Minas Gerais\u00a0\u2013\u00a0Rua Rodrigues Caldas, 30, Santo Agostinho.<\/span><\/p>\n<p style=\"text-align: left;\">\u00a0<\/p>\n<h2 class=\"entry-title\" style=\"text-align: left;\"><span style=\"color: #ff6600;\"><a style=\"color: #ff6600;\" href=\"https:\/\/culturalizabh.com.br\/index.php\/2018\/04\/16\/exposicao-traco-explicito-de-marcelo-xavier\/\">&#8220;Tra\u00e7o Expl\u00edcito\u201d, de Marcelo Xavier<\/a><\/span><\/h2>\n<p style=\"text-align: left;\">\u00a0<\/p>\n<p style=\"text-align: left;\"><img loading=\"lazy\" decoding=\"async\" class=\"size-medium wp-image-15239 aligncenter\" src=\"https:\/\/culturalizabh.com.br\/wp-content\/uploads\/2018\/04\/foto-MIGUEL-AUN-026-1-300x210.png\" alt=\"\" width=\"300\" height=\"210\" srcset=\"https:\/\/culturalizabh.com.br\/wp-content\/uploads\/2018\/04\/foto-MIGUEL-AUN-026-1-300x210.png 300w, https:\/\/culturalizabh.com.br\/wp-content\/uploads\/2018\/04\/foto-MIGUEL-AUN-026-1-768x538.png 768w, https:\/\/culturalizabh.com.br\/wp-content\/uploads\/2018\/04\/foto-MIGUEL-AUN-026-1-1024x717.png 1024w, https:\/\/culturalizabh.com.br\/wp-content\/uploads\/2018\/04\/foto-MIGUEL-AUN-026-1-250x175.png 250w, https:\/\/culturalizabh.com.br\/wp-content\/uploads\/2018\/04\/foto-MIGUEL-AUN-026-1.png 1589w\" sizes=\"auto, (max-width: 300px) 100vw, 300px\" \/><\/p>\n<p style=\"text-align: left;\">\u00a0<\/p>\n<p style=\"text-align: left;\"><span style=\"color: #000000;\">A mostra apresenta 34 imagens que foram retiradas de cadernos, livros e blocos de notas do autor. As pe\u00e7as destacam diferentes fases da carreira do artista pl\u00e1stico, que apresenta ao p\u00fablico um arte er\u00f3tica com objetivo de levantar questionamentos e confus\u00f5es.<\/span><\/p>\n<p style=\"text-align: left;\">\u00a0<\/p>\n<p style=\"text-align: left;\"><span style=\"color: #000000;\"><strong>QUANDO:<\/strong> 03\/06<\/span><\/p>\n<p style=\"text-align: left;\"><span style=\"color: #000000;\"><strong>ONDE:<\/strong>\u00a0PQNA Galeria Pedro Moraleida \u2013 Pal\u00e1cio das Artes |\u00a0\u00a0Av. Afonso Pena, 1537 \u2013 Centro<\/span><\/p>\n<h2 style=\"text-align: left;\">\u00a0<\/h2>\n<h3 style=\"text-align: left;\"><span style=\"color: #000000;\">Voc\u00ea pode conferir outras exposi\u00e7\u00f5es que est\u00e3o abertas em BH, na nossa sess\u00e3o<\/span> <a href=\"https:\/\/culturalizabh.com.br\/index.php\/category\/exposicoes\/\">&#8220;Exposi\u00e7\u00f5es&#8221;<\/a>.\u00a0<\/h3>\n<p>&nbsp;<\/p>\n","protected":false},"excerpt":{"rendered":"<p>Belo Horizonte est\u00e1 cheia de exposi\u00e7\u00f5es legais e GRATUITAS rolando, em diversos locais. Para voc\u00ea ver a quantidade de obras que est\u00e3o a espera da sua visita, separamos 5 mostras que est\u00e3o abertas aqui na capital, at\u00e9 junho: \u00a0 1\u00aa Mostra Audiovisual de Arte do Barreiro\u00a0 \u00a0 \u00a0 Um evento direcionado a arte e a [&hellip;]<\/p>\n","protected":false},"author":1,"featured_media":16127,"comment_status":"open","ping_status":"closed","sticky":false,"template":"","format":"standard","meta":{"jetpack_post_was_ever_published":false,"_jetpack_newsletter_access":"","_jetpack_dont_email_post_to_subs":true,"_jetpack_newsletter_tier_id":0,"_jetpack_memberships_contains_paywalled_content":false,"_jetpack_memberships_contains_paid_content":false,"footnotes":"","jetpack_publicize_message":"","jetpack_publicize_feature_enabled":true,"jetpack_social_post_already_shared":true,"jetpack_social_options":{"image_generator_settings":{"template":"highway","enabled":false},"version":2}},"categories":[3537],"tags":[862,1486,23,1611],"class_list":["post-15802","post","type-post","status-publish","format-standard","has-post-thumbnail","hentry","category-gratuito-ou-a-baixo-custo","tag-arte","tag-centro-cultural","tag-exposicao","tag-gratuito"],"jetpack_publicize_connections":[],"jetpack_featured_media_url":"https:\/\/culturalizabh.com.br\/wp-content\/uploads\/2018\/05\/Expo-Memorial-Itinerante-Africanidades_ByMaria-Luiza-Correa.jpg","jetpack_sharing_enabled":true,"jetpack_shortlink":"https:\/\/wp.me\/p864jz-46S","_links":{"self":[{"href":"https:\/\/culturalizabh.com.br\/index.php\/wp-json\/wp\/v2\/posts\/15802","targetHints":{"allow":["GET"]}}],"collection":[{"href":"https:\/\/culturalizabh.com.br\/index.php\/wp-json\/wp\/v2\/posts"}],"about":[{"href":"https:\/\/culturalizabh.com.br\/index.php\/wp-json\/wp\/v2\/types\/post"}],"author":[{"embeddable":true,"href":"https:\/\/culturalizabh.com.br\/index.php\/wp-json\/wp\/v2\/users\/1"}],"replies":[{"embeddable":true,"href":"https:\/\/culturalizabh.com.br\/index.php\/wp-json\/wp\/v2\/comments?post=15802"}],"version-history":[{"count":4,"href":"https:\/\/culturalizabh.com.br\/index.php\/wp-json\/wp\/v2\/posts\/15802\/revisions"}],"predecessor-version":[{"id":16140,"href":"https:\/\/culturalizabh.com.br\/index.php\/wp-json\/wp\/v2\/posts\/15802\/revisions\/16140"}],"wp:featuredmedia":[{"embeddable":true,"href":"https:\/\/culturalizabh.com.br\/index.php\/wp-json\/wp\/v2\/media\/16127"}],"wp:attachment":[{"href":"https:\/\/culturalizabh.com.br\/index.php\/wp-json\/wp\/v2\/media?parent=15802"}],"wp:term":[{"taxonomy":"category","embeddable":true,"href":"https:\/\/culturalizabh.com.br\/index.php\/wp-json\/wp\/v2\/categories?post=15802"},{"taxonomy":"post_tag","embeddable":true,"href":"https:\/\/culturalizabh.com.br\/index.php\/wp-json\/wp\/v2\/tags?post=15802"}],"curies":[{"name":"wp","href":"https:\/\/api.w.org\/{rel}","templated":true}]}}