{"id":14058,"date":"2018-03-16T17:15:37","date_gmt":"2018-03-16T20:15:37","guid":{"rendered":"http:\/\/culturalizabh.com.br\/?p=14058"},"modified":"2018-03-16T17:15:37","modified_gmt":"2018-03-16T20:15:37","slug":"oficina-criacao-de-boneco-de-espuma-c-fernanda-paredes","status":"publish","type":"post","link":"https:\/\/culturalizabh.com.br\/index.php\/2018\/03\/16\/oficina-criacao-de-boneco-de-espuma-c-fernanda-paredes\/","title":{"rendered":"Oficina: Cria\u00e7\u00e3o de Boneco de Espuma c\\ Fernanda Paredes"},"content":{"rendered":"<p style=\"text-align: left\"><span style=\"color: #000000\">A marionetista e atriz profissional, <strong>Fernanda Paredes<\/strong>, promover\u00e1 neste fim de semana uma oficina que prop\u00f5e a constru\u00e7\u00e3o de um <strong>boneco de espuma<\/strong> por aluno, na t\u00e9cnica muppet (luva com vara), atrav\u00e9s da inicia\u00e7\u00e3o \u00e0 escultura em espuma e confec\u00e7\u00e3o de acabamento sobre a pe\u00e7a.<\/span><\/p>\n<p style=\"text-align: left\">\u00a0<\/p>\n<p style=\"text-align: left\"><span style=\"color: #000000\">Marionetista desde 2001,\u00a0<strong>Fernanda<\/strong> integrou o Grupo de <strong>Teatro Armatrux<\/strong> durante seis anos, atuando como manipuladora, coordenadora da oficina de constru\u00e7\u00e3o, ministrante de oficinas e operadora de ilumina\u00e7\u00e3o. Integrou o <strong>Giramundo Teatro de Bonecos<\/strong> de 2008 a 2010, onde exerceu a fun\u00e7\u00e3o de Marionetista atuante nas \u00e1reas de oficina de constru\u00e7\u00e3o, manipula\u00e7\u00e3o em espet\u00e1culos e ministrante de oficinas de teatro de anima\u00e7\u00e3o. Fundou no ano de 2010, o <strong>Grupo Amphibias<\/strong>, atrav\u00e9s da qual presta servi\u00e7o aos grupos mencionados, como a outros tantos, nas diversas \u00e1reas de teatro de anima\u00e7\u00e3o. Em 2014, foi diretora da Escola Giramundo de Teatro de Anima\u00e7\u00e3o. Essas experi\u00eancias possibilitaram sua participa\u00e7\u00e3o em in\u00fameras montagens teatrais, v\u00eddeos, filmes, oficinas, e festivais.<\/span><\/p>\n<p style=\"text-align: left\">\u00a0<\/p>\n<p style=\"text-align: left\"><span style=\"color: #000000\">A oficina oferecer\u00e1 cola de contato e uma p<strong>laca de espuma D28<\/strong> no tamanho 50cm x 50cm para cada participante. Recomenda-se trazer <strong>retalhos de espuma<\/strong> para utiliza\u00e7\u00e3o nos detalhes e acabamentos do boneco. Agora \u00e9 correr para garantir a inscri\u00e7\u00e3o e aproveitar o fim de semana.<\/span><\/p>\n<p style=\"text-align: left\">\u00a0<\/p>\n<p style=\"text-align: left\"><span style=\"color: #000000\">Abaixo informa\u00e7\u00f5es sobre a oficina:<\/span><\/p>\n<p style=\"text-align: left\"><span style=\"color: #000000\"><strong>Oficina: Cria\u00e7\u00e3o de Boneco de Espuma c\\ Fernanda Paredes<\/strong><\/span><\/p>\n<p style=\"text-align: left\"><span style=\"color: #000000\"><strong>Quando:<\/strong> 17 e 18 de mar\u00e7o<\/span><\/p>\n<p style=\"text-align: left\"><span style=\"color: #000000\"><strong>Hora:<\/strong> 13h \u00e0s 19h<\/span><\/p>\n<p style=\"text-align: left\"><span style=\"color: #000000\"><strong>Quanto: <\/strong>R$ 200,00 | Vagas limitadas<\/span><\/p>\n<p style=\"text-align: left\"><span style=\"color: #000000\"><strong>Onde:<\/strong> Grupo Girino | <a style=\"color: #000000\" href=\"https:\/\/maps.google.com\/?q=Av.+El%C3%ADsio+de+Brito,+463,+sala+201&amp;entry=gmail&amp;source=g\">Av. El\u00edsio de Brito, 463, sala 201<\/a>. Bairro Boa Vista<\/span><\/p>\n<ul style=\"text-align: left\">\n<li><span style=\"color: #000000\">Pr\u00f3ximo \u00e0 esta\u00e7\u00e3o de metr\u00f4 Santa In\u00eas<\/span><\/li>\n<\/ul>\n<p style=\"text-align: left\"><span style=\"color: #000000\"><strong>Vagas:<\/strong> 20 participantes<\/span><\/p>\n<p style=\"text-align: left\"><span style=\"color: #000000\"><strong>Inscri\u00e7\u00f5es pelo link<\/strong>: <a style=\"color: #000000\" href=\"https:\/\/www.e-inscricao.com\/girino\/bonecodeespuma\">https:\/\/www.e-inscricao.com\/girino\/bonecodeespuma<\/a><\/span><\/p>\n<p>&nbsp;<\/p>\n<p>&nbsp;<\/p>\n","protected":false},"excerpt":{"rendered":"<p>A marionetista e atriz profissional, Fernanda Paredes, promover\u00e1 neste fim de semana uma oficina que prop\u00f5e a constru\u00e7\u00e3o de um boneco de espuma por aluno, na t\u00e9cnica muppet (luva com vara), atrav\u00e9s da inicia\u00e7\u00e3o \u00e0 escultura em espuma e confec\u00e7\u00e3o de acabamento sobre a pe\u00e7a. \u00a0 Marionetista desde 2001,\u00a0Fernanda integrou o Grupo de Teatro Armatrux [&hellip;]<\/p>\n","protected":false},"author":22,"featured_media":14059,"comment_status":"open","ping_status":"closed","sticky":false,"template":"","format":"standard","meta":{"jetpack_post_was_ever_published":false,"_jetpack_newsletter_access":"","_jetpack_dont_email_post_to_subs":false,"_jetpack_newsletter_tier_id":0,"_jetpack_memberships_contains_paywalled_content":false,"_jetpack_memberships_contains_paid_content":false,"footnotes":"","jetpack_publicize_message":"","jetpack_publicize_feature_enabled":true,"jetpack_social_post_already_shared":true,"jetpack_social_options":{"image_generator_settings":{"template":"highway","enabled":false},"version":2}},"categories":[1,14,34],"tags":[3344,3343],"class_list":["post-14058","post","type-post","status-publish","format-standard","has-post-thumbnail","hentry","category-culturaliza","category-dicas","category-diversao","tag-fernanda-paredes","tag-oficina-de-bonecos"],"jetpack_publicize_connections":[],"jetpack_featured_media_url":"https:\/\/culturalizabh.com.br\/wp-content\/uploads\/2018\/03\/oficina-criac3a7ao-de-boneco-de-espuma1.jpg","jetpack_sharing_enabled":true,"jetpack_shortlink":"https:\/\/wp.me\/p864jz-3EK","_links":{"self":[{"href":"https:\/\/culturalizabh.com.br\/index.php\/wp-json\/wp\/v2\/posts\/14058","targetHints":{"allow":["GET"]}}],"collection":[{"href":"https:\/\/culturalizabh.com.br\/index.php\/wp-json\/wp\/v2\/posts"}],"about":[{"href":"https:\/\/culturalizabh.com.br\/index.php\/wp-json\/wp\/v2\/types\/post"}],"author":[{"embeddable":true,"href":"https:\/\/culturalizabh.com.br\/index.php\/wp-json\/wp\/v2\/users\/22"}],"replies":[{"embeddable":true,"href":"https:\/\/culturalizabh.com.br\/index.php\/wp-json\/wp\/v2\/comments?post=14058"}],"version-history":[{"count":2,"href":"https:\/\/culturalizabh.com.br\/index.php\/wp-json\/wp\/v2\/posts\/14058\/revisions"}],"predecessor-version":[{"id":14061,"href":"https:\/\/culturalizabh.com.br\/index.php\/wp-json\/wp\/v2\/posts\/14058\/revisions\/14061"}],"wp:featuredmedia":[{"embeddable":true,"href":"https:\/\/culturalizabh.com.br\/index.php\/wp-json\/wp\/v2\/media\/14059"}],"wp:attachment":[{"href":"https:\/\/culturalizabh.com.br\/index.php\/wp-json\/wp\/v2\/media?parent=14058"}],"wp:term":[{"taxonomy":"category","embeddable":true,"href":"https:\/\/culturalizabh.com.br\/index.php\/wp-json\/wp\/v2\/categories?post=14058"},{"taxonomy":"post_tag","embeddable":true,"href":"https:\/\/culturalizabh.com.br\/index.php\/wp-json\/wp\/v2\/tags?post=14058"}],"curies":[{"name":"wp","href":"https:\/\/api.w.org\/{rel}","templated":true}]}}