{"id":13641,"date":"2018-02-26T11:28:44","date_gmt":"2018-02-26T14:28:44","guid":{"rendered":"http:\/\/culturalizabh.com.br\/?p=13641"},"modified":"2018-03-27T12:17:17","modified_gmt":"2018-03-27T15:17:17","slug":"lingua-portuguesa-em-evidencia-no-sesc-palladium","status":"publish","type":"post","link":"https:\/\/culturalizabh.com.br\/index.php\/2018\/02\/26\/lingua-portuguesa-em-evidencia-no-sesc-palladium\/","title":{"rendered":"L\u00edngua Portuguesa em evid\u00eancia no Sesc Palladium"},"content":{"rendered":"<p style=\"text-align: left;\"><span style=\"color: #000000;\">O <strong>Sesc Palladium<\/strong>, reconhecido como um dos mais importantes centros culturais de Minas Gerais, em <strong>Belo Horizonte<\/strong>, promover\u00e1 a <strong>L\u00edngua Portuguesa<\/strong> como eixo tem\u00e1tico de diversas atividades entre os meses de fevereiro a julho. \u00a0O objetivo \u00e9 aprofundar a abordagem sobre os assuntos em pauta, oferecendo ao p\u00fablico um recorte mais amplo e uma programa\u00e7\u00e3o mais diversificada e transversal sobre assuntos propostos.\u00a0<\/span><\/p>\n<p style=\"text-align: left;\">\u00a0<\/p>\n<p style=\"text-align: left;\"><span style=\"color: #000000;\">Neste per\u00edodo, o p\u00fablico vai celebrar a l\u00edngua nas suas mais variadas manifesta\u00e7\u00f5es culturais, promovendo o pensamento cr\u00edtico e reflexivo com a participa\u00e7\u00e3o de <strong>artistas<\/strong>, <strong>intelectuais<\/strong> e representantes de v\u00e1rios pa\u00edses que falam o idioma. As atividades foram selecionadas a partir do reconhecimento do idioma como <strong>patrim\u00f4nio imaterial<\/strong>, pensando a <strong>mem\u00f3ria social<\/strong>, <strong>afetiva<\/strong> e <strong>geogr\u00e1fica <\/strong>da l\u00edngua. Outro norte para a defini\u00e7\u00e3o das atra\u00e7\u00f5es foi a percep\u00e7\u00e3o do portugu\u00eas tamb\u00e9m do ponto de vista cr\u00edtico, como importante marco civilizat\u00f3rio calcado numa palavra viva e din\u00e2mica.<\/span><\/p>\n<p style=\"text-align: left;\">\u00a0<\/p>\n<p style=\"text-align: left;\"><span style=\"color: #000000;\">As atra\u00e7\u00f5es previstas permeiam v\u00e1rias modalidades art\u00edsticas como cinema, m\u00fasica, literatura, artes visuais, dan\u00e7a e teatro, al\u00e9m de atividades de cunho educativo. \u00a0Abaixo informa\u00e7\u00f5es sobre as atividades para todos programarem \u2013 se:<\/span><\/p>\n<p style=\"text-align: left;\">\u00a0<\/p>\n<p style=\"text-align: left;\"><span style=\"color: #000000;\"><strong>Exposi\u00e7\u00e3o \u2018Palavra Viva\u2019<\/strong><\/span><\/p>\n<p style=\"text-align: left;\"><span style=\"color: #000000;\"><strong>Quando:<\/strong> 27 de fevereiro<\/span><br \/>\n<span style=\"color: #000000;\"><strong> Hora:<\/strong> 19h30, com a performance Prega\u00e7\u00e3o, de Lenora de Barros, \u00e0s 20h.<\/span><br \/>\n<span style=\"color: #000000;\"><strong> Onde:<\/strong> Galeria de Arte GTO e foyers<\/span><\/p>\n<p style=\"text-align: left;\">\u00a0<\/p>\n<p style=\"text-align: left;\"><span style=\"color: #000000;\">Visita\u00e7\u00e3o: De 28\/02 a 22\/04<\/span><br \/>\n<span style=\"color: #000000;\"> Hora: de 9h \u00e0s 21h, de ter\u00e7a a domingo<\/span><br \/>\n<span style=\"color: #000000;\"> Entrada gratuita<\/span><\/p>\n<p style=\"text-align: left;\">\u00a0<\/p>\n<p style=\"text-align: left;\"><span style=\"color: #000000;\"><a style=\"color: #000000;\" href=\"http:\/\/www.sescmg.com.br\/wps\/portal\/sescmg\/unidades\/unidades_cultura\/sesc_palladium\/pagina_inicial\/programacao\/!ut\/p\/a1\/pZBLD4IwEIR_kemWEuCKxZby0GiDYi-mMQGbyCOEePDXCxxNEBL3tsk3s7ODFMqRqvXLlLo3Ta2f466cm829XUglRECEAz6nWyaPFJ-IPQDXAeDALYzjARB7DwRjXsSIBEjIf3pw1-lhZnxY0kcrDlhdStMSqVb3j42piwblbdeUna70XTfogtRkMvdEYC0AY0tfMWIXD-HPQXiQLgGLLDiMPU3AjyLaKsvyd1JIYcQHATnW6A!!\/?urile=wcm:path:\/sescmg\/paginainicial\/centrais\/central_de_programacao\/programacao_aberta\/Cultura+-+Programacao\/Salve+o+Compositor+apresenta+Sergio+Perere?WCMRenderAbsoluteURLs\"><strong>Salve o Compositor! apresenta S\u00e9rgio Perer\u00ea<\/strong><\/a><\/span><\/p>\n<p style=\"text-align: left;\">\n<span style=\"color: #000000;\"> I Festival IMuNe &#8211; Instante da M\u00fasica Negra<\/span><br \/>\n<span style=\"color: #000000;\">Quando: 01\/03 (quinta-feira)\u00a0 \u00a0 \u00a0 \u00a0 \u00a0 \u00a0 \u00a0 \u00a0 \u00a0 \u00a0 \u00a0 \u00a0 \u00a0 \u00a0 \u00a0 \u00a0 \u00a0 \u00a0 \u00a0 \u00a0 \u00a0 \u00a0 \u00a0 \u00a0 \u00a0 \u00a0 \u00a0 \u00a0 \u00a0 \u00a0 \u00a0 \u00a0 \u00a0 \u00a0 \u00a0 \u00a0 \u00a0 \u00a0 \u00a0 \u00a0 \u00a0 \u00a0 \u00a0 \u00a0 \u00a0 \u00a0 \u00a0 \u00a0 \u00a0 \u00a0 \u00a0 \u00a0 \u00a0 \u00a0 \u00a0 \u00a0 \u00a0 \u00a0 \u00a0 \u00a0 \u00a0 \u00a0 \u00a0 \u00a0 \u00a0 \u00a0 \u00a0 \u00a0 \u00a0 \u00a0 \u00a0 \u00a0 \u00a0 \u00a0 \u00a0 \u00a0 \u00a0 Hora: 20h<\/span><br \/>\n<span style=\"color: #000000;\"> Onde: Teatro de Bolso<\/span><br \/>\n<span style=\"color: #000000;\"> Quanto: a partir de R$ 8<\/span><\/p>\n<p style=\"text-align: left;\">\u00a0<\/p>\n<p style=\"text-align: left;\"><span style=\"color: #000000;\"> <strong>Ateli\u00ea aberto Palavra Viva \u2013 programa Educativo<\/strong><\/span><\/p>\n<p style=\"text-align: left;\">\n<span style=\"color: #000000;\"> Visita guiada e a\u00e7\u00f5es educativas na exposi\u00e7\u00e3o Palavra Viva<\/span><br \/>\n<span style=\"color: #000000;\"> Quando: 03\/03 (s\u00e1bado)\u00a0 \u00a0 \u00a0 \u00a0 \u00a0 \u00a0 \u00a0 \u00a0 \u00a0 \u00a0 \u00a0 \u00a0 \u00a0 \u00a0 \u00a0 \u00a0 \u00a0 \u00a0 \u00a0 \u00a0 \u00a0 \u00a0 \u00a0 \u00a0 \u00a0 \u00a0 \u00a0 \u00a0 \u00a0 \u00a0 \u00a0 \u00a0 \u00a0 \u00a0 \u00a0 \u00a0 \u00a0 \u00a0 \u00a0 \u00a0 \u00a0 \u00a0 \u00a0 \u00a0 \u00a0 \u00a0 \u00a0 \u00a0 \u00a0 \u00a0 \u00a0 \u00a0 \u00a0 \u00a0 \u00a0 \u00a0 \u00a0 \u00a0 \u00a0 \u00a0 \u00a0 \u00a0 \u00a0 \u00a0 \u00a0 \u00a0 \u00a0 \u00a0 \u00a0 \u00a0 \u00a0 \u00a0 \u00a0 \u00a0 \u00a0 \u00a0 \u00a0 \u00a0 <\/span><\/p>\n<p style=\"text-align: left;\"><span style=\"color: #000000;\">Hora: \u00e0s 10h e \u00e0s 14h.<\/span><br \/>\n<span style=\"color: #000000;\"> Onde: Galeria de Arte GTO e foyers<\/span><br \/>\n<span style=\"color: #000000;\"> Quanto: Entrada gratuita<\/span><\/p>\n<p style=\"text-align: left;\">\u00a0<\/p>\n<p style=\"text-align: left;\"><span style=\"color: #000000;\"> <a style=\"color: #000000;\" href=\"http:\/\/www.sescmg.com.br\/wps\/portal\/sescmg\/unidades\/unidades_cultura\/sesc_palladium\/pagina_inicial\/programacao\/!ut\/p\/a1\/pZBLD4IwEIR_kemWEuCKxZby0GiDYi-mMQGbyCOEePDXCxxNEBL3tsk3s7ODFMqRqvXLlLo3Ta2f466cm829XUglRECEAz6nWyaPFJ-IPQDXAeDALYzjARB7DwRjXsSIBEjIf3pw1-lhZnxY0kcrDlhdStMSqVb3j42piwblbdeUna70XTfogtRkMvdEYC0AY0tfMWIXD-HPQXiQLgGLLDiMPU3AjyLaKsvyd1JIYcQHATnW6A!!\/?urile=wcm:path:\/sescmg\/paginainicial\/centrais\/central_de_programacao\/programacao_aberta\/Cultura+-+Programacao\/Salve+o+Compositor+apresenta+Pre+lancamento+do+disco+Diversa+de+Bia+Nogueira?WCMRenderAbsoluteURLs\"><strong>Salve o Compositor! apresenta Bia Nogueira &#8211; pr\u00e9-lan\u00e7amento do \u00e1lbum &#8220;Diversa&#8221;<\/strong><\/a><\/span><\/p>\n<p style=\"text-align: left;\">\n<span style=\"color: #000000;\"> I Festival IMuNe &#8211; Instante da M\u00fasica Negra<\/span><br \/>\n<span style=\"color: #000000;\"> Data: 8\/03 (quinta-feira)\u00a0 \u00a0 \u00a0 \u00a0 \u00a0 \u00a0 \u00a0 \u00a0 \u00a0 \u00a0 \u00a0 \u00a0 \u00a0 \u00a0 \u00a0 \u00a0 \u00a0 \u00a0 \u00a0 \u00a0 \u00a0 \u00a0 \u00a0 \u00a0 \u00a0 \u00a0 \u00a0 \u00a0 \u00a0 \u00a0 \u00a0 \u00a0 \u00a0 \u00a0 \u00a0 \u00a0 \u00a0 \u00a0 \u00a0 \u00a0 \u00a0 \u00a0 \u00a0 \u00a0 \u00a0 \u00a0 \u00a0 \u00a0 \u00a0 \u00a0 \u00a0 \u00a0 \u00a0 \u00a0 \u00a0 \u00a0 \u00a0 \u00a0 \u00a0 \u00a0 \u00a0 \u00a0 \u00a0 \u00a0 \u00a0 \u00a0 \u00a0 \u00a0 \u00a0 \u00a0 \u00a0 \u00a0 \u00a0 \u00a0 \u00a0 \u00a0 \u00a0 \u00a0 \u00a0 \u00a0 \u00a0 \u00a0 \u00a0 Hora: 20h.<\/span><br \/>\n<span style=\"color: #000000;\"> Onde: Teatro de Bolso<\/span><br \/>\n<span style=\"color: #000000;\"> Quanto: a partir de R$ 8<\/span><\/p>\n<p style=\"text-align: left;\">\u00a0<\/p>\n<p style=\"text-align: left;\"><span style=\"color: #000000;\"> <a style=\"color: #000000;\" href=\"http:\/\/www.sescmg.com.br\/wps\/portal\/sescmg\/unidades\/unidades_cultura\/sesc_palladium\/pagina_inicial\/programacao\/!ut\/p\/a1\/pZBLD4IwEIR_kemWEuCKxZby0GiDYi-mMQGbyCOEePDXCxxNEBL3tsk3s7ODFMqRqvXLlLo3Ta2f466cm829XUglRECEAz6nWyaPFJ-IPQDXAeDALYzjARB7DwRjXsSIBEjIf3pw1-lhZnxY0kcrDlhdStMSqVb3j42piwblbdeUna70XTfogtRkMvdEYC0AY0tfMWIXD-HPQXiQLgGLLDiMPU3AjyLaKsvyd1JIYcQHATnW6A!!\/?urile=wcm:path:\/sescmg\/paginainicial\/centrais\/central_de_programacao\/programacao_aberta\/Cultura+-+Programacao\/O+Musical+da+Bossa+Nova?WCMRenderAbsoluteURLs\"><strong>O Musical da Bossa Nova<\/strong><\/a><\/span><\/p>\n<p style=\"text-align: left;\">\n<span style=\"color: #000000;\"> Quanto: 9\/03 (sexta-feira) e 10\/03 (s\u00e1bado)\u00a0 \u00a0 \u00a0 \u00a0 \u00a0 \u00a0 \u00a0 \u00a0 \u00a0 \u00a0 \u00a0 \u00a0 \u00a0 \u00a0 \u00a0 \u00a0 \u00a0 \u00a0 \u00a0 \u00a0 \u00a0 \u00a0 \u00a0 \u00a0 \u00a0 \u00a0 \u00a0 \u00a0 \u00a0 \u00a0 \u00a0 \u00a0 \u00a0 \u00a0 \u00a0 \u00a0 \u00a0 \u00a0 \u00a0 \u00a0 \u00a0 \u00a0 \u00a0 \u00a0 \u00a0 \u00a0 \u00a0 \u00a0 \u00a0 \u00a0 \u00a0 \u00a0 \u00a0 \u00a0 \u00a0 \u00a0 \u00a0 \u00a0 \u00a0 \u00a0 \u00a0 \u00a0 \u00a0 \u00a0 \u00a0 \u00a0 Hora: 09\/03 (sexta-feira), \u00e0s 20h30 | 10\/03 (s\u00e1bado), \u00e0s 17h e \u00e0s 20h30.<\/span><br \/>\n<span style=\"color: #000000;\"> Onde: Grande Teatro do Sesc Palladium<\/span><br \/>\n<span style=\"color: #000000;\"> Quanto: a partir de R$ 20<\/span><\/p>\n<p style=\"text-align: left;\">\u00a0<\/p>\n<p style=\"text-align: left;\"><span style=\"color: #000000;\"> <strong>Ateli\u00ea aberto Palavra Viva \u2013 programa Educativo<\/strong><\/span><\/p>\n<p style=\"text-align: left;\">\n<span style=\"color: #000000;\"> Visita guiada e a\u00e7\u00f5es educativas na exposi\u00e7\u00e3o Palavra Viva<\/span><br \/>\n<span style=\"color: #000000;\"> Data: 10\/3 (s\u00e1bado)\u00a0 \u00a0 \u00a0 \u00a0 \u00a0 \u00a0 \u00a0 \u00a0 \u00a0 \u00a0 \u00a0 \u00a0 \u00a0 \u00a0 \u00a0 \u00a0 \u00a0 \u00a0 \u00a0 \u00a0 \u00a0 \u00a0 \u00a0 \u00a0 \u00a0 \u00a0 \u00a0 \u00a0 \u00a0 \u00a0 \u00a0 \u00a0 \u00a0 \u00a0 \u00a0 \u00a0 \u00a0 \u00a0 \u00a0 \u00a0 \u00a0 \u00a0 \u00a0 \u00a0 \u00a0 \u00a0 \u00a0 \u00a0 \u00a0 \u00a0 \u00a0 \u00a0 \u00a0 \u00a0 \u00a0 \u00a0 \u00a0 \u00a0 \u00a0 \u00a0 \u00a0 \u00a0 \u00a0 \u00a0 \u00a0 \u00a0 \u00a0 \u00a0 \u00a0 \u00a0 \u00a0 \u00a0 \u00a0 \u00a0 \u00a0 \u00a0 \u00a0 \u00a0 \u00a0 \u00a0 \u00a0 \u00a0 \u00a0 \u00a0 \u00a0 \u00a0 \u00a0 \u00a0 Hora: \u00e0s 10h e \u00e0s 14h.<\/span><br \/>\n<span style=\"color: #000000;\"> Onde: Galeria de Arte GTO e foyers<\/span><br \/>\n<span style=\"color: #000000;\"> Quanto: Entrada gratuita<\/span><\/p>\n<p style=\"text-align: left;\">\u00a0<\/p>\n<p style=\"text-align: left;\"><span style=\"color: #000000;\"> <a style=\"color: #000000;\" href=\"http:\/\/www.sescmg.com.br\/wps\/portal\/sescmg\/unidades\/unidades_cultura\/sesc_palladium\/pagina_inicial\/programacao\/!ut\/p\/a1\/pZBLD4IwEIR_kemWEuCKxZby0GiDYi-mMQGbyCOEePDXCxxNEBL3tsk3s7ODFMqRqvXLlLo3Ta2f466cm829XUglRECEAz6nWyaPFJ-IPQDXAeDALYzjARB7DwRjXsSIBEjIf3pw1-lhZnxY0kcrDlhdStMSqVb3j42piwblbdeUna70XTfogtRkMvdEYC0AY0tfMWIXD-HPQXiQLgGLLDiMPU3AjyLaKsvyd1JIYcQHATnW6A!!\/?urile=wcm:path:\/sescmg\/paginainicial\/centrais\/central_de_programacao\/programacao_aberta\/Cultura+-+Programacao\/I+Festival+IMuNe+Instante+da+Musica+Negra+Guilherme+Ventura+e+Maira+Baldaia+participacao+especial+Azulla?WCMRenderAbsoluteURLs\"><strong>Show de Guilherme Ventura e Ma\u00edra Baldaia, participa\u00e7\u00e3o especial Azulla<\/strong><\/a><\/span><\/p>\n<p style=\"text-align: left;\">\n<span style=\"color: #000000;\"> I Festival IMuNe &#8211; Instante da M\u00fasica Negra<\/span><\/p>\n<p style=\"text-align: left;\"><span style=\"color: #000000;\">Quando: 14\/03 &#8211; (quarta-feira)\u00a0 \u00a0 \u00a0 \u00a0 \u00a0 \u00a0 \u00a0 \u00a0 \u00a0 \u00a0 \u00a0 \u00a0 \u00a0 \u00a0 \u00a0 \u00a0 \u00a0 \u00a0 \u00a0 \u00a0 \u00a0 \u00a0 \u00a0 \u00a0 \u00a0 \u00a0 \u00a0 \u00a0 \u00a0 \u00a0 \u00a0 \u00a0 \u00a0 \u00a0 \u00a0 \u00a0 \u00a0 \u00a0 \u00a0 \u00a0 \u00a0 \u00a0 \u00a0 \u00a0 \u00a0 \u00a0 \u00a0 \u00a0 \u00a0 \u00a0 \u00a0 \u00a0 \u00a0 \u00a0 \u00a0 \u00a0 \u00a0 \u00a0 \u00a0 \u00a0 \u00a0 \u00a0 \u00a0 \u00a0 \u00a0 \u00a0 \u00a0 \u00a0 \u00a0 \u00a0 \u00a0 \u00a0 \u00a0 \u00a0 \u00a0 \u00a0 \u00a0 \u00a0 Hora: 20h.<\/span><br \/>\n<span style=\"color: #000000;\"> Onde: Teatro de Bolso<\/span><br \/>\n<span style=\"color: #000000;\"> Quanto: a partir de R$ 8.<\/span><\/p>\n<p style=\"text-align: left;\">\u00a0<\/p>\n<p style=\"text-align: left;\"><span style=\"color: #000000;\"> <a style=\"color: #000000;\" href=\"http:\/\/www.sescmg.com.br\/wps\/portal\/sescmg\/unidades\/unidades_cultura\/sesc_palladium\/pagina_inicial\/programacao\/!ut\/p\/a1\/pZBLD4IwEIR_kemWEuCKxZby0GiDYi-mMQGbyCOEePDXCxxNEBL3tsk3s7ODFMqRqvXLlLo3Ta2f466cm829XUglRECEAz6nWyaPFJ-IPQDXAeDALYzjARB7DwRjXsSIBEjIf3pw1-lhZnxY0kcrDlhdStMSqVb3j42piwblbdeUna70XTfogtRkMvdEYC0AY0tfMWIXD-HPQXiQLgGLLDiMPU3AjyLaKsvyd1JIYcQHATnW6A!!\/?urile=wcm:path:\/sescmg\/paginainicial\/centrais\/central_de_programacao\/programacao_aberta\/Cultura+-+Programacao\/Monica+Salmaso+Show+de+Lancamento+cd+Caipira?WCMRenderAbsoluteURLs\"><strong>M\u00f4nica Salmaso &#8211; show de lan\u00e7amento do cd \u201cCaipira\u201d<\/strong><\/a><\/span><\/p>\n<p style=\"text-align: left;\">\n<span style=\"color: #000000;\">Quando: 15\/03 (quinta-feira)\u00a0 \u00a0 \u00a0 \u00a0 \u00a0 \u00a0 \u00a0 \u00a0 \u00a0 \u00a0 \u00a0 \u00a0 \u00a0 \u00a0 \u00a0 \u00a0 \u00a0 \u00a0 \u00a0 \u00a0 \u00a0 \u00a0 \u00a0 \u00a0 \u00a0 \u00a0 \u00a0 \u00a0 \u00a0 \u00a0 \u00a0 \u00a0 \u00a0 \u00a0 \u00a0 \u00a0 \u00a0 \u00a0 \u00a0 \u00a0 \u00a0 \u00a0 \u00a0 \u00a0 \u00a0 \u00a0 \u00a0 \u00a0 \u00a0 \u00a0 \u00a0 \u00a0 \u00a0 \u00a0 \u00a0 \u00a0 \u00a0 \u00a0 \u00a0 \u00a0 \u00a0 \u00a0 \u00a0 \u00a0 \u00a0 \u00a0 \u00a0 \u00a0 \u00a0 \u00a0 \u00a0 \u00a0 \u00a0 \u00a0 \u00a0 \u00a0 \u00a0 \u00a0 Hora: 21h.<\/span><br \/>\n<span style=\"color: #000000;\"> Onde: Grande Teatro do Sesc Palladium<\/span><br \/>\n<span style=\"color: #000000;\"> Quanto: a partir de R$ 16.<\/span><\/p>\n<p style=\"text-align: left;\">\u00a0<\/p>\n<p style=\"text-align: left;\"><span style=\"color: #000000;\"> <strong>Pereira da Viola &#8211; show de Lan\u00e7amento cd &#8220;Novos Caminhos&#8221;<\/strong><\/span><\/p>\n<p style=\"text-align: left;\">\n<span style=\"color: #000000;\">Quando: 21\/03 (quarta-feira)\u00a0 \u00a0 \u00a0 \u00a0 \u00a0 \u00a0 \u00a0 \u00a0 \u00a0 \u00a0 \u00a0 \u00a0 \u00a0 \u00a0 \u00a0 \u00a0 \u00a0 \u00a0 \u00a0 \u00a0 \u00a0 \u00a0 \u00a0 \u00a0 \u00a0 \u00a0 \u00a0 \u00a0 \u00a0 \u00a0 \u00a0 \u00a0 \u00a0 \u00a0 \u00a0 \u00a0 \u00a0 \u00a0 \u00a0 \u00a0 \u00a0 \u00a0 \u00a0 \u00a0 \u00a0 \u00a0 \u00a0 \u00a0 \u00a0 \u00a0 \u00a0 \u00a0 \u00a0 \u00a0 \u00a0 \u00a0 \u00a0 \u00a0 \u00a0 \u00a0 \u00a0 \u00a0 \u00a0 \u00a0 \u00a0 \u00a0 \u00a0 \u00a0 \u00a0 \u00a0 \u00a0 \u00a0 \u00a0 \u00a0 \u00a0 \u00a0Hora: 20h.<\/span><br \/>\n<span style=\"color: #000000;\"> Onde: Grande Teatro do Sesc Palladium<\/span><br \/>\n<span style=\"color: #000000;\"> Quanto: a partir de R$ 12.<\/span><\/p>\n<p style=\"text-align: left;\">\u00a0<\/p>\n<p style=\"text-align: left;\"><span style=\"color: #000000;\"> <a style=\"color: #000000;\" href=\"http:\/\/www.sescmg.com.br\/wps\/portal\/sescmg\/centrais\/central_de_programacao\/programacao_aberta\/cultura%20-%20programacao\/i%20festival%20imune%20instante%20da%20musica%20negra%20natalia%20avelar%20rodrigo%20negao%20participacao%20raphael%20sales\/!ut\/p\/a1\/3ZPNkppAFIVfpbOYJdUXUDFLwyjoaBIxOsKGukCLnTQN07RWap4-jZlUfspRs8gmrOi653Qdzv2gCd3SROKRl6h5LVF052SQOgEEYeDDbOhshjDdhOHHIPBcWIIRxEZg5o5tP8AMpu-NYDIZzibuCmDunvy9YDgO_ZUZu9MBjAL_3WS19O3I7V3xg3ebH155RnDN_0gTmjz6i4jJgqlR1tbioNk6mrfdIJe60Xsat6zNq_IOGiy5RC55zlHcQc6kVsjbH28iLVjaqLpUWGGOtTH8PKSYMaXRaA9CHxQSi_wm5WTHWs2PKAivDpIRLluNUjNSIKkOLc-RSGb0RKJGwZHgkQlURNWF4mXdDbEmDSpt4jXdpURhs0cmSIuCnT6oyXlBY9cpIId-YYFnF1bPscHKEMBy3GwI3o7Z2Vt8afZCdVfImN2wOkct_EVpYqHeW1zuarr9pZPvy7mAx71zRdDx90eMB882WGzuww8rk9Nxr9zQEXgSXEAsNk15r1Yx6NHVC2Tpcj2OjPo8b_FfLmh2w7_JPz89JSMDcm1A-qrp9v8g-Tw6Z-PQ7b-P01Tr9fpL9ryb98WxGUfh86ewShe6H4_efAOZgdbB\/dl5\/d5\/L2dBISEvZ0FBIS9nQSEh\/?WCMRenderAbsoluteURLs\"><strong>Show Nat\u00e1lia Avelar, Rodrigo Neg\u00e3o, participa\u00e7\u00e3o de Raphael Sales<\/strong><\/a><\/span><\/p>\n<p style=\"text-align: left;\">\n<span style=\"color: #000000;\"> I Festival IMuNe &#8211; Instante da M\u00fasica Negra<\/span><br \/>\n<span style=\"color: #000000;\"> Quando: 21\/03 (quarta-feira)\u00a0 \u00a0 \u00a0 \u00a0 \u00a0 \u00a0 \u00a0 \u00a0 \u00a0 \u00a0 \u00a0 \u00a0 \u00a0 \u00a0 \u00a0 \u00a0 \u00a0 \u00a0 \u00a0 \u00a0 \u00a0 \u00a0 \u00a0 \u00a0 \u00a0 \u00a0 \u00a0 \u00a0 \u00a0 \u00a0 \u00a0 \u00a0 \u00a0 \u00a0 \u00a0 \u00a0 \u00a0 \u00a0 \u00a0 \u00a0 \u00a0 \u00a0 \u00a0 \u00a0 \u00a0 \u00a0 \u00a0 \u00a0 \u00a0 \u00a0 \u00a0 \u00a0 \u00a0 \u00a0 \u00a0 \u00a0 \u00a0 \u00a0 \u00a0 \u00a0 \u00a0 \u00a0 \u00a0 \u00a0 \u00a0 \u00a0 \u00a0 \u00a0 \u00a0 \u00a0 \u00a0 \u00a0 \u00a0 \u00a0 \u00a0 \u00a0 \u00a0 \u00a0 \u00a0 \u00a0Hora: 20h.<\/span><br \/>\n<span style=\"color: #000000;\"> Onde: Teatro de Bolso<\/span><br \/>\n<span style=\"color: #000000;\"> Quanto: a partir de R$ 8.<\/span><\/p>\n<p style=\"text-align: left;\">\u00a0<\/p>\n<p style=\"text-align: left;\"><span style=\"color: #000000;\"> <a style=\"color: #000000;\" href=\"http:\/\/www.sescmg.com.br\/wps\/portal\/sescmg\/centrais\/central_de_programacao\/programacao_aberta\/cultura%20-%20programacao\/show%20chico%20cesar%20i%20festival%20imune\/!ut\/p\/a1\/zVNNc5swFPwr5JAjI5kPQ46U2GBitzUUx3BhHrLASkEQkJ1Ofn1Fmk4_xjHOLZykebtvVrsLStEWpRyOrATBGg7VcE-nmeZhz_dcHNjaxsaLje9_9TxLx2ssAYkEyLk2mdzhAC8-S8B8bgdzPcJ4qb_wDc-e-W4kx_piih3P_TSP1u4k1I0RPrYu4-M3PgeP8e9RitJ7dxVSvqOdk_dNdRA0Dpf9MCBctGKPkp72pC6vcQsl48A4Iwyqa0woFx2w_vepynY0a7um7KAGAo0k_LlkkNNOgMQeKnHoQFGVf6D9vnlSyJ6RRiG0h05hSkF7wY5QKaw-cDoIagnboQSDbVCTmGqBNU01pkRTbdvGamGZkNs3cKPnxaszZ54-kmxwgfVat3JXpZQFYq8yXjRo-9ebfpl7Jt5bbQQw9Oc_GXfWRMa6ufW_RFKnpo9sGBr0AjhTkUQ6Zb1pxdRA0WtJsnU8CyX6dF-SdwYUXPBvsYfHx9SRRWy4oD8E2n6MJp6O_uQ6KXl0XVvHcfw9fy6WZnVsZ6H__M2vs5UwE-fqJ2i3q_g!\/dl5\/d5\/L2dBISEvZ0FBIS9nQSEh\/?WCMRenderAbsoluteURLs\"><strong>Show Chico C\u00e9sar<\/strong><\/a><\/span><\/p>\n<p style=\"text-align: left;\">\n<span style=\"color: #000000;\"> I Festival IMuNe &#8211; Instante da M\u00fasica Negra<\/span><br \/>\n<span style=\"color: #000000;\"> Quando: 29\/03 (quinta-feira)\u00a0 \u00a0 \u00a0 \u00a0 \u00a0 \u00a0 \u00a0 \u00a0 \u00a0 \u00a0 \u00a0 \u00a0 \u00a0 \u00a0 \u00a0 \u00a0 \u00a0 \u00a0 \u00a0 \u00a0 \u00a0 \u00a0 \u00a0 \u00a0 \u00a0 \u00a0 \u00a0 \u00a0 \u00a0 \u00a0 \u00a0 \u00a0 \u00a0 \u00a0 \u00a0 \u00a0 \u00a0 \u00a0 \u00a0 \u00a0 \u00a0 \u00a0 \u00a0 \u00a0 \u00a0 \u00a0 \u00a0 \u00a0 \u00a0 \u00a0 \u00a0 \u00a0 \u00a0 \u00a0 \u00a0 \u00a0 \u00a0 \u00a0 \u00a0 \u00a0 \u00a0 \u00a0 \u00a0 \u00a0 \u00a0 \u00a0 \u00a0 \u00a0 \u00a0 \u00a0 \u00a0 \u00a0 \u00a0 \u00a0 \u00a0 \u00a0 \u00a0 \u00a0 Hora: 20h.<\/span><br \/>\n<span style=\"color: #000000;\"> Onde: Grande Teatro do Sesc Palladium<\/span><br \/>\n<span style=\"color: #000000;\"> Quanto: a partir de R$ 12.<\/span><\/p>\n","protected":false},"excerpt":{"rendered":"<p>O Sesc Palladium, reconhecido como um dos mais importantes centros culturais de Minas Gerais, em Belo Horizonte, promover\u00e1 a L\u00edngua Portuguesa como eixo tem\u00e1tico de diversas atividades entre os meses de fevereiro a julho. \u00a0O objetivo \u00e9 aprofundar a abordagem sobre os assuntos em pauta, oferecendo ao p\u00fablico um recorte mais amplo e uma programa\u00e7\u00e3o [&hellip;]<\/p>\n","protected":false},"author":22,"featured_media":13642,"comment_status":"open","ping_status":"closed","sticky":false,"template":"","format":"standard","meta":{"jetpack_post_was_ever_published":false,"_jetpack_newsletter_access":"","_jetpack_dont_email_post_to_subs":true,"_jetpack_newsletter_tier_id":0,"_jetpack_memberships_contains_paywalled_content":false,"_jetpack_memberships_contains_paid_content":false,"footnotes":"","jetpack_publicize_message":"","jetpack_publicize_feature_enabled":true,"jetpack_social_post_already_shared":true,"jetpack_social_options":{"image_generator_settings":{"template":"highway","enabled":false},"version":2}},"categories":[14,34],"tags":[3277,248],"class_list":["post-13641","post","type-post","status-publish","format-standard","has-post-thumbnail","hentry","category-dicas","category-diversao","tag-lingua-portuguesa","tag-sesc-palladium"],"jetpack_publicize_connections":[],"jetpack_featured_media_url":"https:\/\/culturalizabh.com.br\/wp-content\/uploads\/2018\/02\/sergioperere-creditopedrofurtado_aberta.jpg","jetpack_sharing_enabled":true,"jetpack_shortlink":"https:\/\/wp.me\/p864jz-3y1","_links":{"self":[{"href":"https:\/\/culturalizabh.com.br\/index.php\/wp-json\/wp\/v2\/posts\/13641","targetHints":{"allow":["GET"]}}],"collection":[{"href":"https:\/\/culturalizabh.com.br\/index.php\/wp-json\/wp\/v2\/posts"}],"about":[{"href":"https:\/\/culturalizabh.com.br\/index.php\/wp-json\/wp\/v2\/types\/post"}],"author":[{"embeddable":true,"href":"https:\/\/culturalizabh.com.br\/index.php\/wp-json\/wp\/v2\/users\/22"}],"replies":[{"embeddable":true,"href":"https:\/\/culturalizabh.com.br\/index.php\/wp-json\/wp\/v2\/comments?post=13641"}],"version-history":[{"count":8,"href":"https:\/\/culturalizabh.com.br\/index.php\/wp-json\/wp\/v2\/posts\/13641\/revisions"}],"predecessor-version":[{"id":13663,"href":"https:\/\/culturalizabh.com.br\/index.php\/wp-json\/wp\/v2\/posts\/13641\/revisions\/13663"}],"wp:featuredmedia":[{"embeddable":true,"href":"https:\/\/culturalizabh.com.br\/index.php\/wp-json\/wp\/v2\/media\/13642"}],"wp:attachment":[{"href":"https:\/\/culturalizabh.com.br\/index.php\/wp-json\/wp\/v2\/media?parent=13641"}],"wp:term":[{"taxonomy":"category","embeddable":true,"href":"https:\/\/culturalizabh.com.br\/index.php\/wp-json\/wp\/v2\/categories?post=13641"},{"taxonomy":"post_tag","embeddable":true,"href":"https:\/\/culturalizabh.com.br\/index.php\/wp-json\/wp\/v2\/tags?post=13641"}],"curies":[{"name":"wp","href":"https:\/\/api.w.org\/{rel}","templated":true}]}}