{"id":1158,"date":"2017-02-02T17:13:13","date_gmt":"2017-02-02T19:13:13","guid":{"rendered":"http:\/\/culturalizabh.com.br\/?p=1158"},"modified":"2017-02-09T11:47:53","modified_gmt":"2017-02-09T13:47:53","slug":"cinema-o-chamado-3","status":"publish","type":"post","link":"https:\/\/culturalizabh.com.br\/index.php\/2017\/02\/02\/cinema-o-chamado-3\/","title":{"rendered":"Cinema: O Chamado 3"},"content":{"rendered":"<p style=\"text-align: left;\"><span style=\"color: #000000;\">O terceiro filme da famosa s\u00e9rie &#8220;O Chamado&#8221; tem o esperado retorno de Samara, a estranha garota que inventou uma maldi\u00e7\u00e3o que assombra a vida de todos que assistem o v\u00eddeo, ap\u00f3s sete dias.<\/span><\/p>\n<p style=\"text-align: left;\">\u00a0<\/p>\n<p style=\"text-align: left;\"><iframe loading=\"lazy\" src=\"https:\/\/www.youtube.com\/embed\/X1Z7qSv64BM\" width=\"560\" height=\"315\" frameborder=\"0\" allowfullscreen=\"allowfullscreen\"><\/iframe><\/p>\n<p style=\"text-align: left;\">\u00a0<\/p>\n<p style=\"text-align: left;\"><span style=\"color: #000000;\"><strong>T\u00edtulo Original:\u00a0<\/strong>Rings<\/span><\/p>\n<p style=\"text-align: left;\"><span style=\"color: #000000;\"><strong>G\u00eanero:<\/strong> Terror<\/span><\/p>\n<p style=\"text-align: left;\"><span style=\"color: #000000;\"><strong>Dura\u00e7\u00e3o:<\/strong>\u00a0102 min<\/span><\/p>\n<p style=\"text-align: left;\"><span style=\"color: #000000;\"><strong>Classifica\u00e7\u00e3o: <\/strong>12 anos<\/span><\/p>\n<p style=\"text-align: left;\"><span style=\"color: #000000;\"><strong>Pa\u00eds: <\/strong>EUA<strong><br \/>\n <\/strong><\/span><\/p>\n<p style=\"text-align: left;\"><span style=\"color: #000000;\"><strong>Diretor:<\/strong> F. Javier Guti\u00e9rrez<\/span><\/p>\n<p style=\"text-align: left;\"><span style=\"color: #000000;\"><strong>Data de estreia:<\/strong> 02\/02\/2017<\/span><\/p>\n<p style=\"text-align: left;\"><span style=\"color: #000000;\"><strong>*Salas: <\/strong>Betim &#8211; Cineart | BH Shopping &#8211; Cinemark | Big Shopping &#8211; Cinesercla | Boulevard Shopping &#8211; Cineart | Cidade &#8211; Cineart | Contagem &#8211; Cineart | Del Rey &#8211; Cineart | Diamond Mall &#8211; Cinemark | Esta\u00e7\u00e3o BH &#8211; Cin\u00e9polis | Ita\u00fa Power Shopping &#8211; Cineart | Norte &#8211; Cinesercla | Pampulha Mall &#8211; Cine TJ | Partage Shopping Betim &#8211; Cinemark | P\u00e1tio Savassi &#8211; Cinemark<\/span><\/p>\n<p style=\"text-align: left;\">\u00a0<\/p>\n<p style=\"text-align: left;\"><span style=\"color: #000000;\"><strong>*As salas podem sofrer altera\u00e7\u00f5es, de acordo com a data que a postagem for acessada<\/strong><\/span><\/p>\n","protected":false},"excerpt":{"rendered":"<p>O terceiro filme da famosa s\u00e9rie &#8220;O Chamado&#8221; tem o esperado retorno de Samara, a estranha garota que inventou uma maldi\u00e7\u00e3o que assombra a vida de todos que assistem o v\u00eddeo, ap\u00f3s sete dias. \u00a0 \u00a0 T\u00edtulo Original:\u00a0Rings G\u00eanero: Terror Dura\u00e7\u00e3o:\u00a0102 min Classifica\u00e7\u00e3o: 12 anos Pa\u00eds: EUA Diretor: F. Javier Guti\u00e9rrez Data de estreia: 02\/02\/2017 [&hellip;]<\/p>\n","protected":false},"author":1,"featured_media":1159,"comment_status":"open","ping_status":"closed","sticky":false,"template":"","format":"standard","meta":{"jetpack_post_was_ever_published":false,"_jetpack_newsletter_access":"","_jetpack_dont_email_post_to_subs":true,"_jetpack_newsletter_tier_id":0,"_jetpack_memberships_contains_paywalled_content":false,"_jetpack_memberships_contains_paid_content":false,"footnotes":"","jetpack_publicize_message":"","jetpack_publicize_feature_enabled":true,"jetpack_social_post_already_shared":true,"jetpack_social_options":{"image_generator_settings":{"template":"highway","enabled":false},"version":2}},"categories":[4,14,34,396],"tags":[85,295,296],"class_list":["post-1158","post","type-post","status-publish","format-standard","has-post-thumbnail","hentry","category-cinema","category-dicas","category-diversao","category-em-cartaz","tag-cinema","tag-o-chamado-3","tag-terror"],"jetpack_publicize_connections":[],"jetpack_featured_media_url":"https:\/\/culturalizabh.com.br\/wp-content\/uploads\/2017\/02\/the-ring-3.jpg","jetpack_sharing_enabled":true,"jetpack_shortlink":"https:\/\/wp.me\/p864jz-iG","_links":{"self":[{"href":"https:\/\/culturalizabh.com.br\/index.php\/wp-json\/wp\/v2\/posts\/1158","targetHints":{"allow":["GET"]}}],"collection":[{"href":"https:\/\/culturalizabh.com.br\/index.php\/wp-json\/wp\/v2\/posts"}],"about":[{"href":"https:\/\/culturalizabh.com.br\/index.php\/wp-json\/wp\/v2\/types\/post"}],"author":[{"embeddable":true,"href":"https:\/\/culturalizabh.com.br\/index.php\/wp-json\/wp\/v2\/users\/1"}],"replies":[{"embeddable":true,"href":"https:\/\/culturalizabh.com.br\/index.php\/wp-json\/wp\/v2\/comments?post=1158"}],"version-history":[{"count":1,"href":"https:\/\/culturalizabh.com.br\/index.php\/wp-json\/wp\/v2\/posts\/1158\/revisions"}],"predecessor-version":[{"id":1160,"href":"https:\/\/culturalizabh.com.br\/index.php\/wp-json\/wp\/v2\/posts\/1158\/revisions\/1160"}],"wp:featuredmedia":[{"embeddable":true,"href":"https:\/\/culturalizabh.com.br\/index.php\/wp-json\/wp\/v2\/media\/1159"}],"wp:attachment":[{"href":"https:\/\/culturalizabh.com.br\/index.php\/wp-json\/wp\/v2\/media?parent=1158"}],"wp:term":[{"taxonomy":"category","embeddable":true,"href":"https:\/\/culturalizabh.com.br\/index.php\/wp-json\/wp\/v2\/categories?post=1158"},{"taxonomy":"post_tag","embeddable":true,"href":"https:\/\/culturalizabh.com.br\/index.php\/wp-json\/wp\/v2\/tags?post=1158"}],"curies":[{"name":"wp","href":"https:\/\/api.w.org\/{rel}","templated":true}]}}